{"id":183678,"date":"2024-01-24T16:58:53","date_gmt":"2024-01-24T13:58:53","guid":{"rendered":"https:\/\/www.enerjigazetesi.ist\/?p=183678"},"modified":"2024-01-24T16:59:25","modified_gmt":"2024-01-24T13:59:25","slug":"opel-in-tamamen-elektrikli-yeni-suv-modelinin-ismi-frontera-olacak","status":"publish","type":"post","link":"https:\/\/www.enerjigazetesi.ist\/en\/opel-in-tamamen-elektrikli-yeni-suv-modelinin-ismi-frontera-olacak\/","title":{"rendered":"(Turkish) Opel\u2019in Tamamen Elektrikli Yeni SUV Modelinin \u0130smi &#8220;Frontera&#8221; Olacak"},"content":{"rendered":"<p class=\"qtranxs-available-languages-message qtranxs-available-languages-message-en\">Sorry, this entry is only available in <a href=\"https:\/\/www.enerjigazetesi.ist\/tr\/wp-json\/wp\/v2\/posts\/183678\" class=\"qtranxs-available-language-link qtranxs-available-language-link-tr\" title=\"Turkish\">Turkish<\/a>. For the sake of viewer convenience, the content is shown below in the alternative language. You may click the link to switch the active language.<\/p><p><\/p>\n<h2><strong>Birbirinden iddial\u0131 modelleriyle gelece\u011fin teknolojisini bug\u00fcne ta\u015f\u0131yan Opel, d\u00f6neminin efsane model isimlerinden \u201cFrontera\u201dn\u0131n 2024 y\u0131l\u0131 i\u00e7erisinde yeniden yollara d\u00f6nece\u011fini duyurdu. Yeni Frontera, Opel&#8217;in cesur ve yal\u0131n tasar\u0131m felsefesinin yeni ve sa\u011flam bir yorumu olarak \u00f6ne \u00e7\u0131karken, Alman markan\u0131n yeni \u201c\u015eim\u015fek Logosu\u201dnu ta\u015f\u0131yan ilk seri \u00fcretim otomobili olacak. Yeni Frontera, Opel\u2019in tam elektrikli bir marka olma yolunda ilerleyi\u015finin \u00f6nemli bir kilometre ta\u015f\u0131 olarak en ba\u015f\u0131ndan itibaren elektrikli bir ara\u00e7 olarak sat\u0131\u015fa sunulacak.<\/strong> <strong>B\u00f6ylelikle Opel, her ara\u00e7 segmentinde en az bir elektrikli model sunabilme hedefine bir ad\u0131m daha yakla\u015facak.<\/strong><\/h2>\n<p style=\"text-align: center;\"><img loading=\"lazy\" class=\"aligncenter wp-image-183681\" src=\"https:\/\/www.enerjigazetesi.ist\/wp-content\/uploads\/2024\/01\/opel-in-tamamen-elektrikli-yeni-suv-modelinin-ismi-frontera-olacak-1.jpg\" alt=\"\" width=\"500\" height=\"281\" srcset=\"https:\/\/www.enerjigazetesi.ist\/wp-content\/uploads\/2024\/01\/opel-in-tamamen-elektrikli-yeni-suv-modelinin-ismi-frontera-olacak-1.jpg 550w, https:\/\/www.enerjigazetesi.ist\/wp-content\/uploads\/2024\/01\/opel-in-tamamen-elektrikli-yeni-suv-modelinin-ismi-frontera-olacak-1-300x169.jpg 300w, https:\/\/www.enerjigazetesi.ist\/wp-content\/uploads\/2024\/01\/opel-in-tamamen-elektrikli-yeni-suv-modelinin-ismi-frontera-olacak-1-500x281.jpg 500w, https:\/\/www.enerjigazetesi.ist\/wp-content\/uploads\/2024\/01\/opel-in-tamamen-elektrikli-yeni-suv-modelinin-ismi-frontera-olacak-1-80x45.jpg 80w\" sizes=\"(max-width: 500px) 100vw, 500px\" \/><\/p>\n<p>Tarihi boyunca birbirinden iddial\u0131 modelleri ile her daim \u00f6nc\u00fc olmay\u0131 ba\u015faran Opel, ge\u00e7mi\u015fte b\u00fcy\u00fck bir kullan\u0131c\u0131 kitlesine eri\u015fen ve \u00e7ok sevilen \u201cFrontera\u201d \u00a0isimli modelinin 2024 y\u0131l\u0131nda geri d\u00f6nece\u011fini resmen duyurdu. Bu efsane isim, yepyeni bir SUV g\u00f6vdesi ile yeniden hayat bulacak. Bu y\u0131l\u0131n sonlar\u0131na do\u011fru piyasaya sunulmas\u0131 planlanan yeni Frontera, ak\u0131ll\u0131 fonksiyonel \u00f6zelliklere sahip e\u011flenceli bir model olarak otomobil severlerin kar\u015f\u0131s\u0131na \u00e7\u0131kacak. Frontera, ayn\u0131 zamanda Opel&#8217;in cesur ve yal\u0131n tasar\u0131m felsefesinin yeni ve sa\u011flam bir yorumunu sergilerken, Alman markan\u0131n yeni \u201c\u015eim\u015fek Logosu\u201dnu ta\u015f\u0131yan ilk seri \u00fcretim otomobili olacak. Yeni Frontera, en ba\u015f\u0131ndan itibaren elektrikli bir ara\u00e7 olarak sat\u0131\u015fa sunulacak. Yeni Opel Frontera ile ilgili de\u011ferlendirmede bulunan<strong> Opel CEO&#8217;su Florian Huettl<\/strong>, <em>&#8220;Frontera\u2019 ismi, heyecan verici yeni SUV modelimize \u00e7ok uygun. \u00d6zg\u00fcvenli karakteri ile pazar\u0131n tam merkezinde yer alacak&#8221;<\/em> dedi.<\/p>\n<h3><strong>\u00c7ok Y\u00f6nl\u00fc ve Tamamen Elektrikli Bir Aile Arac\u0131<\/strong><\/h3>\n<p>Yeni Opel Frontera, y\u00fcksek seviyede ya\u015fam alan\u0131 ve \u00e7ok y\u00f6nl\u00fcl\u00fck sunarak hem aktif bir ya\u015fam tarz\u0131na sahip m\u00fc\u015fterilere hem de ailelere hitap edecek. Ayr\u0131ca cazip fiyatlar\u0131yla \u00f6ne \u00e7\u0131kacak olan yeni SUV model, Opel&#8217;in geni\u015f m\u00fc\u015fteri yelpazesine eri\u015filebilir mobilite olana\u011f\u0131 sunma gelene\u011fini de s\u00fcrd\u00fcrecek. Yeni Frontera&#8217;n\u0131n elektrikli versiyonunun geli\u015fi, yine bu y\u0131l yollara \u00e7\u0131kmas\u0131 planlanan yeni nesil Grandland&#8217;in elektrikli versiyonunun pazara sunulmas\u0131yla birlikte, Opel\u2019in tam elektrikli bir marka olma yolunda ilerleyi\u015finin \u00f6nemli bir kilometre ta\u015f\u0131 olacak. Opel b\u00f6ylece her ara\u00e7 segmentinde en az bir elektrikli model sunacak. Opel, \u00f6n\u00fcm\u00fczdeki g\u00fcnlerde yeni Frontera&#8217;n\u0131n ilk g\u00f6rsellerini ve yeni model hakk\u0131nda daha detayl\u0131 bilgileri payla\u015fmaya devam edecek.<\/p>","protected":false},"excerpt":{"rendered":"<p>Sorry, this entry is only available in Turkish. For the sake of viewer convenience, the content is shown below in the alternative language. You may click the link to switch the active language. Birbirinden iddial\u0131 modelleriyle gelece\u011fin teknolojisini bug\u00fcne ta\u015f\u0131yan Opel, d\u00f6neminin efsane model isimlerinden \u201cFrontera\u201dn\u0131n 2024 y\u0131l\u0131 i\u00e7erisinde yeniden yollara d\u00f6nece\u011fini duyurdu. Yeni Frontera, [&hellip;]<\/p>\n","protected":false},"author":1,"featured_media":183680,"comment_status":"open","ping_status":"open","sticky":false,"template":"","format":"standard","meta":[],"categories":[51,53],"tags":[215,1270,40120,30488,112194],"views":31,"_links":{"self":[{"href":"https:\/\/www.enerjigazetesi.ist\/en\/wp-json\/wp\/v2\/posts\/183678"}],"collection":[{"href":"https:\/\/www.enerjigazetesi.ist\/en\/wp-json\/wp\/v2\/posts"}],"about":[{"href":"https:\/\/www.enerjigazetesi.ist\/en\/wp-json\/wp\/v2\/types\/post"}],"author":[{"embeddable":true,"href":"https:\/\/www.enerjigazetesi.ist\/en\/wp-json\/wp\/v2\/users\/1"}],"replies":[{"embeddable":true,"href":"https:\/\/www.enerjigazetesi.ist\/en\/wp-json\/wp\/v2\/comments?post=183678"}],"version-history":[{"count":0,"href":"https:\/\/www.enerjigazetesi.ist\/en\/wp-json\/wp\/v2\/posts\/183678\/revisions"}],"wp:featuredmedia":[{"embeddable":true,"href":"https:\/\/www.enerjigazetesi.ist\/en\/wp-json\/wp\/v2\/media\/183680"}],"wp:attachment":[{"href":"https:\/\/www.enerjigazetesi.ist\/en\/wp-json\/wp\/v2\/media?parent=183678"}],"wp:term":[{"taxonomy":"category","embeddable":true,"href":"https:\/\/www.enerjigazetesi.ist\/en\/wp-json\/wp\/v2\/categories?post=183678"},{"taxonomy":"post_tag","embeddable":true,"href":"https:\/\/www.enerjigazetesi.ist\/en\/wp-json\/wp\/v2\/tags?post=183678"}],"curies":[{"name":"wp","href":"https:\/\/api.w.org\/{rel}","templated":true}]}}