{"id":183659,"date":"2024-01-24T15:53:20","date_gmt":"2024-01-24T12:53:20","guid":{"rendered":"https:\/\/www.enerjigazetesi.ist\/?p=183659"},"modified":"2024-01-24T15:53:41","modified_gmt":"2024-01-24T12:53:41","slug":"sedas-bolu-da-18-yatirim-projesi-hayata-gecirecek","status":"publish","type":"post","link":"https:\/\/www.enerjigazetesi.ist\/en\/sedas-bolu-da-18-yatirim-projesi-hayata-gecirecek\/","title":{"rendered":"(Turkish) &#8217;SEDA\u015e&#8217; Bolu\u2019da 18 Yat\u0131r\u0131m Projesi Hayata Ge\u00e7irecek"},"content":{"rendered":"<p class=\"qtranxs-available-languages-message qtranxs-available-languages-message-en\">Sorry, this entry is only available in <a href=\"https:\/\/www.enerjigazetesi.ist\/tr\/wp-json\/wp\/v2\/posts\/183659\" class=\"qtranxs-available-language-link qtranxs-available-language-link-tr\" title=\"Turkish\">Turkish<\/a>. For the sake of viewer convenience, the content is shown below in the alternative language. You may click the link to switch the active language.<\/p><p><\/p>\n<h2>Sakarya Elektrik Da\u011f\u0131t\u0131m A\u015e (SEDA\u015e), yat\u0131r\u0131m \u00e7al\u0131\u015fmalar\u0131na devam ediyor.<\/h2>\n<p style=\"text-align: center;\"><img loading=\"lazy\" class=\"aligncenter wp-image-183661\" src=\"https:\/\/www.enerjigazetesi.ist\/wp-content\/uploads\/2024\/01\/sedas-bolu-da-18-yatirim-projesi-hayata-gecirecek.jpg\" alt=\"\" width=\"500\" height=\"333\" srcset=\"https:\/\/www.enerjigazetesi.ist\/wp-content\/uploads\/2024\/01\/sedas-bolu-da-18-yatirim-projesi-hayata-gecirecek.jpg 550w, https:\/\/www.enerjigazetesi.ist\/wp-content\/uploads\/2024\/01\/sedas-bolu-da-18-yatirim-projesi-hayata-gecirecek-300x200.jpg 300w, https:\/\/www.enerjigazetesi.ist\/wp-content\/uploads\/2024\/01\/sedas-bolu-da-18-yatirim-projesi-hayata-gecirecek-500x333.jpg 500w, https:\/\/www.enerjigazetesi.ist\/wp-content\/uploads\/2024\/01\/sedas-bolu-da-18-yatirim-projesi-hayata-gecirecek-75x50.jpg 75w, https:\/\/www.enerjigazetesi.ist\/wp-content\/uploads\/2024\/01\/sedas-bolu-da-18-yatirim-projesi-hayata-gecirecek-450x300.jpg 450w\" sizes=\"(max-width: 500px) 100vw, 500px\" \/><\/p>\n<p>SEDA\u015e, 2024 y\u0131l\u0131 i\u00e7in planlad\u0131\u011f\u0131 yakla\u015f\u0131k <strong>3 milyarl\u0131k dev yat\u0131r\u0131m<\/strong> ile hizmet verdi\u011fi b\u00f6lgelerdeki ihtiya\u00e7lara g\u00f6re haz\u0131rlanan program \u00e7er\u00e7evesinde <strong>kapasite art\u0131r\u0131m\u0131, \u015febeke yenileme<\/strong> ve <strong>ana hatlarda devam eden yeralt\u0131 \u00e7al\u0131\u015fmalar\u0131n\u0131<\/strong> tamamlayacak. Bu kapsamda <strong>Bolu\u2019da<\/strong>, ilk etapta, <strong>18 adet yat\u0131r\u0131m projesi<\/strong> hayata ge\u00e7irilecek.<\/p>\n<p><strong>SEDA\u015e \u0130cra Ba\u015fkan\u0131 Dr. Necmi Odyakmaz<\/strong>, elektrik hatlar\u0131n\u0131n iyile\u015ftirilmesine destek olduklar\u0131n\u0131 belirterek, <em>\u201c\u00dclkemizin \u00f6nemli sanayi kurulu\u015flar\u0131na ev sahipli\u011fi yapan b\u00f6lgemizde m\u00fc\u015fterilerimizin en g\u00fcncel ihtiya\u00e7lar\u0131n\u0131 analiz ederek, beklentilerini kar\u015f\u0131layacak yat\u0131r\u0131mlar\u0131m\u0131za t\u00fcm g\u00fcc\u00fcm\u00fczle devam ediyoruz. Yeni hissedar yap\u0131m\u0131z ile b\u00f6lgemizdeki faaliyetlerimizi h\u0131zland\u0131r\u0131yor hem k\u0131rsalda hem de il ve il\u00e7elerimizde <strong>elektrik \u015febekesi hatlar\u0131n\u0131n iyile\u015ftirilmesine<\/strong> destek oluyoruz. Ekonomik \u00f6mr\u00fc dolan <strong>elektrik tesisleri<\/strong> i\u00e7in <strong>yenileme yat\u0131r\u0131mlar\u0131n\u0131<\/strong>, enerji talebinin art\u0131\u015f\u0131 noktalar\u0131nda <strong>iletken kesiti<\/strong> ve <strong>trafo g\u00fc\u00e7 kapasitelerindeki art\u0131\u015f\u0131<\/strong>, yat\u0131r\u0131m kapsam\u0131na al\u0131nan yerlerde de <strong>yeni \u015febeke yap\u0131m \u00e7al\u0131\u015fmalar\u0131n\u0131<\/strong> ger\u00e7ekle\u015ftiriyoruz\u201d<\/em> dedi.<\/p>","protected":false},"excerpt":{"rendered":"<p>Sorry, this entry is only available in Turkish. For the sake of viewer convenience, the content is shown below in the alternative language. You may click the link to switch the active language. Sakarya Elektrik Da\u011f\u0131t\u0131m A\u015e (SEDA\u015e), yat\u0131r\u0131m \u00e7al\u0131\u015fmalar\u0131na devam ediyor. SEDA\u015e, 2024 y\u0131l\u0131 i\u00e7in planlad\u0131\u011f\u0131 yakla\u015f\u0131k 3 milyarl\u0131k dev yat\u0131r\u0131m ile hizmet verdi\u011fi [&hellip;]<\/p>\n","protected":false},"author":1,"featured_media":183661,"comment_status":"open","ping_status":"open","sticky":false,"template":"","format":"standard","meta":[],"categories":[51,53],"tags":[4634,4546,112190,29819,102600,34604,2444,112191],"views":53,"_links":{"self":[{"href":"https:\/\/www.enerjigazetesi.ist\/en\/wp-json\/wp\/v2\/posts\/183659"}],"collection":[{"href":"https:\/\/www.enerjigazetesi.ist\/en\/wp-json\/wp\/v2\/posts"}],"about":[{"href":"https:\/\/www.enerjigazetesi.ist\/en\/wp-json\/wp\/v2\/types\/post"}],"author":[{"embeddable":true,"href":"https:\/\/www.enerjigazetesi.ist\/en\/wp-json\/wp\/v2\/users\/1"}],"replies":[{"embeddable":true,"href":"https:\/\/www.enerjigazetesi.ist\/en\/wp-json\/wp\/v2\/comments?post=183659"}],"version-history":[{"count":0,"href":"https:\/\/www.enerjigazetesi.ist\/en\/wp-json\/wp\/v2\/posts\/183659\/revisions"}],"wp:featuredmedia":[{"embeddable":true,"href":"https:\/\/www.enerjigazetesi.ist\/en\/wp-json\/wp\/v2\/media\/183661"}],"wp:attachment":[{"href":"https:\/\/www.enerjigazetesi.ist\/en\/wp-json\/wp\/v2\/media?parent=183659"}],"wp:term":[{"taxonomy":"category","embeddable":true,"href":"https:\/\/www.enerjigazetesi.ist\/en\/wp-json\/wp\/v2\/categories?post=183659"},{"taxonomy":"post_tag","embeddable":true,"href":"https:\/\/www.enerjigazetesi.ist\/en\/wp-json\/wp\/v2\/tags?post=183659"}],"curies":[{"name":"wp","href":"https:\/\/api.w.org\/{rel}","templated":true}]}}