{"id":183623,"date":"2024-01-23T16:46:43","date_gmt":"2024-01-23T13:46:43","guid":{"rendered":"https:\/\/www.enerjigazetesi.ist\/?p=183623"},"modified":"2024-01-23T16:46:43","modified_gmt":"2024-01-23T13:46:43","slug":"ilk-turk-astronot-alper-gezeravci-artik-uzayda","status":"publish","type":"post","link":"https:\/\/www.enerjigazetesi.ist\/en\/ilk-turk-astronot-alper-gezeravci-artik-uzayda\/","title":{"rendered":"(Turkish) \u0130lk T\u00fcrk Astronot Alper Gezeravc\u0131 Art\u0131k Uzayda!"},"content":{"rendered":"<p class=\"qtranxs-available-languages-message qtranxs-available-languages-message-en\">Sorry, this entry is only available in <a href=\"https:\/\/www.enerjigazetesi.ist\/tr\/wp-json\/wp\/v2\/posts\/183623\" class=\"qtranxs-available-language-link qtranxs-available-language-link-tr\" title=\"Turkish\">Turkish<\/a>. For the sake of viewer convenience, the content is shown below in the alternative language. You may click the link to switch the active language.<\/p><p><\/p>\n<h2><strong>T\u00fcrkiye i\u00e7in tarihi olay ger\u00e7ekle\u015fti. \u0130lk T\u00fcrk astronot Alper Gezeravc\u0131 art\u0131k uzayda. F\u0131rlatma a\u015famas\u0131 geride kald\u0131. 1,5 g\u00fcn s\u00fcrecek yolculu\u011fun ard\u0131ndan Gezeravc\u0131 ve 3 tak\u0131m arkada\u015f\u0131 Uluslararas\u0131 Uzay \u0130stasyonu\u2019na ula\u015facak. Astronotlar\u0131n bilimsel deneylerle ge\u00e7irece\u011fi 14 g\u00fcnl\u00fck s\u00fcre\u00e7 ba\u015flayacak.<\/strong><\/h2>\n<p style=\"text-align: center;\"><img loading=\"lazy\" class=\"aligncenter wp-image-183625\" src=\"https:\/\/www.enerjigazetesi.ist\/wp-content\/uploads\/2024\/01\/ilk-turk-astronot-alper-gezeravci-artik-uzayda.jpg\" alt=\"\" width=\"500\" height=\"306\" srcset=\"https:\/\/www.enerjigazetesi.ist\/wp-content\/uploads\/2024\/01\/ilk-turk-astronot-alper-gezeravci-artik-uzayda.jpg 550w, https:\/\/www.enerjigazetesi.ist\/wp-content\/uploads\/2024\/01\/ilk-turk-astronot-alper-gezeravci-artik-uzayda-300x184.jpg 300w, https:\/\/www.enerjigazetesi.ist\/wp-content\/uploads\/2024\/01\/ilk-turk-astronot-alper-gezeravci-artik-uzayda-500x306.jpg 500w, https:\/\/www.enerjigazetesi.ist\/wp-content\/uploads\/2024\/01\/ilk-turk-astronot-alper-gezeravci-artik-uzayda-80x50.jpg 80w\" sizes=\"(max-width: 500px) 100vw, 500px\" \/><\/p>\n<p>Geri say\u0131m sona erdi, Falcon 9 roketi ba\u015far\u0131l\u0131 \u015fekilde f\u0131rlat\u0131ld\u0131. Dragon kaps\u00fcl\u00fc, 4 m\u00fcrettebat\u0131yla art\u0131k uzayda.<\/p>\n<h3><strong>UZAYDA 14 G\u00dcN KALACAKLAR<\/strong><\/h3>\n<p>Uzaya \u00e7\u0131kan ilk T\u00fcrk astronot Alper Gezeravc\u0131 ve tak\u0131m arkada\u015flar\u0131 i\u00e7in art\u0131k ikinci a\u015fama ba\u015flad\u0131. Astronotlar uzayda 14 g\u00fcn ge\u00e7irecek.<\/p>\n<h3><strong>KENETLENME \u00d6\u011eLE SAATLER\u0130NDE GER\u00c7EKLE\u015eT\u0130<\/strong><\/h3>\n<p>Uzay yolculu\u011fu yakla\u015f\u0131k 1,5 g\u00fcn s\u00fcrecek. Her \u015fey yolunda giderse, Dragon kaps\u00fcl\u00fc yar\u0131n \u00f6\u011flen saatlerinde Uluslararas\u0131 Uzay \u0130stasyonu\u2019na kenetlenecek. Ekip, uzay istasyonundaki 7 astronot taraf\u0131ndan kar\u015f\u0131lanacak.<\/p>\n<h3><strong>13 B\u0130L\u0130MSEL DENEYE \u0130MZA ATILACAK<\/strong><\/h3>\n<p>F\u0131rlatman\u0131n ba\u015flad\u0131\u011f\u0131 andan itibaren bilimsel \u00e7al\u0131\u015fmalar da ba\u015flam\u0131\u015f oldu. Uzay istasyonunda mikro yer \u00e7ekimi ortam\u0131nda 14 g\u00fcn ge\u00e7irecek astronotlar, uzay u\u00e7u\u015funun insan sa\u011fl\u0131\u011f\u0131 ve hastal\u0131klar\u0131 \u00fczerindeki etkilerinden, yeni nesil ala\u015f\u0131mlara kadar \u00e7ok say\u0131da deney yapacak. Gezeravc\u0131 da s\u00fcre\u00e7 boyunca uzayda 13 bilimsel deneye imza atacak.<\/p>\n<p>\u00c7al\u0131\u015fmalar <strong>T\u00dcB\u0130TAK Uzay, Axiom Space ve NASA<\/strong> ile koordineli \u015fekilde y\u00fcr\u00fct\u00fclecek. Gezeravc\u0131 biyoloji, t\u0131p, malzeme bilimi ve genetik gibi alanlarda deneyler ger\u00e7ekle\u015ftirecek. Alper Gezeravc\u0131, zaman zaman uzay \u00fcss\u00fcnden d\u00fcnyaya seslenecek, uzaydaki deneyimlerini aktaracak.<\/p>\n<h3><strong>KAPS\u00dcL ORLANDO A\u00c7IKLARINDA OKYANUSA \u0130NECEK<\/strong><\/h3>\n<p>G\u00f6revin tamamlanmas\u0131n\u0131n ard\u0131ndan astronotlar Dragon kaps\u00fcl\u00fc ile istasyondan ayr\u0131lacak. Kaps\u00fcl, atmosfere girdikten sonra para\u015f\u00fctlerini a\u00e7arak Orlando a\u00e7\u0131klar\u0131nda okyanusa inecek.<\/p>","protected":false},"excerpt":{"rendered":"<p>Sorry, this entry is only available in Turkish. For the sake of viewer convenience, the content is shown below in the alternative language. You may click the link to switch the active language. T\u00fcrkiye i\u00e7in tarihi olay ger\u00e7ekle\u015fti. \u0130lk T\u00fcrk astronot Alper Gezeravc\u0131 art\u0131k uzayda. F\u0131rlatma a\u015famas\u0131 geride kald\u0131. 1,5 g\u00fcn s\u00fcrecek yolculu\u011fun ard\u0131ndan Gezeravc\u0131 [&hellip;]<\/p>\n","protected":false},"author":1,"featured_media":183625,"comment_status":"open","ping_status":"open","sticky":false,"template":"","format":"standard","meta":[],"categories":[53],"tags":[112175,112181,112178,112176,112180,112174,1942,112177,24888,112179],"views":36,"_links":{"self":[{"href":"https:\/\/www.enerjigazetesi.ist\/en\/wp-json\/wp\/v2\/posts\/183623"}],"collection":[{"href":"https:\/\/www.enerjigazetesi.ist\/en\/wp-json\/wp\/v2\/posts"}],"about":[{"href":"https:\/\/www.enerjigazetesi.ist\/en\/wp-json\/wp\/v2\/types\/post"}],"author":[{"embeddable":true,"href":"https:\/\/www.enerjigazetesi.ist\/en\/wp-json\/wp\/v2\/users\/1"}],"replies":[{"embeddable":true,"href":"https:\/\/www.enerjigazetesi.ist\/en\/wp-json\/wp\/v2\/comments?post=183623"}],"version-history":[{"count":0,"href":"https:\/\/www.enerjigazetesi.ist\/en\/wp-json\/wp\/v2\/posts\/183623\/revisions"}],"wp:featuredmedia":[{"embeddable":true,"href":"https:\/\/www.enerjigazetesi.ist\/en\/wp-json\/wp\/v2\/media\/183625"}],"wp:attachment":[{"href":"https:\/\/www.enerjigazetesi.ist\/en\/wp-json\/wp\/v2\/media?parent=183623"}],"wp:term":[{"taxonomy":"category","embeddable":true,"href":"https:\/\/www.enerjigazetesi.ist\/en\/wp-json\/wp\/v2\/categories?post=183623"},{"taxonomy":"post_tag","embeddable":true,"href":"https:\/\/www.enerjigazetesi.ist\/en\/wp-json\/wp\/v2\/tags?post=183623"}],"curies":[{"name":"wp","href":"https:\/\/api.w.org\/{rel}","templated":true}]}}