{"id":183597,"date":"2024-01-23T15:25:40","date_gmt":"2024-01-23T12:25:40","guid":{"rendered":"https:\/\/www.enerjigazetesi.ist\/?p=183597"},"modified":"2024-01-23T15:25:59","modified_gmt":"2024-01-23T12:25:59","slug":"bim-ilk-arazi-uzeri-ges-projesi-ni-usakta-devreye-aldi","status":"publish","type":"post","link":"https:\/\/www.enerjigazetesi.ist\/en\/bim-ilk-arazi-uzeri-ges-projesi-ni-usakta-devreye-aldi\/","title":{"rendered":"(Turkish) &#8217;B\u0130M&#8217; \u0130lk Arazi \u00dczeri Ges Projesini U\u015fak\u2019ta Devreye Ald\u0131"},"content":{"rendered":"<p class=\"qtranxs-available-languages-message qtranxs-available-languages-message-en\">Sorry, this entry is only available in <a href=\"https:\/\/www.enerjigazetesi.ist\/tr\/wp-json\/wp\/v2\/posts\/183597\" class=\"qtranxs-available-language-link qtranxs-available-language-link-tr\" title=\"Turkish\">Turkish<\/a>. For the sake of viewer convenience, the content is shown below in the alternative language. You may click the link to switch the active language.<\/p><p><\/p>\n<h2><strong>Ya\u015fanabilir bir \u00e7evre ve s\u00fcrd\u00fcr\u00fclebilir bir gelecek i\u00e7in 2020 y\u0131l\u0131ndan bu yana yenilenebilir enerji yat\u0131r\u0131mlar\u0131na devam eden ve bu kapsamda 16 depo \u00e7at\u0131s\u0131na GES kuran B\u0130M ilk arazi \u00fczeri GES projesini U\u015fak \/ Ulubey\u2019de devreye ald\u0131.<br \/>\n<\/strong><\/h2>\n<p><img loading=\"lazy\" class=\"aligncenter wp-image-183599\" src=\"https:\/\/www.enerjigazetesi.ist\/wp-content\/uploads\/2024\/01\/bim-ilk-arazi-uzeri-ges-projesi-ni-usakta-devreye-aldi.jpg\" alt=\"\" width=\"500\" height=\"205\" srcset=\"https:\/\/www.enerjigazetesi.ist\/wp-content\/uploads\/2024\/01\/bim-ilk-arazi-uzeri-ges-projesi-ni-usakta-devreye-aldi.jpg 550w, https:\/\/www.enerjigazetesi.ist\/wp-content\/uploads\/2024\/01\/bim-ilk-arazi-uzeri-ges-projesi-ni-usakta-devreye-aldi-300x123.jpg 300w, https:\/\/www.enerjigazetesi.ist\/wp-content\/uploads\/2024\/01\/bim-ilk-arazi-uzeri-ges-projesi-ni-usakta-devreye-aldi-500x205.jpg 500w, https:\/\/www.enerjigazetesi.ist\/wp-content\/uploads\/2024\/01\/bim-ilk-arazi-uzeri-ges-projesi-ni-usakta-devreye-aldi-80x33.jpg 80w\" sizes=\"(max-width: 500px) 100vw, 500px\" \/><\/p>\n<p><strong>6,45 MW<\/strong> kurulu g\u00fcce sahip olan <strong>U\u015fak GES<\/strong>\u2019te yap\u0131lacak \u00fcretim ile B\u0130M\u2019in <strong>Eski\u015fehir, Afyonkarahisar, U\u015fak, K\u00fctahya ve Bilecik\u2019te<\/strong> bulunan<strong> 348<\/strong> ma\u011fazas\u0131 ve <strong>Afyonkarahisar<\/strong>\u2019daki deposunun enerji ihtiyac\u0131n\u0131n kar\u015f\u0131lanmas\u0131 hedefleniyor.<\/p>\n<p><strong>11.718 adet<\/strong> g\u00fcne\u015f paneli kullan\u0131lan santralden elde edilecek \u00fcretimin <strong>3.800<\/strong> hanenin y\u0131ll\u0131k enerji t\u00fcketimine denk geldi\u011fi, karbon sal\u0131m\u0131nda y\u0131lda <strong>6.800 ton azalma sa\u011flanaca\u011f\u0131<\/strong> ve bunun <strong>98.700 adet a\u011fa\u00e7 kazan\u0131m\u0131na<\/strong> e\u015fit oldu\u011fu belirtildi.<\/p>\n<h3>17 GES ile Karbon Sal\u0131m\u0131nda Y\u0131ll\u0131k 21.983 Ton Azalma<\/h3>\n<p>\u0130lk a\u015famada 2026 y\u0131l\u0131na kadar sera gaz\u0131 yo\u011funlu\u011funu 2019 y\u0131l\u0131na k\u0131yasla %20 azaltmay\u0131 hedefleyen B\u0130M\u2019in <strong>17 GES projesinin<\/strong> toplam g\u00fcc\u00fc <strong>26 MW<\/strong>\u2019a ula\u015ft\u0131.<\/p>\n<p><strong>17 GES<\/strong> ile toplamda <strong>13.500\u2019den<\/strong> fazla hanenin y\u0131ll\u0131k enerji t\u00fcketimine denk \u00fcretim yap\u0131l\u0131rken karbon sal\u0131m\u0131nda y\u0131ll\u0131k<strong> 21.983 ton<\/strong> azalma, 3<strong>77.500 \u00fczerinde a\u011fa\u00e7 kazan\u0131m\u0131<\/strong> sa\u011flanm\u0131\u015f olacak.<\/p>","protected":false},"excerpt":{"rendered":"<p>Sorry, this entry is only available in Turkish. For the sake of viewer convenience, the content is shown below in the alternative language. You may click the link to switch the active language. Ya\u015fanabilir bir \u00e7evre ve s\u00fcrd\u00fcr\u00fclebilir bir gelecek i\u00e7in 2020 y\u0131l\u0131ndan bu yana yenilenebilir enerji yat\u0131r\u0131mlar\u0131na devam eden ve bu kapsamda 16 depo [&hellip;]<\/p>\n","protected":false},"author":1,"featured_media":183600,"comment_status":"open","ping_status":"open","sticky":false,"template":"","format":"standard","meta":[],"categories":[53,49],"tags":[112167,46776,2206,112168,112169,1245],"views":129,"_links":{"self":[{"href":"https:\/\/www.enerjigazetesi.ist\/en\/wp-json\/wp\/v2\/posts\/183597"}],"collection":[{"href":"https:\/\/www.enerjigazetesi.ist\/en\/wp-json\/wp\/v2\/posts"}],"about":[{"href":"https:\/\/www.enerjigazetesi.ist\/en\/wp-json\/wp\/v2\/types\/post"}],"author":[{"embeddable":true,"href":"https:\/\/www.enerjigazetesi.ist\/en\/wp-json\/wp\/v2\/users\/1"}],"replies":[{"embeddable":true,"href":"https:\/\/www.enerjigazetesi.ist\/en\/wp-json\/wp\/v2\/comments?post=183597"}],"version-history":[{"count":0,"href":"https:\/\/www.enerjigazetesi.ist\/en\/wp-json\/wp\/v2\/posts\/183597\/revisions"}],"wp:featuredmedia":[{"embeddable":true,"href":"https:\/\/www.enerjigazetesi.ist\/en\/wp-json\/wp\/v2\/media\/183600"}],"wp:attachment":[{"href":"https:\/\/www.enerjigazetesi.ist\/en\/wp-json\/wp\/v2\/media?parent=183597"}],"wp:term":[{"taxonomy":"category","embeddable":true,"href":"https:\/\/www.enerjigazetesi.ist\/en\/wp-json\/wp\/v2\/categories?post=183597"},{"taxonomy":"post_tag","embeddable":true,"href":"https:\/\/www.enerjigazetesi.ist\/en\/wp-json\/wp\/v2\/tags?post=183597"}],"curies":[{"name":"wp","href":"https:\/\/api.w.org\/{rel}","templated":true}]}}