{"id":183530,"date":"2024-01-19T16:54:46","date_gmt":"2024-01-19T13:54:46","guid":{"rendered":"https:\/\/www.enerjigazetesi.ist\/?p=183530"},"modified":"2024-01-19T16:54:46","modified_gmt":"2024-01-19T13:54:46","slug":"turkcell-enerjisinin-yuzde-65-ini-yenilenebilirden-karsilayacak","status":"publish","type":"post","link":"https:\/\/www.enerjigazetesi.ist\/en\/turkcell-enerjisinin-yuzde-65-ini-yenilenebilirden-karsilayacak\/","title":{"rendered":"(Turkish) &#8217;Turkcell&#8217; Enerjisinin % 65\u2019ini Yenilenebilirden Kar\u015f\u0131layacak"},"content":{"rendered":"<p class=\"qtranxs-available-languages-message qtranxs-available-languages-message-en\">Sorry, this entry is only available in <a href=\"https:\/\/www.enerjigazetesi.ist\/tr\/wp-json\/wp\/v2\/posts\/183530\" class=\"qtranxs-available-language-link qtranxs-available-language-link-tr\" title=\"Turkish\">Turkish<\/a>. For the sake of viewer convenience, the content is shown below in the alternative language. You may click the link to switch the active language.<\/p><p><\/p>\n<h2><strong>Enerji verimlili\u011finde hedef b\u00fcy\u00fcten Turkcell, 2026 y\u0131l\u0131nda toplam enerji ihtiyac\u0131n\u0131n y\u00fczde 65\u2019ini g\u00fcne\u015f ve r\u00fczg\u00e2r enerjisinden kar\u015f\u0131lamay\u0131 planlad\u0131\u011f\u0131n\u0131 duyurdu.<\/strong><\/h2>\n<p style=\"text-align: center;\"><img loading=\"lazy\" class=\"aligncenter wp-image-183532\" src=\"https:\/\/www.enerjigazetesi.ist\/wp-content\/uploads\/2024\/01\/turkcell-enerjisinin-yuzde-65-ini-yenilenebilirden-karsilayacak.jpeg\" alt=\"\" width=\"500\" height=\"334\" srcset=\"https:\/\/www.enerjigazetesi.ist\/wp-content\/uploads\/2024\/01\/turkcell-enerjisinin-yuzde-65-ini-yenilenebilirden-karsilayacak.jpeg 538w, https:\/\/www.enerjigazetesi.ist\/wp-content\/uploads\/2024\/01\/turkcell-enerjisinin-yuzde-65-ini-yenilenebilirden-karsilayacak-300x200.jpeg 300w, https:\/\/www.enerjigazetesi.ist\/wp-content\/uploads\/2024\/01\/turkcell-enerjisinin-yuzde-65-ini-yenilenebilirden-karsilayacak-500x334.jpeg 500w, https:\/\/www.enerjigazetesi.ist\/wp-content\/uploads\/2024\/01\/turkcell-enerjisinin-yuzde-65-ini-yenilenebilirden-karsilayacak-75x50.jpeg 75w, https:\/\/www.enerjigazetesi.ist\/wp-content\/uploads\/2024\/01\/turkcell-enerjisinin-yuzde-65-ini-yenilenebilirden-karsilayacak-450x300.jpeg 450w\" sizes=\"(max-width: 500px) 100vw, 500px\" \/><\/p>\n<p>Konuya ili\u015fkin a\u00e7\u0131klamada bulunan Turkcell Genel M\u00fcd\u00fcr\u00fc Dr. Ali Taha Ko\u00e7, <em>\u201cSanayi devriminin iklim krizini \u2018Teknoloji Devrimi\u2019 ile yenece\u011fiz\u201d<\/em> dedi. Enerji Verimlili\u011fi Haftas\u0131 kapsam\u0131nda a\u00e7\u0131klamada bulunan Dr. Ko\u00e7, <em>\u201c\u0130klim de\u011fi\u015fikli\u011fi kar\u015f\u0131s\u0131nda teknolojinin g\u00fcc\u00fcn\u00fc kullanarak i\u015fimizi daha \u00e7evreci, daha verimli ve s\u00fcrd\u00fcr\u00fclebilir bir modele d\u00f6n\u00fc\u015ft\u00fcrd\u00fck. 2024 y\u0131l\u0131nda \u015febekelerimizi<strong> y\u00fczde 5<\/strong> oran\u0131nda <strong>daha verimli hale getirme hedefimiz<\/strong> bulunuyor.<\/em><\/p>\n<p><em>Bu ba\u011flamda, s\u00fcrd\u00fcr\u00fclebilir enerji taraf\u0131nda 2022 y\u0131l\u0131 sonu itibar\u0131yla toplam <strong>650<\/strong> baz istasyonunda <strong>\u2018Ye\u015fil Saha\u2019 (Greensite) projesi<\/strong>ni devreye ald\u0131k. 2023 y\u0131l\u0131nda 750 olmak \u00fczere toplam <strong>1400 adet ye\u015fil mobil saha montaj\u0131<\/strong> tamamland\u0131. 2024 y\u0131l\u0131 sonuna kadar da toplamda <strong>2 bin 400 Greensite\u2019\u0131n<\/strong> devrede olmas\u0131n\u0131 hedefliyoruz. <strong>2026 itibar\u0131yla Ye\u015fil Enerji kaynaklar\u0131ndan<\/strong> sa\u011flanacak \u00fcretim, toplam elektrik ihtiyac\u0131m\u0131z\u0131n <strong>y\u00fczde 65\u2019ini<\/strong> kar\u015f\u0131lamay\u0131 planl\u0131yoruz\u201d<\/em> ifadelerinde bulundu.<\/p>\n<h3><strong>Y\u0131ll\u0131k 96 Gigawatl\u0131k Tasarruf Sa\u011flanacak<\/strong><\/h3>\n<p><strong>2030\u2019a kadar<\/strong> elektrik t\u00fcketimini <strong>y\u00fczde 100 yenilenebilir kaynaklar\u0131ndan<\/strong> kar\u015f\u0131lamay\u0131 ve <strong>2050\u2019ye kadar net s\u0131f\u0131r \u015firket olmay\u0131<\/strong> ama\u00e7layan Turkcell, s\u00fcrd\u00fcr\u00fclebilirlik hedefleri do\u011frultusunda \u0130zmir \u00c7e\u015fme\u2019de <strong>18 MW<\/strong> g\u00fcc\u00fcnde r\u00fczg\u00e2r enerjisi santrali sat\u0131n ald\u0131. Ayr\u0131ca 2022 y\u0131l\u0131nda proje geli\u015ftirmeleri ba\u015flayan <strong>300 MW<\/strong> <strong>arazi tipi g\u00fcne\u015f enerjisi santrali yat\u0131r\u0131mlar\u0131<\/strong> son h\u0131z\u0131yla devam ediyor. Yat\u0131r\u0131mlar\u0131n ilk faz\u0131 olarak <strong>5<\/strong> farkl\u0131 b\u00f6lge ve <strong>8<\/strong> farkl\u0131 projede ger\u00e7ekle\u015ftirilen kurulum \u00e7al\u0131\u015fmalar\u0131 son a\u015famaya geldi. 2024 y\u0131l\u0131 itibar\u0131yla devreye al\u0131nacak <strong>54 MW<\/strong> kapasiteye sahip ilk faz yat\u0131r\u0131mlarla <strong>Turkcell y\u0131ll\u0131k 95 GWh tasarruf<\/strong> sa\u011flayacak.<\/p>","protected":false},"excerpt":{"rendered":"<p>Sorry, this entry is only available in Turkish. For the sake of viewer convenience, the content is shown below in the alternative language. You may click the link to switch the active language. Enerji verimlili\u011finde hedef b\u00fcy\u00fcten Turkcell, 2026 y\u0131l\u0131nda toplam enerji ihtiyac\u0131n\u0131n y\u00fczde 65\u2019ini g\u00fcne\u015f ve r\u00fczg\u00e2r enerjisinden kar\u015f\u0131lamay\u0131 planlad\u0131\u011f\u0131n\u0131 duyurdu. Konuya ili\u015fkin a\u00e7\u0131klamada [&hellip;]<\/p>\n","protected":false},"author":1,"featured_media":183532,"comment_status":"open","ping_status":"open","sticky":false,"template":"","format":"standard","meta":[],"categories":[51,53,52,49,50],"tags":[112117,2326,2569,474,231,138,105],"views":87,"_links":{"self":[{"href":"https:\/\/www.enerjigazetesi.ist\/en\/wp-json\/wp\/v2\/posts\/183530"}],"collection":[{"href":"https:\/\/www.enerjigazetesi.ist\/en\/wp-json\/wp\/v2\/posts"}],"about":[{"href":"https:\/\/www.enerjigazetesi.ist\/en\/wp-json\/wp\/v2\/types\/post"}],"author":[{"embeddable":true,"href":"https:\/\/www.enerjigazetesi.ist\/en\/wp-json\/wp\/v2\/users\/1"}],"replies":[{"embeddable":true,"href":"https:\/\/www.enerjigazetesi.ist\/en\/wp-json\/wp\/v2\/comments?post=183530"}],"version-history":[{"count":0,"href":"https:\/\/www.enerjigazetesi.ist\/en\/wp-json\/wp\/v2\/posts\/183530\/revisions"}],"wp:featuredmedia":[{"embeddable":true,"href":"https:\/\/www.enerjigazetesi.ist\/en\/wp-json\/wp\/v2\/media\/183532"}],"wp:attachment":[{"href":"https:\/\/www.enerjigazetesi.ist\/en\/wp-json\/wp\/v2\/media?parent=183530"}],"wp:term":[{"taxonomy":"category","embeddable":true,"href":"https:\/\/www.enerjigazetesi.ist\/en\/wp-json\/wp\/v2\/categories?post=183530"},{"taxonomy":"post_tag","embeddable":true,"href":"https:\/\/www.enerjigazetesi.ist\/en\/wp-json\/wp\/v2\/tags?post=183530"}],"curies":[{"name":"wp","href":"https:\/\/api.w.org\/{rel}","templated":true}]}}