{"id":18352,"date":"2013-11-27T18:31:37","date_gmt":"2013-11-27T15:31:37","guid":{"rendered":"https:\/\/www.enerjigazetesi.ist\/?p=18352"},"modified":"2013-11-27T18:31:39","modified_gmt":"2013-11-27T15:31:39","slug":"cin-ekvador-petrolununun-yuzde-90%e2%80%b2ini-devraldi","status":"publish","type":"post","link":"https:\/\/www.enerjigazetesi.ist\/en\/cin-ekvador-petrolununun-yuzde-90%e2%80%b2ini-devraldi\/","title":{"rendered":"(Turkish) \u00c7in Ekvador Petrol\u00fcn\u00fcn\u00fcn Y\u00fczde 90\u2032\u0131n\u0131 Devrald\u0131"},"content":{"rendered":"<p class=\"qtranxs-available-languages-message qtranxs-available-languages-message-en\">Sorry, this entry is only available in <a href=\"https:\/\/www.enerjigazetesi.ist\/tr\/wp-json\/wp\/v2\/posts\/18352\" class=\"qtranxs-available-language-link qtranxs-available-language-link-tr\" title=\"Turkish\">Turkish<\/a>. For the sake of viewer convenience, the content is shown below in the alternative language. You may click the link to switch the active language.<\/p><p><strong>\u00c7in, G\u00fcney Amerika \u00fclkesi Ekvador\u2019un petrol sekt\u00f6r\u00fcn\u00fcn y\u00fczde 90\u2032\u0131n\u0131 \u00fclkenin bor\u00e7lar\u0131n\u0131n \u00f6denmesi kar\u015f\u0131l\u0131\u011f\u0131nda devrald\u0131. Ekvador\u2019un petrol sekt\u00f6r\u00fcn\u00fcn tamam\u0131na yak\u0131n\u0131 \u00c7in\u2019in kontrol\u00fcne ge\u00e7ti. 200<a href=\"https:\/\/www.enerjigazetesi.ist\/wp-content\/uploads\/2013\/11\/cin-ekvador-petrolununun-yuzde-90ini-devraldi.jpg\"><img loading=\"lazy\" class=\"alignright size-medium wp-image-18353\" title=\"cin-ekvador-petrolununun-yuzde-90ini-devraldi\" src=\"https:\/\/www.enerjigazetesi.ist\/wp-content\/uploads\/2013\/11\/cin-ekvador-petrolununun-yuzde-90ini-devraldi-300x205.jpg\" alt=\"\" width=\"300\" height=\"205\" srcset=\"https:\/\/www.enerjigazetesi.ist\/wp-content\/uploads\/2013\/11\/cin-ekvador-petrolununun-yuzde-90ini-devraldi-300x205.jpg 300w, https:\/\/www.enerjigazetesi.ist\/wp-content\/uploads\/2013\/11\/cin-ekvador-petrolununun-yuzde-90ini-devraldi-73x50.jpg 73w, https:\/\/www.enerjigazetesi.ist\/wp-content\/uploads\/2013\/11\/cin-ekvador-petrolununun-yuzde-90ini-devraldi.jpg 392w\" sizes=\"(max-width: 300px) 100vw, 300px\" \/><\/a>8 y\u0131l\u0131nda 3,2 milyar dolarl\u0131k borcunu \u00f6deyemeyerek temerr\u00fcde d\u00fc\u015fen Ekvador, \u00e7areyi \u00c7in\u2019de buldu. Ekvador, 6,2 milyar dolarl\u0131k finansman ihtiyac\u0131n\u0131n y\u00fczde 61\u2032inin \u00f6denmesi kar\u015f\u0131l\u0131\u011f\u0131nda \u00fclkenin petrol sekt\u00f6r\u00fcn\u00fcn y\u00fczde 90\u2032\u0131n\u0131 \u00c7in\u2019in kontrol\u00fcne devretti.<\/strong><\/p>\n<p>G\u00fcney Amerika \u00fclkesinden \u00e7\u0131kan petrol\u00fcn sadece k\u00fc\u00e7\u00fck bir k\u0131sm\u0131 \u00c7in\u2019e gidiyor. \u00c7\u0131kan petrol\u00fc t\u00fcketmek yerine \u00c7in, enerji kayna\u011f\u0131n\u0131 Ekvador\u2019un ticaret ortaklar\u0131na satarak da\u011f\u0131t\u0131mda s\u00f6z sahibi olacak. Ekvador\u2019un bir numaral\u0131 ihra\u00e7 pazar\u0131n\u0131 ise ABD olu\u015fturuyor.<\/p>\n<p>Ekvador petrol \u00fcretiminde \u00fcst s\u0131ralarda yer alm\u0131yor. Petrol devi Suudi Arabistan\u2019\u0131n yaln\u0131zca y\u00fczde 5\u2032i kadar \u00fcretim yapan Ekvador, g\u00fcnde 520 bin varil ham petrol pompal\u0131yor. Yine de s\u00f6z konusu anla\u015fma, analistlere g\u00f6re \u00c7in\u2019in petrol kaynaklar\u0131n\u0131 ele ge\u00e7irme konusunda ne kadar agresif olabilece\u011fini g\u00f6stermesi a\u00e7\u0131s\u0131ndan \u00f6nemli.<\/p>\n<p>Kaynak: <a href=\"http:\/\/enerjienstitusu.com\/2013\/11\/27\/cin-ekvador-petrolununun-yuzde-90ini-devraldi\/\" target=\"_blank\">Enerji Enstit\u00fcs\u00fc<\/a><\/p>","protected":false},"excerpt":{"rendered":"<p>Sorry, this entry is only available in Turkish. For the sake of viewer convenience, the content is shown below in the alternative language. You may click the link to switch the active language.\u00c7in, G\u00fcney Amerika \u00fclkesi Ekvador\u2019un petrol sekt\u00f6r\u00fcn\u00fcn y\u00fczde 90\u2032\u0131n\u0131 \u00fclkenin bor\u00e7lar\u0131n\u0131n \u00f6denmesi kar\u015f\u0131l\u0131\u011f\u0131nda devrald\u0131. Ekvador\u2019un petrol sekt\u00f6r\u00fcn\u00fcn tamam\u0131na yak\u0131n\u0131 \u00c7in\u2019in kontrol\u00fcne ge\u00e7ti. 2008 [&hellip;]<\/p>\n","protected":false},"author":1,"featured_media":18353,"comment_status":"open","ping_status":"open","sticky":false,"template":"","format":"standard","meta":[],"categories":[53,44],"tags":[886,10723,63,67,1009,165,10722,59,79,2522],"views":736,"_links":{"self":[{"href":"https:\/\/www.enerjigazetesi.ist\/en\/wp-json\/wp\/v2\/posts\/18352"}],"collection":[{"href":"https:\/\/www.enerjigazetesi.ist\/en\/wp-json\/wp\/v2\/posts"}],"about":[{"href":"https:\/\/www.enerjigazetesi.ist\/en\/wp-json\/wp\/v2\/types\/post"}],"author":[{"embeddable":true,"href":"https:\/\/www.enerjigazetesi.ist\/en\/wp-json\/wp\/v2\/users\/1"}],"replies":[{"embeddable":true,"href":"https:\/\/www.enerjigazetesi.ist\/en\/wp-json\/wp\/v2\/comments?post=18352"}],"version-history":[{"count":3,"href":"https:\/\/www.enerjigazetesi.ist\/en\/wp-json\/wp\/v2\/posts\/18352\/revisions"}],"predecessor-version":[{"id":18356,"href":"https:\/\/www.enerjigazetesi.ist\/en\/wp-json\/wp\/v2\/posts\/18352\/revisions\/18356"}],"wp:featuredmedia":[{"embeddable":true,"href":"https:\/\/www.enerjigazetesi.ist\/en\/wp-json\/wp\/v2\/media\/18353"}],"wp:attachment":[{"href":"https:\/\/www.enerjigazetesi.ist\/en\/wp-json\/wp\/v2\/media?parent=18352"}],"wp:term":[{"taxonomy":"category","embeddable":true,"href":"https:\/\/www.enerjigazetesi.ist\/en\/wp-json\/wp\/v2\/categories?post=18352"},{"taxonomy":"post_tag","embeddable":true,"href":"https:\/\/www.enerjigazetesi.ist\/en\/wp-json\/wp\/v2\/tags?post=18352"}],"curies":[{"name":"wp","href":"https:\/\/api.w.org\/{rel}","templated":true}]}}