{"id":183502,"date":"2024-01-19T15:08:21","date_gmt":"2024-01-19T12:08:21","guid":{"rendered":"https:\/\/www.enerjigazetesi.ist\/?p=183502"},"modified":"2024-01-19T15:08:21","modified_gmt":"2024-01-19T12:08:21","slug":"sisecam-dan-yapay-zeka-teknolojisiyle-karbon-salimini-azaltacak-proje","status":"publish","type":"post","link":"https:\/\/www.enerjigazetesi.ist\/en\/sisecam-dan-yapay-zeka-teknolojisiyle-karbon-salimini-azaltacak-proje\/","title":{"rendered":"(Turkish) &#8217;\u015ei\u015fecam&#8217;dan Yapay Zeka Teknolojisiyle Karbon Sal\u0131m\u0131n\u0131 Azaltacak Proje"},"content":{"rendered":"<p class=\"qtranxs-available-languages-message qtranxs-available-languages-message-en\">Sorry, this entry is only available in <a href=\"https:\/\/www.enerjigazetesi.ist\/tr\/wp-json\/wp\/v2\/posts\/183502\" class=\"qtranxs-available-language-link qtranxs-available-language-link-tr\" title=\"Turkish\">Turkish<\/a>. For the sake of viewer convenience, the content is shown below in the alternative language. You may click the link to switch the active language.<\/p><p><\/p>\n<h2><strong>S\u00fcrd\u00fcr\u00fclebilirlik \u00e7al\u0131\u015fmalar\u0131n\u0131 t\u00fcm i\u015f s\u00fcre\u00e7lerinin merkezine koyan \u015ei\u015fecam, T\u00dcB\u0130TAK deste\u011fi ald\u0131\u011f\u0131 yapay zek\u00e2 projesiyle cam \u00fcretimi s\u0131ras\u0131nda olu\u015fan renk sorunlar\u0131n\u0131 ortadan kald\u0131rarak hem \u00fcretimdeki fire oran\u0131n\u0131 hem de karbon sal\u0131m\u0131n\u0131 azaltacak.<\/strong><\/h2>\n<p style=\"text-align: center;\"><img loading=\"lazy\" class=\"aligncenter wp-image-183504\" src=\"https:\/\/www.enerjigazetesi.ist\/wp-content\/uploads\/2024\/01\/sisecam-dan-yapay-zeka-teknolojisiyle-karbon-salimini-azaltacak-proje.jpg\" alt=\"\" width=\"500\" height=\"357\" srcset=\"https:\/\/www.enerjigazetesi.ist\/wp-content\/uploads\/2024\/01\/sisecam-dan-yapay-zeka-teknolojisiyle-karbon-salimini-azaltacak-proje.jpg 550w, https:\/\/www.enerjigazetesi.ist\/wp-content\/uploads\/2024\/01\/sisecam-dan-yapay-zeka-teknolojisiyle-karbon-salimini-azaltacak-proje-300x214.jpg 300w, https:\/\/www.enerjigazetesi.ist\/wp-content\/uploads\/2024\/01\/sisecam-dan-yapay-zeka-teknolojisiyle-karbon-salimini-azaltacak-proje-500x357.jpg 500w, https:\/\/www.enerjigazetesi.ist\/wp-content\/uploads\/2024\/01\/sisecam-dan-yapay-zeka-teknolojisiyle-karbon-salimini-azaltacak-proje-70x50.jpg 70w\" sizes=\"(max-width: 500px) 100vw, 500px\" \/><\/p>\n<p>S\u00fcrd\u00fcr\u00fclebilir bir d\u00fcnya ve daha verimli \u00fcretim s\u00fcre\u00e7leri i\u00e7in \u00e7al\u0131\u015fmalar\u0131na t\u00fcm h\u0131z\u0131yla devam eden \u015ei\u015fecam\u2019\u0131n<strong>\u00a0Yapay Zek\u00e2 ve Makine \u00d6\u011frenmesi Y\u00f6ntemleri<\/strong> ile <strong>Cam Rengi Optimizasyonu Projesi (CROP)<\/strong>, \u00fcretim s\u0131ras\u0131nda olu\u015fan <strong>renk sorunlar\u0131n\u0131 ortadan kald\u0131r\u0131rken<\/strong> \u00fcretimdeki <strong>fire oran\u0131n\u0131<\/strong> ve buna ba\u011fl\u0131 <strong>karbon sal\u0131m\u0131n\u0131 azaltacak.<\/strong><\/p>\n<p>\u015ei\u015fecam\u2019\u0131n <strong>Ko\u00e7 \u00dcniversitesi, T\u00dcB\u0130TAK Yapay Zek\u00e2 Enstit\u00fcs\u00fc ve Analythinx Bili\u015fim Hizmetleri<\/strong> ile konsorsiyum orta\u011f\u0131 oldu\u011fu proje kapsam\u0131nda, <strong>renk farkl\u0131l\u0131klar\u0131n\u0131n en aza indirilmesi<\/strong> ve cam \u00fcretiminde ya\u015fanmas\u0131 muhtemel renkle ilgili sorunlar\u0131n k\u00f6k nedeninin yapay zek\u00e2 modelleriyle tespit edilerek h\u0131zl\u0131 \u00e7\u00f6z\u00fcm \u00f6nerileri getirilmesine olanak sa\u011flayan bir altyap\u0131 geli\u015ftirilecek. Cam end\u00fcstrisindeki renk kalitesini art\u0131rmaya y\u00f6nelik geli\u015ftirilen projeyle, yapay zek\u00e2 alan\u0131ndaki teknoloji ve bilgi birikiminin \u00fcretime entegrasyonu ve ulusal bilgi birikimine katk\u0131 sa\u011flamas\u0131 hedefleniyor.<\/p>\n<p>\u0130lk \u00e7al\u0131\u015fmalar\u0131na <strong>\u015ei\u015fecam Eski\u015fehir Cam Ev E\u015fyas\u0131 fabrikas\u0131ndaki<\/strong> ba\u015flanacak proje<strong> 2 y\u0131l<\/strong> s\u00fcrecek. \u015ei\u015fecam&#8217;\u0131n inovasyon ve s\u00fcrekli geli\u015fime verdi\u011fi de\u011feri bir kez daha ortaya koyan projenin tamamlanmas\u0131n\u0131n ard\u0131ndan, elde edilen bilgilerin di\u011fer fabrikalara aktar\u0131lmas\u0131yla b\u00fcy\u00fck bir etki yaratmas\u0131 bekleniyor.<\/p>\n<p><strong>T\u00dcB\u0130TAK<\/strong>&#8216;\u0131n <strong>2023<\/strong>&#8216;teki <strong>1711 Yapay Zek\u00e2 Ekosistem \u00c7a\u011fr\u0131s\u0131<\/strong> sonucunda desteklenen <strong>17 projeden<\/strong> biri olan <strong>CROP<\/strong>, yapay zek\u00e2n\u0131n yaratt\u0131\u011f\u0131 de\u011fi\u015fimi y\u00f6netmek, insanl\u0131k yarar\u0131na neticeler elde etmek, yapay zek\u00e2dan de\u011fer \u00fcretmek ve kritik teknolojilerde tam ba\u011f\u0131ms\u0131zl\u0131k hedefine katk\u0131 sa\u011flayacak nitelikte bir modelleme i\u00e7eriyor.<\/p>","protected":false},"excerpt":{"rendered":"<p>Sorry, this entry is only available in Turkish. For the sake of viewer convenience, the content is shown below in the alternative language. You may click the link to switch the active language. S\u00fcrd\u00fcr\u00fclebilirlik \u00e7al\u0131\u015fmalar\u0131n\u0131 t\u00fcm i\u015f s\u00fcre\u00e7lerinin merkezine koyan \u015ei\u015fecam, T\u00dcB\u0130TAK deste\u011fi ald\u0131\u011f\u0131 yapay zek\u00e2 projesiyle cam \u00fcretimi s\u0131ras\u0131nda olu\u015fan renk sorunlar\u0131n\u0131 ortadan kald\u0131rarak [&hellip;]<\/p>\n","protected":false},"author":1,"featured_media":183504,"comment_status":"open","ping_status":"open","sticky":false,"template":"","format":"standard","meta":[],"categories":[53,52],"tags":[112108,20832,95636,106726,32733,112107],"views":36,"_links":{"self":[{"href":"https:\/\/www.enerjigazetesi.ist\/en\/wp-json\/wp\/v2\/posts\/183502"}],"collection":[{"href":"https:\/\/www.enerjigazetesi.ist\/en\/wp-json\/wp\/v2\/posts"}],"about":[{"href":"https:\/\/www.enerjigazetesi.ist\/en\/wp-json\/wp\/v2\/types\/post"}],"author":[{"embeddable":true,"href":"https:\/\/www.enerjigazetesi.ist\/en\/wp-json\/wp\/v2\/users\/1"}],"replies":[{"embeddable":true,"href":"https:\/\/www.enerjigazetesi.ist\/en\/wp-json\/wp\/v2\/comments?post=183502"}],"version-history":[{"count":0,"href":"https:\/\/www.enerjigazetesi.ist\/en\/wp-json\/wp\/v2\/posts\/183502\/revisions"}],"wp:featuredmedia":[{"embeddable":true,"href":"https:\/\/www.enerjigazetesi.ist\/en\/wp-json\/wp\/v2\/media\/183504"}],"wp:attachment":[{"href":"https:\/\/www.enerjigazetesi.ist\/en\/wp-json\/wp\/v2\/media?parent=183502"}],"wp:term":[{"taxonomy":"category","embeddable":true,"href":"https:\/\/www.enerjigazetesi.ist\/en\/wp-json\/wp\/v2\/categories?post=183502"},{"taxonomy":"post_tag","embeddable":true,"href":"https:\/\/www.enerjigazetesi.ist\/en\/wp-json\/wp\/v2\/tags?post=183502"}],"curies":[{"name":"wp","href":"https:\/\/api.w.org\/{rel}","templated":true}]}}