{"id":183446,"date":"2024-01-18T15:37:25","date_gmt":"2024-01-18T12:37:25","guid":{"rendered":"https:\/\/www.enerjigazetesi.ist\/?p=183446"},"modified":"2024-01-18T15:37:51","modified_gmt":"2024-01-18T12:37:51","slug":"koc-holding-ceosu-levent-cakiroglu-davos-zirvesinde-konustu","status":"publish","type":"post","link":"https:\/\/www.enerjigazetesi.ist\/en\/koc-holding-ceosu-levent-cakiroglu-davos-zirvesinde-konustu\/","title":{"rendered":"(Turkish) Ko\u00e7 Holding CEO\u2019su Levent \u00c7ak\u0131ro\u011flu Davos Zirvesi\u2019nde Konu\u015ftu"},"content":{"rendered":"<p class=\"qtranxs-available-languages-message qtranxs-available-languages-message-en\">Sorry, this entry is only available in <a href=\"https:\/\/www.enerjigazetesi.ist\/tr\/wp-json\/wp\/v2\/posts\/183446\" class=\"qtranxs-available-language-link qtranxs-available-language-link-tr\" title=\"Turkish\">Turkish<\/a>. For the sake of viewer convenience, the content is shown below in the alternative language. You may click the link to switch the active language.<\/p><p><\/p>\n<h2><strong>Ko\u00e7 Holding CEO\u2019su Levent \u00c7ak\u0131ro\u011flu, D\u00fcnya Ekonomik Forumu\u2019nun G\u00fcvenin Yeniden \u0130n\u015fas\u0131 (Rebuilding Trust) temas\u0131yla d\u00fczenledi\u011fi Davos Zirvesi\u2019ne kat\u0131ld\u0131. \u0130klim De\u011fi\u015fikli\u011fine Uyum i\u00e7in Yeni Uygulamalar (New Apps for Climate Adaptation) adl\u0131 oturumda konu\u015fan \u00c7ak\u0131ro\u011flu, Topluluk \u015firketi Entek\u2019in bu alanda geli\u015ftirdi\u011fi teknolojinin detaylar\u0131n\u0131 kat\u0131l\u0131mc\u0131larla payla\u015ft\u0131. Su verimlili\u011fi sa\u011flayan teknolojiler kullanarak iklim de\u011fi\u015fikli\u011finin etkilerini azaltmaya y\u00f6nelik \u00e7al\u0131\u015fmay\u0131 s\u00fcrd\u00fcreceklerini belirten \u00c7ak\u0131ro\u011flu, \u201cKo\u00e7 Toplulu\u011fu\u2019nun k\u00fclt\u00fcrel d\u00f6n\u00fc\u015f\u00fcm\u00fcn\u00fcn yap\u0131 ta\u015flar\u0131ndan biri olan dijital d\u00f6n\u00fc\u015f\u00fcm, karbon n\u00f6tr olma hedefimize giden yolda \u00f6nemli ivme kazand\u0131r\u0131yor\u201d dedi.<\/strong><\/h2>\n<p><strong>D\u00fcnya Ekonomik Forumu (WEF)<\/strong> taraf\u0131ndan G\u00fcvenin Yeniden \u0130n\u015fas\u0131 (Rebuilding Trust) ana temas\u0131 ile <strong>15-19 Ocak 2024 tarihleri<\/strong> aras\u0131nda ger\u00e7ekle\u015ftirilen <strong>Davos Zirvesi<\/strong>, 120 \u00fclkeden 2.800\u2019e yak\u0131n lideri bir araya getirdi. Zirve kapsam\u0131nda d\u00fczenlenen <strong>\u201c\u0130klim De\u011fi\u015fikli\u011fine Uyum i\u00e7in Yeni <img loading=\"lazy\" class=\"alignright wp-image-183448\" src=\"https:\/\/www.enerjigazetesi.ist\/wp-content\/uploads\/2024\/01\/koc-holding-ceosu-levent-cakiroglu-davos-zirvesinde-konustu.jpg\" alt=\"\" width=\"320\" height=\"235\" srcset=\"https:\/\/www.enerjigazetesi.ist\/wp-content\/uploads\/2024\/01\/koc-holding-ceosu-levent-cakiroglu-davos-zirvesinde-konustu.jpg 550w, https:\/\/www.enerjigazetesi.ist\/wp-content\/uploads\/2024\/01\/koc-holding-ceosu-levent-cakiroglu-davos-zirvesinde-konustu-300x220.jpg 300w, https:\/\/www.enerjigazetesi.ist\/wp-content\/uploads\/2024\/01\/koc-holding-ceosu-levent-cakiroglu-davos-zirvesinde-konustu-500x367.jpg 500w, https:\/\/www.enerjigazetesi.ist\/wp-content\/uploads\/2024\/01\/koc-holding-ceosu-levent-cakiroglu-davos-zirvesinde-konustu-68x50.jpg 68w\" sizes=\"(max-width: 320px) 100vw, 320px\" \/>Uygulamalar (New Apps for Climate Adaptation)\u201d<\/strong> ba\u015fl\u0131kl\u0131 oturumda konu\u015fan Levent \u00c7ak\u0131ro\u011flu, Ko\u00e7 Toplulu\u011fu\u2019nun iklim de\u011fi\u015fikli\u011fine uyum s\u00fcrecindeki \u00f6nceliklerini ve bu alanda geli\u015ftirdikleri teknolojilerin faydalar\u0131n\u0131 kat\u0131l\u0131mc\u0131larla payla\u015ft\u0131.<\/p>\n<p>Dijital d\u00f6n\u00fc\u015f\u00fcm\u00fcn, Ko\u00e7 Toplulu\u011fu&#8217;ndaki k\u00fclt\u00fcrel d\u00f6n\u00fc\u015f\u00fcm yolculu\u011funun yap\u0131 ta\u015flar\u0131ndan biri oldu\u011funu hat\u0131rlatan \u00c7ak\u0131ro\u011flu, <strong>2050 y\u0131l\u0131nda karbon n\u00f6tr olma<\/strong> hedeflerine vurgu yaparak, <strong>dijital ve ye\u015fil d\u00f6n\u00fc\u015f\u00fcm\u00fcn<\/strong> bu hedefe giden yolda \u00f6nemli bir ivme kazand\u0131rd\u0131\u011f\u0131n\u0131 s\u00f6yledi. \u201cSu k\u0131tl\u0131\u011f\u0131, iklim de\u011fi\u015fikli\u011fi kaynakl\u0131 en \u00f6nemli problemler aras\u0131nda yer al\u0131yor\u201d diye devam eden \u00c7ak\u0131ro\u011flu, bu nedenle<strong> su verimlili\u011fini art\u0131racak projelerin<\/strong> hayata ge\u00e7irilmesinin kritik \u00f6neme sahip oldu\u011funun alt\u0131n\u0131 \u00e7izdi. \u00c7ak\u0131ro\u011flu, <em>\u201cBu kapsamda <strong>suyun verimli kullan\u0131m\u0131na<\/strong> y\u00f6nelik teknolojiler geli\u015ftiriyor ve t\u00fcm de\u011fer zincirimizde iklim de\u011fi\u015fikli\u011fine uyum i\u00e7in gerekli ad\u0131mlar\u0131n at\u0131lmas\u0131na \u00f6nc\u00fcl\u00fck ediyoruz\u201d<\/em> dedi.<\/p>\n<h3><strong>Levent \u00c7ak\u0131ro\u011flu: \u201cYapay zek\u00e2 destekli projemiz barajlardaki su ak\u0131\u015f\u0131 hacimlerine ili\u015fkin tahminlerin do\u011fruluk oran\u0131n\u0131 %90\u2019a \u00e7\u0131kard\u0131.\u201d<\/strong><\/h3>\n<p>Su kaynaklar\u0131n\u0131n korunmas\u0131na ve su havzalar\u0131n\u0131n etkin y\u00f6netimine katk\u0131 sa\u011flayan teknolojilere \u00f6rnek veren \u00c7ak\u0131ro\u011flu, \u015f\u00f6yle konu\u015ftu:<em> \u201c<strong>Yenilenebilir enerji<\/strong> alan\u0131ndaki \u00f6nc\u00fc \u015firketimiz <strong>Entek<\/strong>, bilgi teknolojileri \u015firketimiz <strong>Ko\u00e7Digital<\/strong> ile <strong>ayn\u0131 miktarda su<\/strong> ile <strong>daha fazla enerji \u00fcretmeye<\/strong> y\u00f6nelik bir projeyi hayata ge\u00e7irdi. Yapay zek\u00e2 destekli proje, ge\u00e7ti\u011fimiz 25 y\u0131ldaki s\u0131cakl\u0131k, nem, kar kal\u0131nl\u0131\u011f\u0131, topografik \u00f6zellikler gibi 56 farkl\u0131 de\u011fi\u015fkeni makine \u00f6\u011frenimi ve derin \u00f6\u011frenme ile analiz ederek, portf\u00f6y\u00fcm\u00fczdeki <strong>Menzelet ve K\u0131lavuzlu hidroelektrik santrallerine<\/strong> gelebilecek su miktar\u0131na ili\u015fkin tahminlerde bulunuyor. Projemizin ba\u015far\u0131l\u0131 uygulamas\u0131 sayesinde; <strong>Menzelet Hidroelektrik Santralimiz<\/strong> i\u00e7in tahminlerin do\u011fruluk oran\u0131n\u0131n <strong>%90<\/strong>\u2019\u0131n \u00fczerine \u00e7\u0131kt\u0131\u011f\u0131n\u0131, enerji \u00fcretiminin<strong> %2,5<\/strong> oran\u0131nda artmas\u0131yla yakla\u015f\u0131k <strong>7 bin hanenin<\/strong> y\u0131ll\u0131k elektrik ihtiyac\u0131na kar\u015f\u0131l\u0131k gelen enerjinin ekonomiye kazand\u0131r\u0131laca\u011f\u0131n\u0131 hesapl\u0131yoruz.\u201d<\/em><\/p>\n<h3><strong>\u201cD\u00fc\u015f\u00fck karbonlu bir gelecek i\u00e7in farkl\u0131 sekt\u00f6rler aras\u0131ndaki i\u015f birliklerinin hayati \u00f6nem ta\u015f\u0131d\u0131\u011f\u0131na inan\u0131yoruz.\u201d<\/strong><\/h3>\n<p>Ko\u00e7 Toplulu\u011fu olarak yenilik\u00e7i uygulamalarla iklim de\u011fi\u015fikli\u011fine uyum y\u00f6n\u00fcnde \u00e7al\u0131\u015fmalara h\u0131z kesmeden devam edeceklerini belirten \u00c7ak\u0131ro\u011flu, karbon n\u00f6tr hedefi i\u00e7in t\u00fcm payda\u015flarla i\u015f birli\u011fi yapman\u0131n \u00f6nemine vurgu yapt\u0131. \u00c7ak\u0131ro\u011flu, <em>\u201cSon y\u0131llarda <strong>d\u00fc\u015f\u00fck karbon teknolojilerinin kullan\u0131m\u0131nda<\/strong> kayda de\u011fer bir art\u0131\u015f g\u00f6r\u00fcyoruz. D\u00fc\u015f\u00fck karbonlu bir gelecek i\u00e7in farkl\u0131 sekt\u00f6rler aras\u0131ndaki i\u015f birlikleri hayati \u00f6nem ta\u015f\u0131yor. Bu kapsamda, iklim konusundaki somut hedeflerimize ula\u015fmak i\u00e7in teknolojinin getirdi\u011fi t\u00fcm olanaklar\u0131 kullanmal\u0131y\u0131z\u201d<\/em> diye konu\u015ftu.<\/p>\n<p>Levent \u00c7ak\u0131ro\u011flu ayr\u0131ca, Ko\u00e7 Toplulu\u011fu\u2019nun benimsedi\u011fi teknoloji odakl\u0131 yakla\u015f\u0131m\u0131 yayg\u0131nla\u015ft\u0131rmak i\u00e7in, Toplulu\u011fun i\u015f g\u00fcc\u00fcn\u00fcn gelece\u011fin yetkinlikleriyle donat\u0131lmas\u0131n\u0131n en \u00f6nemli \u00f6nceliklerden biri oldu\u011funu vurgulayarak, \u015funlar\u0131 s\u00f6yledi: <em>\u201c\u00c7al\u0131\u015fanlar\u0131m\u0131z\u0131 gelece\u011fe haz\u0131rlarken, t\u00fcm departmanlardaki \u00e7al\u0131\u015fma arkada\u015flar\u0131m\u0131z\u0131 s\u00fcrece dahil ediyoruz. Bunun sonucu olarak, sat\u0131\u015f veya saha operasyonlar\u0131nda \u00e7al\u0131\u015fan meslekta\u015flar\u0131m\u0131z\u0131n veri analistli\u011fi becerisi kazand\u0131\u011f\u0131 ve kendi yapay zek\u00e2 modellerini geli\u015ftirdikleri \u00f6rneklere \u015fahit olduk. \u00c7al\u0131\u015fma arkada\u015flar\u0131m\u0131za ihtiya\u00e7 duyacaklar\u0131 yeni beceriler kazand\u0131rmak en b\u00fcy\u00fck \u00f6nceliklerimiz aras\u0131nda yer al\u0131yor. \u015eu ana kadar <strong>1.600&#8217;\u00fcn \u00fczerinde<\/strong> \u00e7al\u0131\u015fma arkada\u015f\u0131m\u0131z <strong>Veri Okuryazarl\u0131\u011f\u0131 Program\u0131m\u0131zdan<\/strong> faydaland\u0131. Bu kapsamdaki \u00e7al\u0131\u015fmalar\u0131m\u0131z devam edecek.\u201d<\/em><\/p>","protected":false},"excerpt":{"rendered":"<p>Sorry, this entry is only available in Turkish. For the sake of viewer convenience, the content is shown below in the alternative language. You may click the link to switch the active language. Ko\u00e7 Holding CEO\u2019su Levent \u00c7ak\u0131ro\u011flu, D\u00fcnya Ekonomik Forumu\u2019nun G\u00fcvenin Yeniden \u0130n\u015fas\u0131 (Rebuilding Trust) temas\u0131yla d\u00fczenledi\u011fi Davos Zirvesi\u2019ne kat\u0131ld\u0131. \u0130klim De\u011fi\u015fikli\u011fine Uyum i\u00e7in [&hellip;]<\/p>\n","protected":false},"author":1,"featured_media":183448,"comment_status":"open","ping_status":"open","sticky":false,"template":"","format":"standard","meta":[],"categories":[53,52,157],"tags":[31910,100140,65140,1999,1247,1609,30324],"views":38,"_links":{"self":[{"href":"https:\/\/www.enerjigazetesi.ist\/en\/wp-json\/wp\/v2\/posts\/183446"}],"collection":[{"href":"https:\/\/www.enerjigazetesi.ist\/en\/wp-json\/wp\/v2\/posts"}],"about":[{"href":"https:\/\/www.enerjigazetesi.ist\/en\/wp-json\/wp\/v2\/types\/post"}],"author":[{"embeddable":true,"href":"https:\/\/www.enerjigazetesi.ist\/en\/wp-json\/wp\/v2\/users\/1"}],"replies":[{"embeddable":true,"href":"https:\/\/www.enerjigazetesi.ist\/en\/wp-json\/wp\/v2\/comments?post=183446"}],"version-history":[{"count":0,"href":"https:\/\/www.enerjigazetesi.ist\/en\/wp-json\/wp\/v2\/posts\/183446\/revisions"}],"wp:featuredmedia":[{"embeddable":true,"href":"https:\/\/www.enerjigazetesi.ist\/en\/wp-json\/wp\/v2\/media\/183448"}],"wp:attachment":[{"href":"https:\/\/www.enerjigazetesi.ist\/en\/wp-json\/wp\/v2\/media?parent=183446"}],"wp:term":[{"taxonomy":"category","embeddable":true,"href":"https:\/\/www.enerjigazetesi.ist\/en\/wp-json\/wp\/v2\/categories?post=183446"},{"taxonomy":"post_tag","embeddable":true,"href":"https:\/\/www.enerjigazetesi.ist\/en\/wp-json\/wp\/v2\/tags?post=183446"}],"curies":[{"name":"wp","href":"https:\/\/api.w.org\/{rel}","templated":true}]}}