{"id":183408,"date":"2024-01-17T15:38:07","date_gmt":"2024-01-17T12:38:07","guid":{"rendered":"https:\/\/www.enerjigazetesi.ist\/?p=183408"},"modified":"2024-01-17T15:38:07","modified_gmt":"2024-01-17T12:38:07","slug":"bes-havalimanina-gunes-santrali-kuruldu","status":"publish","type":"post","link":"https:\/\/www.enerjigazetesi.ist\/en\/bes-havalimanina-gunes-santrali-kuruldu\/","title":{"rendered":"(Turkish) Be\u015f Havaliman\u0131na G\u00fcne\u015f Santrali Kuruldu"},"content":{"rendered":"<p class=\"qtranxs-available-languages-message qtranxs-available-languages-message-en\">Sorry, this entry is only available in <a href=\"https:\/\/www.enerjigazetesi.ist\/tr\/wp-json\/wp\/v2\/posts\/183408\" class=\"qtranxs-available-language-link qtranxs-available-language-link-tr\" title=\"Turkish\">Turkish<\/a>. For the sake of viewer convenience, the content is shown below in the alternative language. You may click the link to switch the active language.<\/p><p><\/p>\n<h2><strong>Devlet Hava Meydanlar\u0131 \u0130\u015fletmesi Genel M\u00fcd\u00fcrl\u00fc\u011f\u00fc (DHM\u0130) Genel M\u00fcd\u00fcr\u00fc H\u00fcseyin Keskin, 5 havaliman\u0131nda g\u00fcne\u015f enerjisi santralinin yap\u0131m\u0131n\u0131 tamamlad\u0131klar\u0131n\u0131 belirterek, 2050 y\u0131l\u0131nda s\u0131f\u0131r karbon emisyonuna ula\u015fmay\u0131 istediklerini s\u00f6yledi.<\/strong><\/h2>\n<p style=\"text-align: center;\"><img loading=\"lazy\" class=\"aligncenter wp-image-183410\" src=\"https:\/\/www.enerjigazetesi.ist\/wp-content\/uploads\/2024\/01\/bes-havalimanina-gunes-santrali-kuruldu.jpg\" alt=\"\" width=\"500\" height=\"334\" srcset=\"https:\/\/www.enerjigazetesi.ist\/wp-content\/uploads\/2024\/01\/bes-havalimanina-gunes-santrali-kuruldu.jpg 550w, https:\/\/www.enerjigazetesi.ist\/wp-content\/uploads\/2024\/01\/bes-havalimanina-gunes-santrali-kuruldu-300x200.jpg 300w, https:\/\/www.enerjigazetesi.ist\/wp-content\/uploads\/2024\/01\/bes-havalimanina-gunes-santrali-kuruldu-500x334.jpg 500w, https:\/\/www.enerjigazetesi.ist\/wp-content\/uploads\/2024\/01\/bes-havalimanina-gunes-santrali-kuruldu-75x50.jpg 75w, https:\/\/www.enerjigazetesi.ist\/wp-content\/uploads\/2024\/01\/bes-havalimanina-gunes-santrali-kuruldu-450x300.jpg 450w\" sizes=\"(max-width: 500px) 100vw, 500px\" \/><\/p>\n<p><strong>Devlet Hava Meydanlar\u0131 \u0130\u015fletmesi (DHM\u0130) Genel M\u00fcd\u00fcr\u00fc H\u00fcseyin Keskin<\/strong>, yenilenebilir enerji kullan\u0131m\u0131n\u0131n art\u0131r\u0131lmas\u0131 kapsam\u0131nda,<strong> 5<\/strong> havaliman\u0131nda toplam <strong>3,5 megavat<\/strong> kurulu g\u00fcce sahip <strong>g\u00fcne\u015f enerjisi santrali (GES) yap\u0131m\u0131n\u0131<\/strong> tamamlad\u0131klar\u0131n\u0131 belirterek, <em>\u201cT\u00fcm havalimanlar\u0131nda GES yap\u0131m\u0131n\u0131n yayg\u0131nla\u015ft\u0131r\u0131lmas\u0131 i\u00e7in \u00e7al\u0131\u015f\u0131yoruz\u201d<\/em> dedi.<\/p>\n<p>Keskin X sosyal medya platformundan yapt\u0131\u011f\u0131 a\u00e7\u0131klamada, <strong>8-14 Ocak Enerji Verimlili\u011fi Haftas\u0131<\/strong> kapsam\u0131nda DHM\u0130\u2019nin att\u0131\u011f\u0131 ad\u0131mlara ili\u015fkin de\u011ferlendirmede bulundu. Keskin, havalimanlar\u0131nda yap\u0131lan <strong>yenilenebilir enerjiye y\u00f6nelik yat\u0131r\u0131mlarla<\/strong> enerji maliyetlerini azaltt\u0131klar\u0131n\u0131 belirterek, <em>\u201cYenilenebilir enerji kullan\u0131m\u0131n\u0131n art\u0131r\u0131lmas\u0131 kapsam\u0131nda, <strong>5 havaliman\u0131nda<\/strong> toplam <strong>3,5 megavat<\/strong> kurulu g\u00fcce sahip <strong>g\u00fcne\u015f enerji santrali yap\u0131m\u0131n\u0131<\/strong> tamamlad\u0131k. T\u00fcm havalimanlar\u0131nda GES yap\u0131m\u0131n\u0131n yayg\u0131nla\u015ft\u0131r\u0131lmas\u0131 i\u00e7in \u00e7al\u0131\u015fmalar\u0131m\u0131z devam ediyor\u201d<\/em> de\u011ferlendirmesinde bulundu.<\/p>\n<h3><strong>ELEKTR\u0130KL\u0130 ARA\u00c7LAR KULLANILACAK<\/strong><\/h3>\n<p>Havalimanlar\u0131nda hizmet veren ara\u00e7lar\u0131n elektrikli ara\u00e7lara d\u00f6n\u00fc\u015ft\u00fcr\u00fclmesi i\u00e7in \u00e7al\u0131\u015ft\u0131klar\u0131n\u0131 belirten Keskin, <strong>15 Togg\u2019un<\/strong> hizmet a\u011f\u0131na dahil edildi\u011fini, bu say\u0131n\u0131n art\u0131r\u0131lmas\u0131na \u00e7al\u0131\u015ft\u0131klar\u0131n\u0131 dile getirdi. <strong>Antalya Havaliman\u0131\u2019nda<\/strong> yap\u0131m\u0131 devam eden <strong>U\u00e7ak Yak\u0131t Hidrant Sistemi\u2019nin<\/strong> faaliyete ge\u00e7mesiyle, park pozisyonundaki u\u00e7aklara sistemden yak\u0131t ikmali yap\u0131laca\u011f\u0131n\u0131 belirten Keskin, <em>\u201cBu sayede, apronda yer emniyeti b\u00fcy\u00fck oranda artacak ve ara\u00e7 trafi\u011fi yo\u011funlu\u011fu asgariye inerek \u00e7evre kirlili\u011finin azalt\u0131lmas\u0131na da katk\u0131 sa\u011flanacak\u201d<\/em> ifadesini kulland\u0131.<\/p>\n<h3><strong>26 YILDA SIFIR KARBON EM\u0130SYONU HEDEF\u0130<\/strong><\/h3>\n<p>DHM\u0130 olarak<strong> 2050 y\u0131l\u0131na kadar<\/strong> <strong>net s\u0131f\u0131r karbon emisyonuna ula\u015fmay\u0131<\/strong> hedeflediklerini belirten Keskin, bu alanda kurum taraf\u0131ndan yap\u0131lan di\u011fer projelere ili\u015fkin <span style=\"text-decoration: underline;\">\u015funlar\u0131 kaydetti:<\/span><\/p>\n<p><em>\u201cT\u00dcB\u0130TAK-MAM ile Gaziantep, Erzurum, Ordu-Giresun ve Mu\u011fla\u2019daki Milas-Bodrum havalimanlar\u0131nda \u2018\u0130klim De\u011fi\u015fikli\u011fi Stratejileri Haz\u0131rlama Projesi\u2019ni ba\u015far\u0131yla tamamlam\u0131\u015f bulunmaktay\u0131z. Bu projeyle bu havalimanlar\u0131na \u00f6zg\u00fc \u2018\u0130klim De\u011fi\u015fikli\u011fi Stratejileri Dok\u00fcmanlar\u0131\u2019 haz\u0131rlanarak, karbon azalt\u0131m\u0131na y\u00f6nelik projeksiyonlar elde edildi. Havalimanlar\u0131m\u0131zda ARFF (Havaliman\u0131 Kurtarma Yang\u0131nla M\u00fccadele) ara\u00e7lar\u0131n\u0131n g\u00fcnl\u00fck kontrolleri s\u0131ras\u0131nda kullan\u0131lan suyun geri d\u00f6n\u00fc\u015f\u00fcm\u00fc i\u00e7in, suyun ARFF ikmal havuzunda toplanmas\u0131 sa\u011flanarak su tasarrufu hedefleyen proje hayata ge\u00e7irildi. DHM\u0130, Karbonsuz Havaliman\u0131 Projesi kapsam\u0131nda, 2023\u2019te Uluslararas\u0131 Havalimanlar\u0131 Konseyi (ACI) taraf\u0131ndan y\u00fcr\u00fct\u00fclen Havaliman\u0131 Karbon Akreditasyonu Program\u0131\u2019nda 50 havaliman\u0131n\u0131 \u00e7e\u015fitli seviyelerde sertifikaland\u0131rd\u0131.\u201d<\/em><\/p>","protected":false},"excerpt":{"rendered":"<p>Sorry, this entry is only available in Turkish. For the sake of viewer convenience, the content is shown below in the alternative language. You may click the link to switch the active language. Devlet Hava Meydanlar\u0131 \u0130\u015fletmesi Genel M\u00fcd\u00fcrl\u00fc\u011f\u00fc (DHM\u0130) Genel M\u00fcd\u00fcr\u00fc H\u00fcseyin Keskin, 5 havaliman\u0131nda g\u00fcne\u015f enerjisi santralinin yap\u0131m\u0131n\u0131 tamamlad\u0131klar\u0131n\u0131 belirterek, 2050 y\u0131l\u0131nda s\u0131f\u0131r [&hellip;]<\/p>\n","protected":false},"author":1,"featured_media":183410,"comment_status":"open","ping_status":"open","sticky":false,"template":"","format":"standard","meta":[],"categories":[53,49],"tags":[112087,2326,2569,2206],"views":55,"_links":{"self":[{"href":"https:\/\/www.enerjigazetesi.ist\/en\/wp-json\/wp\/v2\/posts\/183408"}],"collection":[{"href":"https:\/\/www.enerjigazetesi.ist\/en\/wp-json\/wp\/v2\/posts"}],"about":[{"href":"https:\/\/www.enerjigazetesi.ist\/en\/wp-json\/wp\/v2\/types\/post"}],"author":[{"embeddable":true,"href":"https:\/\/www.enerjigazetesi.ist\/en\/wp-json\/wp\/v2\/users\/1"}],"replies":[{"embeddable":true,"href":"https:\/\/www.enerjigazetesi.ist\/en\/wp-json\/wp\/v2\/comments?post=183408"}],"version-history":[{"count":0,"href":"https:\/\/www.enerjigazetesi.ist\/en\/wp-json\/wp\/v2\/posts\/183408\/revisions"}],"wp:featuredmedia":[{"embeddable":true,"href":"https:\/\/www.enerjigazetesi.ist\/en\/wp-json\/wp\/v2\/media\/183410"}],"wp:attachment":[{"href":"https:\/\/www.enerjigazetesi.ist\/en\/wp-json\/wp\/v2\/media?parent=183408"}],"wp:term":[{"taxonomy":"category","embeddable":true,"href":"https:\/\/www.enerjigazetesi.ist\/en\/wp-json\/wp\/v2\/categories?post=183408"},{"taxonomy":"post_tag","embeddable":true,"href":"https:\/\/www.enerjigazetesi.ist\/en\/wp-json\/wp\/v2\/tags?post=183408"}],"curies":[{"name":"wp","href":"https:\/\/api.w.org\/{rel}","templated":true}]}}