{"id":183378,"date":"2024-01-17T14:00:07","date_gmt":"2024-01-17T11:00:07","guid":{"rendered":"https:\/\/www.enerjigazetesi.ist\/?p=183378"},"modified":"2024-01-17T14:00:37","modified_gmt":"2024-01-17T11:00:37","slug":"byd-turkiye-finans-direktorlugu-gorevine-irfan-arman-ulusoy-getirildi","status":"publish","type":"post","link":"https:\/\/www.enerjigazetesi.ist\/en\/byd-turkiye-finans-direktorlugu-gorevine-irfan-arman-ulusoy-getirildi\/","title":{"rendered":"(Turkish) BYD T\u00fcrkiye Finans Direkt\u00f6rl\u00fc\u011f\u00fc G\u00f6revine \u0130rfan Arman Ulusoy Getirildi"},"content":{"rendered":"<p class=\"qtranxs-available-languages-message qtranxs-available-languages-message-en\">Sorry, this entry is only available in <a href=\"https:\/\/www.enerjigazetesi.ist\/tr\/wp-json\/wp\/v2\/posts\/183378\" class=\"qtranxs-available-language-link qtranxs-available-language-link-tr\" title=\"Turkish\">Turkish<\/a>. For the sake of viewer convenience, the content is shown below in the alternative language. You may click the link to switch the active language.<\/p><p><\/p>\n<h2>T\u00fcrkiye otomotiv sekt\u00f6r\u00fcne elektrikli ara\u00e7lar\u0131yla giri\u015f yapan BYD T\u00fcrkiye\u2019de Finans Direkt\u00f6r\u00fc g\u00f6revini \u0130rfan Arman Ulusoy \u00fcstlendi. \u0130stanbul Teknik \u00dcniversitesi \u0130\u015fletme M\u00fchendisli\u011fi b\u00f6l\u00fcm\u00fcnden mezun olan Ulusoy\u2019un Ko\u00e7 \u00dcniversitesi\u2019nden Executive MBA derecesi bulunuyor.<\/h2>\n<p style=\"text-align: center;\"><img loading=\"lazy\" class=\"aligncenter wp-image-183380\" src=\"https:\/\/www.enerjigazetesi.ist\/wp-content\/uploads\/2024\/01\/byd-turkiye-finans-direktorlugu-gorevine-irfan-arman-ulusoy-getirildi.jpg\" alt=\"\" width=\"500\" height=\"398\" srcset=\"https:\/\/www.enerjigazetesi.ist\/wp-content\/uploads\/2024\/01\/byd-turkiye-finans-direktorlugu-gorevine-irfan-arman-ulusoy-getirildi.jpg 550w, https:\/\/www.enerjigazetesi.ist\/wp-content\/uploads\/2024\/01\/byd-turkiye-finans-direktorlugu-gorevine-irfan-arman-ulusoy-getirildi-300x239.jpg 300w, https:\/\/www.enerjigazetesi.ist\/wp-content\/uploads\/2024\/01\/byd-turkiye-finans-direktorlugu-gorevine-irfan-arman-ulusoy-getirildi-500x398.jpg 500w, https:\/\/www.enerjigazetesi.ist\/wp-content\/uploads\/2024\/01\/byd-turkiye-finans-direktorlugu-gorevine-irfan-arman-ulusoy-getirildi-63x50.jpg 63w\" sizes=\"(max-width: 500px) 100vw, 500px\" \/><\/p>\n<p>BYD\u2019deki yeni g\u00f6revine ba\u015flayan \u0130rfan Arman Ulusoy, Ko\u00e7 Holding ve \u015firketlerinde t\u00fcm mali s\u00fcre\u00e7lere ili\u015fkin b\u00f6l\u00fcmlerdeki tecr\u00fcbesinin yan\u0131nda denetim, sat\u0131n alma ve kurumsal inovasyon alanlar\u0131nda yakla\u015f\u0131k 21 y\u0131ld\u0131r g\u00fc\u00e7l\u00fc bir profesyonel ge\u00e7mi\u015fe sahip.<\/p>\n<h3><strong>BYD Hakk\u0131nda Bilgilendirme<\/strong><\/h3>\n<p>\u00c7ok uluslu bir teknoloji \u015firketi olan BYD, daha iyi bir ya\u015fam i\u00e7in teknolojik inovasyonlar\u0131yla \u00f6ne \u00e7\u0131k\u0131yor. 1995 y\u0131l\u0131nda \u015farj edilebilir batarya \u00fcreticisi olarak kurulan BYD, \u015fu anda \u00c7in, ABD, Kanada, Japonya, Brezilya, Macaristan ve Hindistan&#8217;da 30&#8217;dan fazla end\u00fcstriyel park\u0131yla otomobil, rayl\u0131 ula\u015f\u0131m, yeni enerji ve elektroni\u011fi kapsayan \u00e7ok \u00e7e\u015fitli bir i\u015f alan\u0131na sahiptir. BYD, enerji \u00fcretimi ve depolamadan uygulamalar\u0131na kadar, fosil yak\u0131tlara olan k\u00fcresel ba\u011f\u0131ml\u0131l\u0131\u011f\u0131 azaltan s\u0131f\u0131r emisyonlu enerji \u00e7\u00f6z\u00fcmleri sa\u011flamaya kendini adam\u0131\u015ft\u0131r. Yeni enerji ara\u00e7 ayak izi \u015fu anda 6 k\u0131tay\u0131, 70&#8217;ten fazla \u00fclke\/b\u00f6lgeyi ve 400&#8217;den fazla \u015fehri kapsamaktad\u0131r. Hong Kong ve Shenzhen Borsalar\u0131nda i\u015flem g\u00f6ren \u015firket, daha ye\u015fil bir d\u00fcnya i\u00e7in yenilikler sunan bir Fortune Global 500 kurulu\u015fu olarak bilinmektedir.<\/p>\n<h3><strong>BYD Auto Hakk\u0131nda Bilgilendirme<\/strong><\/h3>\n<p>2003 y\u0131l\u0131nda kurulan BYD Auto, kendini daha iyi bir ya\u015fam i\u00e7in teknolojik yeniliklerden yararlanmaya adam\u0131\u015f \u00e7ok uluslu bir y\u00fcksek teknoloji \u015firketi olan BYD&#8217;nin otomotiv i\u015ftirakidir. Global ula\u015f\u0131m sekt\u00f6r\u00fcn\u00fcn \u00e7evreci d\u00f6n\u00fc\u015f\u00fcm\u00fcn\u00fc h\u0131zland\u0131rmay\u0131 hedefleyen BYD Auto, tam elektrikli ve plug-in hibrit ara\u00e7lar geli\u015ftirmeye odaklanm\u0131\u015ft\u0131r. \u015eirket, bataryalar, elektrik motorlar\u0131, elektronik kontrol \u00fcniteleri ve otomotiv i\u00e7in \u00e7ipler gibi yeni enerji ara\u00e7lar\u0131n\u0131n t\u00fcm end\u00fcstriyel zincirinin temel teknolojilerinde uzmanla\u015fm\u0131\u015ft\u0131r. Son y\u0131llarda Blade Batarya, DM-i ve DM-p hibrit teknolojisi, e-Platform 3.0 ve CTB teknolojisi gibi \u00f6nemli geli\u015fmelere \u00f6nc\u00fcl\u00fck etmi\u015ftir. \u015eirket, elektrikli ara\u00e7 d\u00f6n\u00fc\u015f\u00fcm\u00fcnde fosil yak\u0131tl\u0131 ara\u00e7 \u00fcretimini durduran d\u00fcnyan\u0131n ilk otomobil \u00fcreticisidir ve \u00c7in&#8217;de 9 y\u0131l \u00fcst \u00fcste yeni enerji binek ara\u00e7 sat\u0131\u015flar\u0131n\u0131n zirvesinde yer alm\u0131\u015ft\u0131r.<\/p>","protected":false},"excerpt":{"rendered":"<p>Sorry, this entry is only available in Turkish. For the sake of viewer convenience, the content is shown below in the alternative language. You may click the link to switch the active language. T\u00fcrkiye otomotiv sekt\u00f6r\u00fcne elektrikli ara\u00e7lar\u0131yla giri\u015f yapan BYD T\u00fcrkiye\u2019de Finans Direkt\u00f6r\u00fc g\u00f6revini \u0130rfan Arman Ulusoy \u00fcstlendi. \u0130stanbul Teknik \u00dcniversitesi \u0130\u015fletme M\u00fchendisli\u011fi b\u00f6l\u00fcm\u00fcnden [&hellip;]<\/p>\n","protected":false},"author":1,"featured_media":183380,"comment_status":"open","ping_status":"open","sticky":false,"template":"","format":"standard","meta":[],"categories":[51,53],"tags":[4781,112071,215,112073,112072,2834],"views":100,"_links":{"self":[{"href":"https:\/\/www.enerjigazetesi.ist\/en\/wp-json\/wp\/v2\/posts\/183378"}],"collection":[{"href":"https:\/\/www.enerjigazetesi.ist\/en\/wp-json\/wp\/v2\/posts"}],"about":[{"href":"https:\/\/www.enerjigazetesi.ist\/en\/wp-json\/wp\/v2\/types\/post"}],"author":[{"embeddable":true,"href":"https:\/\/www.enerjigazetesi.ist\/en\/wp-json\/wp\/v2\/users\/1"}],"replies":[{"embeddable":true,"href":"https:\/\/www.enerjigazetesi.ist\/en\/wp-json\/wp\/v2\/comments?post=183378"}],"version-history":[{"count":0,"href":"https:\/\/www.enerjigazetesi.ist\/en\/wp-json\/wp\/v2\/posts\/183378\/revisions"}],"wp:featuredmedia":[{"embeddable":true,"href":"https:\/\/www.enerjigazetesi.ist\/en\/wp-json\/wp\/v2\/media\/183380"}],"wp:attachment":[{"href":"https:\/\/www.enerjigazetesi.ist\/en\/wp-json\/wp\/v2\/media?parent=183378"}],"wp:term":[{"taxonomy":"category","embeddable":true,"href":"https:\/\/www.enerjigazetesi.ist\/en\/wp-json\/wp\/v2\/categories?post=183378"},{"taxonomy":"post_tag","embeddable":true,"href":"https:\/\/www.enerjigazetesi.ist\/en\/wp-json\/wp\/v2\/tags?post=183378"}],"curies":[{"name":"wp","href":"https:\/\/api.w.org\/{rel}","templated":true}]}}