{"id":183331,"date":"2024-01-16T15:00:28","date_gmt":"2024-01-16T12:00:28","guid":{"rendered":"https:\/\/www.enerjigazetesi.ist\/?p=183331"},"modified":"2024-01-16T15:01:01","modified_gmt":"2024-01-16T12:01:01","slug":"sisecam-in-icrona-ortaklik-sureci-tamamlandi","status":"publish","type":"post","link":"https:\/\/www.enerjigazetesi.ist\/en\/sisecam-in-icrona-ortaklik-sureci-tamamlandi\/","title":{"rendered":"(Turkish) \u015ei\u015fecam&#8217;\u0131n ICRON\u2019a Ortakl\u0131k S\u00fcreci Tamamland\u0131"},"content":{"rendered":"<p class=\"qtranxs-available-languages-message qtranxs-available-languages-message-en\">Sorry, this entry is only available in <a href=\"https:\/\/www.enerjigazetesi.ist\/tr\/wp-json\/wp\/v2\/posts\/183331\" class=\"qtranxs-available-language-link qtranxs-available-language-link-tr\" title=\"Turkish\">Turkish<\/a>. For the sake of viewer convenience, the content is shown below in the alternative language. You may click the link to switch the active language.<\/p><p><\/p>\n<h2><strong>\u015ei\u015fecam&#8217;\u0131n operasyonel ve stratejik seviyede karar optimizasyonu hizmeti sunan T\u00fcrk teknoloji \u015firketi ICRON\u2019a ortak olma s\u00fcreci tamamland\u0131.<\/strong><\/h2>\n<p style=\"text-align: center;\"><img loading=\"lazy\" class=\"aligncenter wp-image-183334\" src=\"https:\/\/www.enerjigazetesi.ist\/wp-content\/uploads\/2024\/01\/sisecam-in-icrona-ortaklik-sureci-tamamlandi-1.jpg\" alt=\"\" width=\"500\" height=\"416\" srcset=\"https:\/\/www.enerjigazetesi.ist\/wp-content\/uploads\/2024\/01\/sisecam-in-icrona-ortaklik-sureci-tamamlandi-1.jpg 550w, https:\/\/www.enerjigazetesi.ist\/wp-content\/uploads\/2024\/01\/sisecam-in-icrona-ortaklik-sureci-tamamlandi-1-300x250.jpg 300w, https:\/\/www.enerjigazetesi.ist\/wp-content\/uploads\/2024\/01\/sisecam-in-icrona-ortaklik-sureci-tamamlandi-1-480x400.jpg 480w, https:\/\/www.enerjigazetesi.ist\/wp-content\/uploads\/2024\/01\/sisecam-in-icrona-ortaklik-sureci-tamamlandi-1-60x50.jpg 60w, https:\/\/www.enerjigazetesi.ist\/wp-content\/uploads\/2024\/01\/sisecam-in-icrona-ortaklik-sureci-tamamlandi-1-500x416.jpg 500w\" sizes=\"(max-width: 500px) 100vw, 500px\" \/><\/p>\n<p>\u015ei\u015fecam\u2019\u0131n y\u00fczde 100 i\u015ftiraki olan <strong>\u015ei\u015fecam Investment B.V<\/strong>\u2019nin T\u00fcrk teknoloji \u015firketi<strong> ICRON<\/strong>\u2019dan hisse al\u0131m i\u015flemi <strong>15 Ocak 2024<\/strong> tarihinde yap\u0131lan kapan\u0131\u015f genel kurulu ile ger\u00e7ekle\u015fti. \u015ei\u015fecam Investment B.V Genel Kurulu\u2019na \u015ei\u015fecam Y\u00f6netim Kurulu Ba\u015fkan\u0131 ve Murahhas \u00dcyesi Prof. Dr. Ahmet K\u0131rman, \u015ei\u015fecam Genel M\u00fcd\u00fcr\u00fc G\u00f6rkem Elverici, ICRON Kurucu Orta\u011f\u0131 A. Tamer \u00dcnal, ICRON Y\u00f6netim Kurulu Ba\u015fkan\u0131 ve CEO&#8217;su G\u00fcrer \u00dcnal ve ICRON Y\u00f6netim Kurulu \u00dcyesi Ahmet Ertu\u011frul kat\u0131ld\u0131.<\/p>\n<p>Ger\u00e7ekle\u015fen i\u015flem sonucunda, ICRON\u2019un <strong>y\u00fczde 3<\/strong> oran\u0131ndaki pay\u0131<strong> 3 Milyon dolar<\/strong> kar\u015f\u0131l\u0131\u011f\u0131nda <strong>\u015ei\u015fecam Investment B.V.<\/strong> taraf\u0131ndan sat\u0131n al\u0131nd\u0131. S\u00f6z konusu hisse al\u0131m\u0131 ile e\u015fzamanl\u0131 olarak ayr\u0131ca ICRON\u2019un sermayesinin yaln\u0131zca \u015ei\u015fecam Investment B.V. taraf\u0131ndan i\u015ftirak edilerek<strong> 5 Milyon dolar<\/strong> kar\u015f\u0131l\u0131\u011f\u0131nda art\u0131r\u0131lmas\u0131 karar\u0131 da al\u0131nd\u0131. Bu sermaye art\u0131r\u0131m\u0131 ile \u015ei\u015fecam Investment B.V\u2019nin ICRON\u2019daki pay\u0131 <strong>y\u00fczde 15,66\u2019ya<\/strong> y\u00fckselecek.<\/p>\n<p>2023 y\u0131l\u0131n\u0131n ilk yar\u0131s\u0131nda farkl\u0131 sekt\u00f6rlere operasyonel ve stratejik karar optimizasyonu hizmeti sunan ICRON&#8217;a yat\u0131r\u0131m yapmak \u00fczere niyet mektubu imzalayan \u015ei\u015fecam, ICRON ile ortakl\u0131k konusunda anla\u015fmaya vard\u0131\u011f\u0131n\u0131 2023 y\u0131l\u0131n\u0131n Ekim ay\u0131nda duyurmu\u015ftu. Rekabet Kurulu taraf\u0131ndan da onaylanan s\u00f6zle\u015fme kapsam\u0131nda \u015ei\u015fecam, ilerleyen d\u00f6nemde ICRON&#8217;daki toplam pay\u0131n\u0131 y\u00fczde 49&#8217;a kadar y\u00fckseltmesine olanak tan\u0131yacak sat\u0131n al\u0131m opsiyon hakk\u0131n\u0131 da elinde bulunduruyor. \u015ei\u015fecam, yaz\u0131l\u0131m teknolojileri alan\u0131ndaki ilk yat\u0131r\u0131m\u0131 olan bu ortakl\u0131kla, y\u00fcksek potansiyele sahip ICRON ile b\u00fcy\u00fcmeyi, mevcut faaliyetlerindeki operasyonel m\u00fckemmellik ve optimizasyon yakla\u015f\u0131m\u0131n\u0131 bir \u00fcst seviyeye ta\u015f\u0131may\u0131 hedefliyor.<\/p>\n<p>D\u00fcnyan\u0131n sayg\u0131n teknoloji ara\u015ft\u0131rma ve dan\u0131\u015fmanl\u0131k kurulu\u015flar\u0131ndan Gartner\u2019\u0131n global \u00f6l\u00e7ekte en iyi 20 firmaya yer verdi\u011fi <strong>\u201cMagic Quadrant for Supply Chain Planning Solutions\u201d<\/strong>\u0131n 2023 listesinde yer alan ICRON\u2019un, \u015ei\u015fecam\u2019\u0131n g\u00fc\u00e7lendirdi\u011fi <strong>dijital alt yap\u0131s\u0131<\/strong> ve<strong> g\u00fcn\u00fcn ihtiya\u00e7lar\u0131n\u0131<\/strong> eksiksiz kar\u015f\u0131layan kalite yakla\u015f\u0131m\u0131yla hem <strong>operasyonel<\/strong> hem de <strong>finansal performansa katk\u0131 sunmas\u0131<\/strong> bekleniyor.<\/p>","protected":false},"excerpt":{"rendered":"<p>Sorry, this entry is only available in Turkish. For the sake of viewer convenience, the content is shown below in the alternative language. You may click the link to switch the active language. \u015ei\u015fecam&#8217;\u0131n operasyonel ve stratejik seviyede karar optimizasyonu hizmeti sunan T\u00fcrk teknoloji \u015firketi ICRON\u2019a ortak olma s\u00fcreci tamamland\u0131. \u015ei\u015fecam\u2019\u0131n y\u00fczde 100 i\u015ftiraki olan [&hellip;]<\/p>\n","protected":false},"author":1,"featured_media":183333,"comment_status":"open","ping_status":"open","sticky":false,"template":"","format":"standard","meta":[],"categories":[53,52],"tags":[109662,32733,112053],"views":37,"_links":{"self":[{"href":"https:\/\/www.enerjigazetesi.ist\/en\/wp-json\/wp\/v2\/posts\/183331"}],"collection":[{"href":"https:\/\/www.enerjigazetesi.ist\/en\/wp-json\/wp\/v2\/posts"}],"about":[{"href":"https:\/\/www.enerjigazetesi.ist\/en\/wp-json\/wp\/v2\/types\/post"}],"author":[{"embeddable":true,"href":"https:\/\/www.enerjigazetesi.ist\/en\/wp-json\/wp\/v2\/users\/1"}],"replies":[{"embeddable":true,"href":"https:\/\/www.enerjigazetesi.ist\/en\/wp-json\/wp\/v2\/comments?post=183331"}],"version-history":[{"count":0,"href":"https:\/\/www.enerjigazetesi.ist\/en\/wp-json\/wp\/v2\/posts\/183331\/revisions"}],"wp:featuredmedia":[{"embeddable":true,"href":"https:\/\/www.enerjigazetesi.ist\/en\/wp-json\/wp\/v2\/media\/183333"}],"wp:attachment":[{"href":"https:\/\/www.enerjigazetesi.ist\/en\/wp-json\/wp\/v2\/media?parent=183331"}],"wp:term":[{"taxonomy":"category","embeddable":true,"href":"https:\/\/www.enerjigazetesi.ist\/en\/wp-json\/wp\/v2\/categories?post=183331"},{"taxonomy":"post_tag","embeddable":true,"href":"https:\/\/www.enerjigazetesi.ist\/en\/wp-json\/wp\/v2\/tags?post=183331"}],"curies":[{"name":"wp","href":"https:\/\/api.w.org\/{rel}","templated":true}]}}