{"id":183283,"date":"2024-01-15T15:56:11","date_gmt":"2024-01-15T12:56:11","guid":{"rendered":"https:\/\/www.enerjigazetesi.ist\/?p=183283"},"modified":"2024-01-15T15:56:36","modified_gmt":"2024-01-15T12:56:36","slug":"enerjinin-gelecegi-cocuklarla-sekilleniyor","status":"publish","type":"post","link":"https:\/\/www.enerjigazetesi.ist\/en\/enerjinin-gelecegi-cocuklarla-sekilleniyor\/","title":{"rendered":"(Turkish) Enerjinin Gelece\u011fi \u00c7ocuklarla \u015eekilleniyor"},"content":{"rendered":"<p class=\"qtranxs-available-languages-message qtranxs-available-languages-message-en\">Sorry, this entry is only available in <a href=\"https:\/\/www.enerjigazetesi.ist\/tr\/wp-json\/wp\/v2\/posts\/183283\" class=\"qtranxs-available-language-link qtranxs-available-language-link-tr\" title=\"Turkish\">Turkish<\/a>. For the sake of viewer convenience, the content is shown below in the alternative language. You may click the link to switch the active language.<\/p><p><\/p>\n<h2><strong>T\u00fcrkiye\u2019nin lider \u00f6zel sekt\u00f6r enerji \u00fcretim \u015firketi Enerjisa \u00dcretim, Hayal G\u00fcc\u00fc Merkezi i\u015f birli\u011fiyle \u201cGelece\u011fi Hayal Ediyorum\u201d projesi kapsam\u0131nda \u00e7ocuklara hem enerjiyi hem de s\u00fcrd\u00fcr\u00fclebilirlik kavramlar\u0131n\u0131 \u00f6\u011fretiyor.<\/strong><\/h2>\n<p style=\"text-align: center;\"><img loading=\"lazy\" class=\"aligncenter wp-image-183285\" src=\"https:\/\/www.enerjigazetesi.ist\/wp-content\/uploads\/2024\/01\/enerjinin-gelecegi-cocuklarla-sekilleniyor.jpg\" alt=\"\" width=\"500\" height=\"342\" srcset=\"https:\/\/www.enerjigazetesi.ist\/wp-content\/uploads\/2024\/01\/enerjinin-gelecegi-cocuklarla-sekilleniyor.jpg 550w, https:\/\/www.enerjigazetesi.ist\/wp-content\/uploads\/2024\/01\/enerjinin-gelecegi-cocuklarla-sekilleniyor-300x205.jpg 300w, https:\/\/www.enerjigazetesi.ist\/wp-content\/uploads\/2024\/01\/enerjinin-gelecegi-cocuklarla-sekilleniyor-500x342.jpg 500w, https:\/\/www.enerjigazetesi.ist\/wp-content\/uploads\/2024\/01\/enerjinin-gelecegi-cocuklarla-sekilleniyor-73x50.jpg 73w\" sizes=\"(max-width: 500px) 100vw, 500px\" \/><\/p>\n<p>Enerjisa \u00dcretim, Hayal G\u00fcc\u00fc Merkezi ile birlikte <strong>Bal\u0131kesir\u2019de<\/strong> enerji ve s\u00fcrd\u00fcr\u00fclebilirlik kavramlar\u0131n\u0131 \u00e7ocuklara \u00f6\u011fretebilmek ad\u0131na <strong>\u201cGelece\u011fi Hayal Ediyorum\u201d projesiyle<\/strong> yola \u00e7\u0131k\u0131yor. <strong>Enerjisa \u00dcretim Bal\u0131kesir R\u00fczgar Enerji Santrali<\/strong>\u2019ne yak\u0131n \u00fc\u00e7 k\u00f6yde yer alan <strong>10 \u2013 12 ya\u015f<\/strong> aral\u0131\u011f\u0131ndaki yakla\u015f\u0131k <strong>25 \u00f6\u011frenciye<\/strong>, her Cumartesi g\u00fcn\u00fc d\u00fczenledi\u011fi at\u00f6lyelerle gelece\u011fe dair bir vizyon kazand\u0131r\u0131yor.<\/p>\n<p><strong>Gelece\u011fi Hayal Ediyorum projesi<\/strong> kapsam\u0131nda \u00e7ocuklar soru sorma yeteneklerini, meraklar\u0131n\u0131 ve becerilerini \u015fekillendiriyor. Enerji, enerji \u00e7e\u015fitleri, enerjinin d\u00f6n\u00fc\u015f\u00fcm\u00fc ve s\u00fcrd\u00fcr\u00fclebilirlik temalar\u0131 alt\u0131nda ger\u00e7ekle\u015ftirilen <strong>at\u00f6lyeler<\/strong>, sanatsal ara\u00e7larla desteklenirken<strong> oyunlarla da<\/strong> zenginle\u015ftiriliyor. <strong>Tasar\u0131m<\/strong> ve <strong>\u00fcretim<\/strong> ise \u00f6\u011frencilerin somut deneyimleri ile \u015fekilleniyor. \u00d6\u011frenciler, <strong>ileti\u015fim, i\u015f birli\u011fi, ele\u015ftirel d\u00fc\u015f\u00fcnme, yarat\u0131c\u0131l\u0131k, ara\u015ft\u0131rma ve sosyal ve duygusal becerilerini geli\u015ftirme<\/strong> f\u0131rsat\u0131 buluyorlar.<\/p>\n<p><strong>Enerjisa \u00dcretim S\u00fcrd\u00fcr\u00fclebilirlik Mentoru Mehmet Eynehan<\/strong>, Bal\u0131kesir R\u00fczgar Enerji Santrali\u2019nde ger\u00e7ekle\u015ftirilen at\u00f6lyelerle \u00e7ocuklar\u0131n gelece\u011fe dair umut dolu olmalar\u0131n\u0131 hedeflediklerini belirterek; <em>\u201cEnerjisa \u00dcretim olarak T\u00fcrkiye\u2019nin d\u00f6rt bir yan\u0131nda, bulundu\u011fumuz her lokasyonda \u00e7evreye ve topluma katk\u0131 sa\u011flamaya \u00e7al\u0131\u015fan bir organizasyonuz. <strong>Enerji<\/strong> ve <strong>s\u00fcrd\u00fcr\u00fclebilirlik<\/strong> kavramlar\u0131, \u00fclkemizi gelece\u011fe ta\u015f\u0131yacak olan<strong> \u00e7ocuklar\u0131m\u0131za k\u00fc\u00e7\u00fck ya\u015flarda \u00f6\u011fretmek, a\u015f\u0131lamak<\/strong> istedi\u011fimiz \u00f6nemli konular. Y\u00fcksek sosyal etki yaratmay\u0131 ve santral sahalar\u0131m\u0131zdan yerele s\u00fcrd\u00fcr\u00fclebilir katk\u0131 sunmay\u0131 ilke edinerek ba\u015flad\u0131\u011f\u0131m\u0131z projemiz ile\u00a0<strong>Bal\u0131kesir R\u00fczgar Enerji Santralimizin<\/strong> etki alan\u0131ndaki k\u00f6ylerde yakla\u015f\u0131k <strong>25<\/strong> \u00e7ocu\u011fa <strong>13 hafta boyunca<\/strong> s\u00fcrd\u00fcr\u00fclebilirlik ve ya\u015fam becerilerini geli\u015ftirme at\u00f6lyeleri ile ula\u015f\u0131yoruz\u201d<\/em>\u00a0dedi.<\/p>\n<p>Enerjisa \u00dcretim\u2019in Hayal G\u00fcc\u00fc Merkezi ile ger\u00e7ekle\u015ftirdi\u011fi Gelece\u011fi Hayal Ediyorum projesinin \u00f6n\u00fcm\u00fczdeki d\u00f6nemlerde de devam etmesi planlan\u0131yor.<\/p>","protected":false},"excerpt":{"rendered":"<p>Sorry, this entry is only available in Turkish. For the sake of viewer convenience, the content is shown below in the alternative language. You may click the link to switch the active language. T\u00fcrkiye\u2019nin lider \u00f6zel sekt\u00f6r enerji \u00fcretim \u015firketi Enerjisa \u00dcretim, Hayal G\u00fcc\u00fc Merkezi i\u015f birli\u011fiyle \u201cGelece\u011fi Hayal Ediyorum\u201d projesi kapsam\u0131nda \u00e7ocuklara hem enerjiyi [&hellip;]<\/p>\n","protected":false},"author":1,"featured_media":183285,"comment_status":"open","ping_status":"open","sticky":false,"template":"","format":"standard","meta":[],"categories":[51,53],"tags":[112028,165,35365,112027,1296],"views":33,"_links":{"self":[{"href":"https:\/\/www.enerjigazetesi.ist\/en\/wp-json\/wp\/v2\/posts\/183283"}],"collection":[{"href":"https:\/\/www.enerjigazetesi.ist\/en\/wp-json\/wp\/v2\/posts"}],"about":[{"href":"https:\/\/www.enerjigazetesi.ist\/en\/wp-json\/wp\/v2\/types\/post"}],"author":[{"embeddable":true,"href":"https:\/\/www.enerjigazetesi.ist\/en\/wp-json\/wp\/v2\/users\/1"}],"replies":[{"embeddable":true,"href":"https:\/\/www.enerjigazetesi.ist\/en\/wp-json\/wp\/v2\/comments?post=183283"}],"version-history":[{"count":0,"href":"https:\/\/www.enerjigazetesi.ist\/en\/wp-json\/wp\/v2\/posts\/183283\/revisions"}],"wp:featuredmedia":[{"embeddable":true,"href":"https:\/\/www.enerjigazetesi.ist\/en\/wp-json\/wp\/v2\/media\/183285"}],"wp:attachment":[{"href":"https:\/\/www.enerjigazetesi.ist\/en\/wp-json\/wp\/v2\/media?parent=183283"}],"wp:term":[{"taxonomy":"category","embeddable":true,"href":"https:\/\/www.enerjigazetesi.ist\/en\/wp-json\/wp\/v2\/categories?post=183283"},{"taxonomy":"post_tag","embeddable":true,"href":"https:\/\/www.enerjigazetesi.ist\/en\/wp-json\/wp\/v2\/tags?post=183283"}],"curies":[{"name":"wp","href":"https:\/\/api.w.org\/{rel}","templated":true}]}}