{"id":183228,"date":"2024-01-12T15:01:35","date_gmt":"2024-01-12T12:01:35","guid":{"rendered":"https:\/\/www.enerjigazetesi.ist\/?p=183228"},"modified":"2024-01-12T15:01:35","modified_gmt":"2024-01-12T12:01:35","slug":"ic-enterra-yenilenebilir-enerji-de-yeni-genel-mudur-atamasi-yapildi","status":"publish","type":"post","link":"https:\/\/www.enerjigazetesi.ist\/en\/ic-enterra-yenilenebilir-enerji-de-yeni-genel-mudur-atamasi-yapildi\/","title":{"rendered":"(Turkish) IC Enterra Yenilenebilir Enerji\u2019de Yeni Genel M\u00fcd\u00fcr Atamas\u0131 Yap\u0131ld\u0131"},"content":{"rendered":"<p class=\"qtranxs-available-languages-message qtranxs-available-languages-message-en\">Sorry, this entry is only available in <a href=\"https:\/\/www.enerjigazetesi.ist\/tr\/wp-json\/wp\/v2\/posts\/183228\" class=\"qtranxs-available-language-link qtranxs-available-language-link-tr\" title=\"Turkish\">Turkish<\/a>. For the sake of viewer convenience, the content is shown below in the alternative language. You may click the link to switch the active language.<\/p><p><\/p>\n<h2>Do\u011fan\u0131n g\u00fcc\u00fcyle s\u00fcrd\u00fcr\u00fclebilir bir gelece\u011fin in\u015fas\u0131na katk\u0131 sunmay\u0131 ama\u00e7layan <em><strong>IC Enterra Yenilenebilir Enerji<\/strong><\/em>\u2019de Genel M\u00fcd\u00fcrl\u00fck g\u00f6revine, enerji sekt\u00f6r\u00fcnde 25 y\u0131ll\u0131k tecr\u00fcbeye sahip <em><strong>Ta\u015fk\u0131n K\u0131z\u0131lok<\/strong><\/em> getirildi. Aral\u0131k 2023 sonundan itibaren Genel M\u00fcd\u00fcrl\u00fck g\u00f6revini \u00fcstlenen K\u0131z\u0131lok, bilgi birikimi ve uzmanl\u0131\u011f\u0131 ile IC Enterra Yenilenebilir Enerji\u2019nin, \u201cd\u00fcnya i\u00e7in enerji \u00fcretirken, d\u00fcnyay\u0131 koruma\u201d hedeflerine katk\u0131 sa\u011flayacak.<\/h2>\n<p><img loading=\"lazy\" class=\"alignright wp-image-183230\" src=\"https:\/\/www.enerjigazetesi.ist\/wp-content\/uploads\/2024\/01\/ic-enterra-yenilenebilir-enerji-de-yeni-genel-mudur-atamasi-yapildi.jpg\" alt=\"\" width=\"320\" height=\"233\" srcset=\"https:\/\/www.enerjigazetesi.ist\/wp-content\/uploads\/2024\/01\/ic-enterra-yenilenebilir-enerji-de-yeni-genel-mudur-atamasi-yapildi.jpg 550w, https:\/\/www.enerjigazetesi.ist\/wp-content\/uploads\/2024\/01\/ic-enterra-yenilenebilir-enerji-de-yeni-genel-mudur-atamasi-yapildi-300x219.jpg 300w, https:\/\/www.enerjigazetesi.ist\/wp-content\/uploads\/2024\/01\/ic-enterra-yenilenebilir-enerji-de-yeni-genel-mudur-atamasi-yapildi-500x365.jpg 500w, https:\/\/www.enerjigazetesi.ist\/wp-content\/uploads\/2024\/01\/ic-enterra-yenilenebilir-enerji-de-yeni-genel-mudur-atamasi-yapildi-69x50.jpg 69w\" sizes=\"(max-width: 320px) 100vw, 320px\" \/>Yenilenebilir enerji alan\u0131ndaki i\u015f geli\u015ftirme projeleri ile \u00f6ne \u00e7\u0131kan Ta\u015fk\u0131n K\u0131z\u0131lok, profesyonel i\u015f hayat\u0131na 1999 y\u0131l\u0131nda uluslararas\u0131 dan\u0131\u015fmanl\u0131k \u015firketi Deloitte b\u00fcnyesinde ba\u015flad\u0131. Elektrik sekt\u00f6r\u00fc yap\u0131lanma projelerinde uzmanla\u015fan K\u0131z\u0131lok, daha sonra T\u00fcrkiye genelinde hizmet veren bir ba\u015fka enerji \u015firketinde 14 y\u0131l boyunca \u0130\u015f Geli\u015ftirme ve Genel Y\u00f6netimden sorumlu Genel M\u00fcd\u00fcr Yard\u0131mc\u0131s\u0131 olarak g\u00f6rev yapt\u0131.<\/p>\n<p>2022 y\u0131l\u0131ndan itibaren IC Holding\u2019in enerji sekt\u00f6r\u00fcnde faaliyet g\u00f6steren IC \u0130\u00e7ta\u015f Enerji\u2019de T\u00fcrkiye ve yurtd\u0131\u015f\u0131 yenilenebilir enerji sekt\u00f6r\u00fcnde i\u015f geli\u015ftirmeden sorumlu Genel M\u00fcd\u00fcr Yard\u0131mc\u0131s\u0131 olarak \u00e7al\u0131\u015fan Ta\u015fk\u0131n K\u0131z\u0131lok, 2023 y\u0131l\u0131 sonu itibariyle IC Enterra Yenilenebilir Enerji Genel M\u00fcd\u00fcrl\u00fc\u011f\u00fc g\u00f6revine atand\u0131.<\/p>\n<h3><strong>IC Enterra Yenilenebilir Enerji A.\u015e. Hakk\u0131nda Bilgilendirme<\/strong><\/h3>\n<p>T\u00fcrkiye&#8217;de ve d\u00fcnyada yapt\u0131\u011f\u0131 dev yat\u0131r\u0131mlarla uluslararas\u0131 bir marka olan IC Holding\u2019in i\u015ftiraki olarak kurulan IC Enterra Yenilenebilir Enerji\u2019nin, temelinde s\u00fcrd\u00fcr\u00fclebilir bir gelecek i\u00e7in \u00e7al\u0131\u015fmak, do\u011fadan ald\u0131\u011f\u0131n\u0131 do\u011faya vermek ve gezegenimize sayg\u0131l\u0131 bir \u00fcretim felsefesi yer al\u0131yor. IC \u0130\u00e7ta\u015f Enerji Yat\u0131r\u0131m Holding\u2019in enerji sekt\u00f6r\u00fcndeki bilgi birikimi ve uzmanl\u0131\u011f\u0131n\u0131 ta\u015f\u0131yan IC Enterra Yenilenebilir Enerji\u2019nin yenilenebilir enerji kaynaklar\u0131 ile \u00e7al\u0131\u015fan santrallerinin kurulu g\u00fcc\u00fc 2023 sonu itibar\u0131yla 388 MW\u2019ye ula\u015fm\u0131\u015f durumda. Yat\u0131r\u0131m ve in\u015faat a\u015famas\u0131nda GES ve Hibrit GES projeleri de bulunan IC Enterra Yenilenebilir Enerji, sekt\u00f6r\u00fcndeki uzmanl\u0131\u011f\u0131n\u0131 T\u00fcrkiye\u2019nin d\u0131\u015f\u0131na ta\u015f\u0131may\u0131, k\u00fcresel \u00f6l\u00e7ekte yenilenebilir enerji projelerini hayata ge\u00e7irerek, enerjide d\u00f6n\u00fc\u015f\u00fcme \u00f6nc\u00fcl\u00fck etmeyi hedefliyor.<\/p>","protected":false},"excerpt":{"rendered":"<p>Sorry, this entry is only available in Turkish. For the sake of viewer convenience, the content is shown below in the alternative language. You may click the link to switch the active language. Do\u011fan\u0131n g\u00fcc\u00fcyle s\u00fcrd\u00fcr\u00fclebilir bir gelece\u011fin in\u015fas\u0131na katk\u0131 sunmay\u0131 ama\u00e7layan IC Enterra Yenilenebilir Enerji\u2019de Genel M\u00fcd\u00fcrl\u00fck g\u00f6revine, enerji sekt\u00f6r\u00fcnde 25 y\u0131ll\u0131k tecr\u00fcbeye sahip [&hellip;]<\/p>\n","protected":false},"author":1,"featured_media":183230,"comment_status":"open","ping_status":"open","sticky":false,"template":"","format":"standard","meta":[],"categories":[53,49],"tags":[73887,4782,111933,92279,112009],"views":41,"_links":{"self":[{"href":"https:\/\/www.enerjigazetesi.ist\/en\/wp-json\/wp\/v2\/posts\/183228"}],"collection":[{"href":"https:\/\/www.enerjigazetesi.ist\/en\/wp-json\/wp\/v2\/posts"}],"about":[{"href":"https:\/\/www.enerjigazetesi.ist\/en\/wp-json\/wp\/v2\/types\/post"}],"author":[{"embeddable":true,"href":"https:\/\/www.enerjigazetesi.ist\/en\/wp-json\/wp\/v2\/users\/1"}],"replies":[{"embeddable":true,"href":"https:\/\/www.enerjigazetesi.ist\/en\/wp-json\/wp\/v2\/comments?post=183228"}],"version-history":[{"count":0,"href":"https:\/\/www.enerjigazetesi.ist\/en\/wp-json\/wp\/v2\/posts\/183228\/revisions"}],"wp:featuredmedia":[{"embeddable":true,"href":"https:\/\/www.enerjigazetesi.ist\/en\/wp-json\/wp\/v2\/media\/183230"}],"wp:attachment":[{"href":"https:\/\/www.enerjigazetesi.ist\/en\/wp-json\/wp\/v2\/media?parent=183228"}],"wp:term":[{"taxonomy":"category","embeddable":true,"href":"https:\/\/www.enerjigazetesi.ist\/en\/wp-json\/wp\/v2\/categories?post=183228"},{"taxonomy":"post_tag","embeddable":true,"href":"https:\/\/www.enerjigazetesi.ist\/en\/wp-json\/wp\/v2\/tags?post=183228"}],"curies":[{"name":"wp","href":"https:\/\/api.w.org\/{rel}","templated":true}]}}