{"id":183223,"date":"2024-01-12T14:48:31","date_gmt":"2024-01-12T11:48:31","guid":{"rendered":"https:\/\/www.enerjigazetesi.ist\/?p=183223"},"modified":"2024-01-12T14:48:31","modified_gmt":"2024-01-12T11:48:31","slug":"tredas-a-en-iyi-fikir-ve-sektorde-ilkler-odulu","status":"publish","type":"post","link":"https:\/\/www.enerjigazetesi.ist\/en\/tredas-a-en-iyi-fikir-ve-sektorde-ilkler-odulu\/","title":{"rendered":"(Turkish) TREDA\u015e\u2019a &#8220;En \u0130yi Fikir&#8221; ve &#8220;Sekt\u00f6rde \u0130lkler&#8221; \u00d6d\u00fcl\u00fc"},"content":{"rendered":"<p class=\"qtranxs-available-languages-message qtranxs-available-languages-message-en\">Sorry, this entry is only available in <a href=\"https:\/\/www.enerjigazetesi.ist\/tr\/wp-json\/wp\/v2\/posts\/183223\" class=\"qtranxs-available-language-link qtranxs-available-language-link-tr\" title=\"Turkish\">Turkish<\/a>. For the sake of viewer convenience, the content is shown below in the alternative language. You may click the link to switch the active language.<\/p><p><\/p>\n<h2><strong>TREDA\u015e, Nice Medya taraf\u0131ndan d\u00fczenlenen &#8220;6.CX Awards Turkey &#8211; M\u00fc\u015fteri Deneyimi \u00d6d\u00fclleri&#8221; yar\u0131\u015fmas\u0131nda; &#8220;En \u0130yi Dijital M\u00fc\u015fteri Deneyimi&#8221; ve \u201cS\u00fcrd\u00fcr\u00fclebilirlik\u201d alan\u0131nda iki kategoride birden \u00f6d\u00fcle lay\u0131k g\u00f6r\u00fcld\u00fc. \u201cTREDA\u015e Enerjik\u201d Projesi, \u201cEn \u0130yi Dijital M\u00fc\u015fteri Deneyimi\u201d kategorisinde \u201cSekt\u00f6rde \u0130lkler\u201d \u00f6d\u00fcl\u00fcn\u00fc, \u201cEnerjimiz K\u00fc\u00e7\u00fck Dostlar\u0131m\u0131z \u0130\u00e7in\u201d Projesi ise \u201cs\u00fcrd\u00fcr\u00fclebilirlik\u201d kategorisinde \u201cEn \u0130yi Fikir&#8221; \u00d6d\u00fcl\u00fc\u2019n\u00fc ald\u0131.<\/strong><\/h2>\n<p style=\"text-align: center;\"><img loading=\"lazy\" class=\"aligncenter wp-image-183226\" src=\"https:\/\/www.enerjigazetesi.ist\/wp-content\/uploads\/2024\/01\/tredas-a-en-iyi-fikir-ve-sektorde-ilkler-odulu-1.jpg\" alt=\"\" width=\"500\" height=\"375\" srcset=\"https:\/\/www.enerjigazetesi.ist\/wp-content\/uploads\/2024\/01\/tredas-a-en-iyi-fikir-ve-sektorde-ilkler-odulu-1.jpg 550w, https:\/\/www.enerjigazetesi.ist\/wp-content\/uploads\/2024\/01\/tredas-a-en-iyi-fikir-ve-sektorde-ilkler-odulu-1-300x225.jpg 300w, https:\/\/www.enerjigazetesi.ist\/wp-content\/uploads\/2024\/01\/tredas-a-en-iyi-fikir-ve-sektorde-ilkler-odulu-1-500x375.jpg 500w, https:\/\/www.enerjigazetesi.ist\/wp-content\/uploads\/2024\/01\/tredas-a-en-iyi-fikir-ve-sektorde-ilkler-odulu-1-67x50.jpg 67w\" sizes=\"(max-width: 500px) 100vw, 500px\" \/><\/p>\n<p><strong>Edirne, Tekirda\u011f ve K\u0131rklareli\u2019nde<\/strong> elektrik da\u011f\u0131t\u0131m hizmetini \u00fcstlenen Trakya Elektrik Da\u011f\u0131t\u0131m A.\u015e.(TREDA\u015e), hayata ge\u00e7irdi\u011fi projeler ile sekt\u00f6re \u00f6rnek olmaya devam ediyor. TREDA\u015e\u2019\u0131n armat\u00fcr ba\u015fl\u0131klar\u0131n\u0131 <strong>mama<\/strong> ve <strong>su kab\u0131<\/strong> olarak <strong>sokak hayvanlar\u0131<\/strong> ile bulu\u015fturan <strong><em>\u201cEnerjimiz K\u00fc\u00e7\u00fck Dostlar\u0131m\u0131z \u0130\u00e7in\u201d <\/em><\/strong>Projesi ile yapay zek\u00e2 destekli dijital asistan <strong><em>\u201cTREDA\u015e Enerjik<\/em><\/strong>\u201d Projesi, Nice Medya taraf\u0131ndan d\u00fczenlenen <strong>&#8220;6. CX Awards Turkey-M\u00fc\u015fteri Deneyimi \u00d6d\u00fclleri&#8221; yar\u0131\u015fmas\u0131nda<\/strong> \u00f6d\u00fcle lay\u0131k g\u00f6r\u00fcld\u00fc.<\/p>\n<p>11 Ocak Per\u015fembe Gecesi \u0130stanbul\u2019da Sait Halim Pa\u015fa Yal\u0131s\u0131\u2019nda ger\u00e7ekle\u015ftirilen <strong>6. CX Awards Turkey &#8211; M\u00fc\u015fteri Deneyimi \u00d6d\u00fclleri&#8221;<\/strong> t\u00f6reninde, TREDA\u015e<strong> \u201cEnerjimiz K\u00fc\u00e7\u00fck Dostlar\u0131m\u0131z \u0130\u00e7in\u201d Projesi<\/strong> &#8220;S\u00fcrd\u00fcr\u00fclebilirlik&#8221; kategorisinde <strong>\u201cEn \u0130yi Fikir&#8221;<\/strong> \u00f6d\u00fcl\u00fcn\u00fcn sahibi oldu. TREDA\u015e\u2019\u0131n gelecek nesillere daha iyi bir d\u00fcnya b\u0131rakma hedefinin bir par\u00e7as\u0131 olan Enerjimiz K\u00fc\u00e7\u00fck Dostlar\u0131m\u0131z \u0130\u00e7in Projesi\u2019nin \u00f6d\u00fcl\u00fcn\u00fc \u015firket ad\u0131na <strong>IC \u0130\u00e7ta\u015f Enerji Yat\u0131r\u0131m Holding Kurumsal \u0130leti\u015fim M\u00fcd\u00fcr\u00fc Ergin Akg\u00fcn<\/strong> ald\u0131. M\u00fc\u015fteri hizmetleri y\u00f6netiminde yaz\u0131l\u0131 ve s\u00f6zl\u00fc olarak insan konu\u015fmas\u0131n\u0131 taklit edebilen ve Trakya \u015fivesiyle konu\u015fanlarla da rahat\u00e7a ileti\u015fime ge\u00e7ilebilen yapay zek\u00e2 destekli dijital asistan uygulamas\u0131<strong> \u201cTREDA\u015e Enerjik\u201d<\/strong> ise <strong>\u201cEn \u0130yi Dijital M\u00fc\u015fteri Deneyimi\u201d<\/strong> kategorisinde <strong>\u201cSekt\u00f6rde \u0130lkler\u201d<\/strong> \u00f6d\u00fcl\u00fcne lay\u0131k g\u00f6r\u00fcld\u00fc. Bu \u00f6zel \u00f6d\u00fcl de t\u00f6rene kat\u0131lan <strong>TREDA\u015e M\u00fc\u015fteri Deneyimi ve \u00c7a\u011fr\u0131 Merkezi M\u00fcd\u00fcr\u00fc \u00d6mer Yal\u00e7\u0131n\u2019a<\/strong> takdim edildi.<\/p>\n<h3><strong>ARMAT\u00dcR BA\u015eLIKLARI MAMA VE SU KABINA D\u00d6N\u00dc\u015eT\u00dcR\u00dcL\u00dcYOR<\/strong><\/h3>\n<p>TREDA\u015e\u2019\u0131n, \u201cEn \u0130yi Fikir\u201d \u00f6d\u00fcl\u00fcne lay\u0131k g\u00f6r\u00fcld\u00fc\u011f\u00fc \u201cEnerjimiz K\u00fc\u00e7\u00fck Dostlar\u0131m\u0131z \u0130\u00e7in\u201d Projesi, yakla\u015f\u0131k 4 y\u0131ld\u0131r devam ediyor. Proje kapsam\u0131nda kullan\u0131m \u00f6mr\u00fcn\u00fc tamamlam\u0131\u015f, yanmayan ve at\u0131k olarak ayr\u0131lan armat\u00fcr ba\u015fl\u0131klar\u0131n\u0131, sokak hayvanlar\u0131na zarar verebilecek vida ve tel gibi maddelerden ayr\u0131\u015ft\u0131ran <strong>TREDA\u015e, Edirne, Tekirda\u011f ve K\u0131rklareli\u2019nde<\/strong> bu ba\u015fl\u0131klar\u0131 mama ve su kaplar\u0131na d\u00f6n\u00fc\u015ft\u00fcr\u00fcyor. Bug\u00fcne kadar \u00fc\u00e7 ilde mama ve su kab\u0131na d\u00f6n\u00fc\u015ft\u00fcr\u00fclen armat\u00fcr say\u0131s\u0131 <strong>300\u2019\u00fc<\/strong> a\u015fm\u0131\u015f durumda.<\/p>\n<h3><strong>\u201cTREDA\u015e ENERJ\u0130K\u201d, 2020 YILINDA DEVREYE ALINDI<\/strong><\/h3>\n<p>TREDA\u015e\u2019\u0131n <strong>\u201cSekt\u00f6rde \u0130lkler\u201d \u00f6d\u00fcl\u00fcn\u00fc<\/strong> alan<strong> \u201cTREDA\u015e Enerjik\u201d Projesi<\/strong> ise 2020 y\u0131l\u0131nda devreye al\u0131nd\u0131. O d\u00f6nemde Avrupa\u2019da ilk olan bir yapay zek\u00e2 destekli dijital asistan\u0131 olan TREDA\u015e Enerjik Projesi, Trakya B\u00f6lgesi\u2019ne hizmet vermesinden dolay\u0131<strong> yo\u011funlukta kullan\u0131lan \u015fiveye g\u00f6re<\/strong> tan\u0131mland\u0131. TREDA\u015e Enerjik, dijital asistan uygulamas\u0131 ile m\u00fc\u015fterilerin taleplerini saniyeler i\u00e7inde iletirken sesli komutlar\u0131 da alg\u0131layarak, elektrik da\u011f\u0131t\u0131m faaliyetlerinde her t\u00fcrl\u00fc bilgiyi m\u00fc\u015fterilerine aktarabiliyor.<\/p>","protected":false},"excerpt":{"rendered":"<p>Sorry, this entry is only available in Turkish. For the sake of viewer convenience, the content is shown below in the alternative language. You may click the link to switch the active language. TREDA\u015e, Nice Medya taraf\u0131ndan d\u00fczenlenen &#8220;6.CX Awards Turkey &#8211; M\u00fc\u015fteri Deneyimi \u00d6d\u00fclleri&#8221; yar\u0131\u015fmas\u0131nda; &#8220;En \u0130yi Dijital M\u00fc\u015fteri Deneyimi&#8221; ve \u201cS\u00fcrd\u00fcr\u00fclebilirlik\u201d alan\u0131nda iki [&hellip;]<\/p>\n","protected":false},"author":1,"featured_media":183225,"comment_status":"open","ping_status":"open","sticky":false,"template":"","format":"standard","meta":[],"categories":[51,53],"tags":[112007,112008,4546,108919,12370],"views":16,"_links":{"self":[{"href":"https:\/\/www.enerjigazetesi.ist\/en\/wp-json\/wp\/v2\/posts\/183223"}],"collection":[{"href":"https:\/\/www.enerjigazetesi.ist\/en\/wp-json\/wp\/v2\/posts"}],"about":[{"href":"https:\/\/www.enerjigazetesi.ist\/en\/wp-json\/wp\/v2\/types\/post"}],"author":[{"embeddable":true,"href":"https:\/\/www.enerjigazetesi.ist\/en\/wp-json\/wp\/v2\/users\/1"}],"replies":[{"embeddable":true,"href":"https:\/\/www.enerjigazetesi.ist\/en\/wp-json\/wp\/v2\/comments?post=183223"}],"version-history":[{"count":0,"href":"https:\/\/www.enerjigazetesi.ist\/en\/wp-json\/wp\/v2\/posts\/183223\/revisions"}],"wp:featuredmedia":[{"embeddable":true,"href":"https:\/\/www.enerjigazetesi.ist\/en\/wp-json\/wp\/v2\/media\/183225"}],"wp:attachment":[{"href":"https:\/\/www.enerjigazetesi.ist\/en\/wp-json\/wp\/v2\/media?parent=183223"}],"wp:term":[{"taxonomy":"category","embeddable":true,"href":"https:\/\/www.enerjigazetesi.ist\/en\/wp-json\/wp\/v2\/categories?post=183223"},{"taxonomy":"post_tag","embeddable":true,"href":"https:\/\/www.enerjigazetesi.ist\/en\/wp-json\/wp\/v2\/tags?post=183223"}],"curies":[{"name":"wp","href":"https:\/\/api.w.org\/{rel}","templated":true}]}}