{"id":183211,"date":"2024-01-12T14:16:57","date_gmt":"2024-01-12T11:16:57","guid":{"rendered":"https:\/\/www.enerjigazetesi.ist\/?p=183211"},"modified":"2024-01-12T14:17:35","modified_gmt":"2024-01-12T11:17:35","slug":"enerjinin-yildizlari-projesi-ile-elektrik-dagitim-sektoru-ne-yildiz-yagdi","status":"publish","type":"post","link":"https:\/\/www.enerjigazetesi.ist\/en\/enerjinin-yildizlari-projesi-ile-elektrik-dagitim-sektoru-ne-yildiz-yagdi\/","title":{"rendered":"(Turkish) &#8221;Enerjinin Y\u0131ld\u0131zlar\u0131&#8221; Projesi ile Elektrik Da\u011f\u0131t\u0131m Sekt\u00f6r\u00fcne &#8220;Y\u0131ld\u0131z&#8221; Ya\u011fd\u0131"},"content":{"rendered":"<p class=\"qtranxs-available-languages-message qtranxs-available-languages-message-en\">Sorry, this entry is only available in <a href=\"https:\/\/www.enerjigazetesi.ist\/tr\/wp-json\/wp\/v2\/posts\/183211\" class=\"qtranxs-available-language-link qtranxs-available-language-link-tr\" title=\"Turkish\">Turkish<\/a>. For the sake of viewer convenience, the content is shown below in the alternative language. You may click the link to switch the active language.<\/p><p><\/p>\n<h2><strong>Elektrik da\u011f\u0131t\u0131m sekt\u00f6r\u00fcn\u00fcn \u00f6nc\u00fc \u015firketleri BEDA\u015e, AEDA\u015e ve \u00c7EDA\u015e taraf\u0131ndan 2018\u2019de hayata ge\u00e7irilen \u201cEnerjinin Y\u0131ld\u0131zlar\u0131\u201d Projesi, sekt\u00f6re y\u00fczlerce y\u0131ld\u0131z kazand\u0131rd\u0131. Proje kapsam\u0131nda \u0130stanbul Avrupa Yakas\u0131, Antalya ve Sivas\u2019taki 3 meslek lisesinde olu\u015fturulan Elektrik Tesisatlar\u0131 ve Da\u011f\u0131t\u0131m\u0131 Dal\u0131\u2019ndan mezun olan \u00f6\u011frenci say\u0131s\u0131 228\u2019e ula\u015f\u0131rken mezun olanlar\u0131n 94\u2019\u00fc \u00e7al\u0131\u015fma hayat\u0131na ilk ad\u0131m\u0131n\u0131 BEDA\u015e, AEDA\u015e ve \u00c7EDA\u015e\u2019da att\u0131.<\/strong><\/h2>\n<p style=\"text-align: center;\"><img loading=\"lazy\" class=\"aligncenter wp-image-183214\" src=\"https:\/\/www.enerjigazetesi.ist\/wp-content\/uploads\/2024\/01\/enerjinin-yildizlari-projesi-ile-elektrik-dagitim-sektoru-ne-yildiz-yagdi-1.jpg\" alt=\"\" width=\"500\" height=\"268\" srcset=\"https:\/\/www.enerjigazetesi.ist\/wp-content\/uploads\/2024\/01\/enerjinin-yildizlari-projesi-ile-elektrik-dagitim-sektoru-ne-yildiz-yagdi-1.jpg 550w, https:\/\/www.enerjigazetesi.ist\/wp-content\/uploads\/2024\/01\/enerjinin-yildizlari-projesi-ile-elektrik-dagitim-sektoru-ne-yildiz-yagdi-1-300x161.jpg 300w, https:\/\/www.enerjigazetesi.ist\/wp-content\/uploads\/2024\/01\/enerjinin-yildizlari-projesi-ile-elektrik-dagitim-sektoru-ne-yildiz-yagdi-1-500x268.jpg 500w, https:\/\/www.enerjigazetesi.ist\/wp-content\/uploads\/2024\/01\/enerjinin-yildizlari-projesi-ile-elektrik-dagitim-sektoru-ne-yildiz-yagdi-1-80x43.jpg 80w\" sizes=\"(max-width: 500px) 100vw, 500px\" \/><\/p>\n<p>Elektrik da\u011f\u0131t\u0131m sekt\u00f6r\u00fcn\u00fcn nitelikli eleman ihtiyac\u0131na yan\u0131t \u00fcretmek, gen\u00e7 istihdama katk\u0131 sa\u011flamak hedefi ile Bo\u011fazi\u00e7i Elektrik Da\u011f\u0131t\u0131m A.\u015e. (BEDA\u015e), Akdeniz Elektrik Da\u011f\u0131t\u0131m A.\u015e. (AEDA\u015e) ve \u00c7aml\u0131bel Elektrik Da\u011f\u0131t\u0131m A.\u015e. (\u00c7EDA\u015e) taraf\u0131ndan ba\u015flat\u0131lan \u201cEnerjinin Y\u0131ld\u0131zlar\u0131\u201d Projesi, sekt\u00f6r\u00fc y\u00fczlerce yeni y\u0131ld\u0131z ile bulu\u015fturdu. Proje \u00e7er\u00e7evesinde \u0130stanbul Avrupa Yakas\u0131, Antalya ve Sivas\u2019taki 3 meslek lisesinde <strong>Y\u00fcksek Gerilim Dal\u0131 olu\u015fturulmas\u0131na<\/strong> destek veren ve s\u00f6z konusu okullarda <strong>Y\u00fcksek Gerilim Laboratuvar\u0131 kurarak<\/strong> \u00f6\u011frencilere<strong> \u2018uygulamal\u0131\u2019 e\u011fitim f\u0131rsat\u0131<\/strong> sunan, <strong>staj<\/strong> ve <strong>burs imk\u00e2n\u0131<\/strong> tan\u0131yan <strong>BEDA\u015e, AEDA\u015e ve \u00c7EDA\u015e,<\/strong> y\u0131ld\u0131zlara deste\u011fini mezun olduktan sonra da s\u00fcrd\u00fcrd\u00fc. Enerjinin Y\u0131ld\u0131zlar\u0131 Projesi\u2019nden mezun olan \u00f6\u011frenci say\u0131s\u0131 bug\u00fcne kadar<strong> 228<\/strong>\u2019i bulurken, s\u00f6z konusu \u00f6\u011frencilerin <strong>94<\/strong>\u2019\u00fc, <strong>3<\/strong> \u015firkette \u00e7al\u0131\u015fmaya ba\u015flad\u0131.<\/p>\n<h3><strong>ADI \u201cELEKTR\u0130K TES\u0130SATLARI VE DA\u011eITIM DALI\u201d OLDU<\/strong><\/h3>\n<p>Enerjinin Y\u0131ld\u0131zlar\u0131 Projesi, Milli E\u011fitim Bakanl\u0131\u011f\u0131 (MEB) Mesleki ve Teknik E\u011fitim Genel M\u00fcd\u00fcrl\u00fc\u011f\u00fc ile 2018 y\u0131l\u0131nda imzalanan \u2018Mesleki E\u011fitim Protokol\u00fc\u2019n\u00fcn ard\u0131ndan Sivas, \u0130stanbul ve Antalya\u2019da belirlenen 3 meslek lisesinde <strong>\u2018Y\u00fcksek Gerilim Sistemleri Dal\u0131 ve Y\u00fcksek Gerilim Laboratuvar\u0131\u201d<\/strong> kurulmas\u0131 ile hayata ge\u00e7ti. Proje, \u0130stanbul Avrupa Yakas\u0131\u2019nda Bayrampa\u015fa \u0130n\u00f6n\u00fc Mesleki ve Teknik Anadolu Lisesi, Antalya\u2019da Kepez Mesleki ve Teknik Anadolu Lisesi, Sivas\u2019ta ise Atat\u00fcrk Mesleki ve Teknik Lisesi\u2019nde 2018-2019 e\u011fitim-\u00f6\u011fretim y\u0131l\u0131nda uygulanmaya ba\u015flad\u0131. Proje devam ederken MEB\u2019in karar\u0131 ile <strong>Y\u00fcksek Gerilim Dal\u0131\u2019n\u0131n<\/strong> ad\u0131 <strong>\u201cElektrik Tesisatlar\u0131 ve Da\u011f\u0131t\u0131m Dal\u0131\u201d<\/strong> olarak de\u011fi\u015ftirildi ve \u00f6\u011frenciler bu isim alt\u0131nda bu alana kabul edilmeye ba\u015fland\u0131.<\/p>\n<p style=\"text-align: center;\"><img loading=\"lazy\" class=\"aligncenter wp-image-183215\" src=\"https:\/\/www.enerjigazetesi.ist\/wp-content\/uploads\/2024\/01\/enerjinin-yildizlari-projesi-ile-elektrik-dagitim-sektoru-ne-yildiz-yagdi-2.jpg\" alt=\"\" width=\"500\" height=\"334\" srcset=\"https:\/\/www.enerjigazetesi.ist\/wp-content\/uploads\/2024\/01\/enerjinin-yildizlari-projesi-ile-elektrik-dagitim-sektoru-ne-yildiz-yagdi-2.jpg 550w, https:\/\/www.enerjigazetesi.ist\/wp-content\/uploads\/2024\/01\/enerjinin-yildizlari-projesi-ile-elektrik-dagitim-sektoru-ne-yildiz-yagdi-2-300x200.jpg 300w, https:\/\/www.enerjigazetesi.ist\/wp-content\/uploads\/2024\/01\/enerjinin-yildizlari-projesi-ile-elektrik-dagitim-sektoru-ne-yildiz-yagdi-2-500x334.jpg 500w, https:\/\/www.enerjigazetesi.ist\/wp-content\/uploads\/2024\/01\/enerjinin-yildizlari-projesi-ile-elektrik-dagitim-sektoru-ne-yildiz-yagdi-2-75x50.jpg 75w, https:\/\/www.enerjigazetesi.ist\/wp-content\/uploads\/2024\/01\/enerjinin-yildizlari-projesi-ile-elektrik-dagitim-sektoru-ne-yildiz-yagdi-2-450x300.jpg 450w\" sizes=\"(max-width: 500px) 100vw, 500px\" \/><\/p>\n<h3><strong>2023-2024 E\u011e\u0130T\u0130M-\u00d6\u011eRET\u0130M YILINDA \u00d6\u011eRENC\u0130 SAYISI 366\u2019YA ULA\u015eTI<\/strong><strong><br \/>\n<\/strong><\/h3>\n<p>Sekt\u00f6re yeni y\u0131ld\u0131zlar kazand\u0131rmay\u0131 hedefleyen Enerjinin Y\u0131ld\u0131zlar\u0131 Projesi, ilk g\u00fcnden itibaren ilgi g\u00f6r\u00fcrken projeye kat\u0131lan \u00f6\u011frenci say\u0131s\u0131 da y\u0131llar itibar\u0131 ile giderek artt\u0131. Enerjinin Y\u0131ld\u0131zlar\u0131 Projesi\u2019nin y\u00fcr\u00fct\u00fcld\u00fc\u011f\u00fc Bayrampa\u015fa \u0130n\u00f6n\u00fc Mesleki ve Teknik Anadolu Lisesi\u2019nde, 2018-2019 e\u011fitim-\u00f6\u011fretim y\u0131l\u0131nda Elektrik Tesisatlar\u0131 ve Da\u011f\u0131t\u0131m\u0131 Dal\u0131\u2019na tercih eden say\u0131s\u0131 12 iken, 2023-2024 e\u011fitim-\u00f6\u011fretim y\u0131l\u0131nda bu say\u0131 108\u2019e ula\u015ft\u0131. Ayn\u0131 \u015fekilde Antalya Kepez Mesleki ve Teknik Anadolu Lisesi\u2019nde proje ba\u015flad\u0131\u011f\u0131nda 20 olan \u00f6\u011frenci say\u0131s\u0131 2023-2024 e\u011fitim-\u00f6\u011fretim y\u0131l\u0131nda 154\u2019e, Sivas Atat\u00fcrk Mesleki ve Teknik Anadolu Lisesi\u2019nde ise 16 olan \u00f6\u011frenci say\u0131s\u0131 bu y\u0131l 104\u2019e y\u00fckseldi. B\u00f6ylece 3 meslek lisesinde Elektrik Tesisatlar\u0131 ve Da\u011f\u0131t\u0131m Dal\u0131\u2019nda e\u011fitim g\u00f6ren Enerjinin Y\u0131ld\u0131zlar\u0131\u2019n\u0131n say\u0131s\u0131 2023-2024 e\u011fitim-\u00f6\u011fretim y\u0131l\u0131nda 366\u2019ya ula\u015ft\u0131.<\/p>\n<h3><strong>TOPLAM 228 MEZUN VERD\u0130<\/strong><\/h3>\n<p>Enerji sekt\u00f6r\u00fcne y\u0131ld\u0131zlar kazand\u0131ran proje ile birlikte olduk\u00e7a zorlu bir alan olan <strong>Elektrik Tesisatlar\u0131 ve Da\u011f\u0131t\u0131m Dal\u0131\u2019ndan<\/strong> mezun olanlar\u0131n say\u0131s\u0131 da her ge\u00e7en g\u00fcn artt\u0131. Proje kapsam\u0131nda s\u00f6z konusu dalda e\u011fitim g\u00f6rerek mezun olanlar\u0131n say\u0131s\u0131<strong> 228\u2019e<\/strong> \u00e7\u0131km\u0131\u015f durumda. \u00d6\u011frencilere e\u011fitim hayatlar\u0131 boyunca <strong>Y\u00fcksek Gerilim Laboratuvar\u0131<\/strong> kurarak <strong>uygulamal\u0131 e\u011fitim f\u0131rsat\u0131 sunan, staj ve burs imk\u00e2n\u0131<\/strong> tan\u0131yan <strong>BEDA\u015e, AEDA\u015e ve \u00c7EDA\u015e,<\/strong> sekt\u00f6re yeni ad\u0131m atan y\u0131ld\u0131zlara da kap\u0131lar\u0131n\u0131 a\u00e7t\u0131. \u0130stanbul Avrupa Yakas\u0131\u2019na <strong>Elektik Tesisatlar\u0131 ve Da\u011f\u0131t\u0131m Dal\u0131\u2019ndan<\/strong> mezun olan<strong> 83<\/strong> \u00f6\u011frenciden <strong>52\u2019si<\/strong> BEDA\u015e\u2019ta istihdam edilirken, Antalya\u2019da mezun olan toplam <strong>77<\/strong> \u00f6\u011frenciden <strong>19\u2019u<\/strong> AEDA\u015e\u2019ta, Sivas\u2019ta mezun olan <strong>68<\/strong> \u00f6\u011frenciden <strong>23\u2019\u00fc<\/strong> de \u00c7EDA\u015e\u2019ta i\u015fe ba\u015flad\u0131. B\u00f6ylece 228 mezunun 94\u2019\u00fc \u00fc\u00e7 \u015firkette i\u015f hayat\u0131na at\u0131ld\u0131.<\/p>","protected":false},"excerpt":{"rendered":"<p>Sorry, this entry is only available in Turkish. For the sake of viewer convenience, the content is shown below in the alternative language. You may click the link to switch the active language. Elektrik da\u011f\u0131t\u0131m sekt\u00f6r\u00fcn\u00fcn \u00f6nc\u00fc \u015firketleri BEDA\u015e, AEDA\u015e ve \u00c7EDA\u015e taraf\u0131ndan 2018\u2019de hayata ge\u00e7irilen \u201cEnerjinin Y\u0131ld\u0131zlar\u0131\u201d Projesi, sekt\u00f6re y\u00fczlerce y\u0131ld\u0131z kazand\u0131rd\u0131. Proje kapsam\u0131nda [&hellip;]<\/p>\n","protected":false},"author":1,"featured_media":183213,"comment_status":"open","ping_status":"open","sticky":false,"template":"","format":"standard","meta":[],"categories":[51,53],"tags":[31338,1506,5179,15016,4546,42396],"views":31,"_links":{"self":[{"href":"https:\/\/www.enerjigazetesi.ist\/en\/wp-json\/wp\/v2\/posts\/183211"}],"collection":[{"href":"https:\/\/www.enerjigazetesi.ist\/en\/wp-json\/wp\/v2\/posts"}],"about":[{"href":"https:\/\/www.enerjigazetesi.ist\/en\/wp-json\/wp\/v2\/types\/post"}],"author":[{"embeddable":true,"href":"https:\/\/www.enerjigazetesi.ist\/en\/wp-json\/wp\/v2\/users\/1"}],"replies":[{"embeddable":true,"href":"https:\/\/www.enerjigazetesi.ist\/en\/wp-json\/wp\/v2\/comments?post=183211"}],"version-history":[{"count":0,"href":"https:\/\/www.enerjigazetesi.ist\/en\/wp-json\/wp\/v2\/posts\/183211\/revisions"}],"wp:featuredmedia":[{"embeddable":true,"href":"https:\/\/www.enerjigazetesi.ist\/en\/wp-json\/wp\/v2\/media\/183213"}],"wp:attachment":[{"href":"https:\/\/www.enerjigazetesi.ist\/en\/wp-json\/wp\/v2\/media?parent=183211"}],"wp:term":[{"taxonomy":"category","embeddable":true,"href":"https:\/\/www.enerjigazetesi.ist\/en\/wp-json\/wp\/v2\/categories?post=183211"},{"taxonomy":"post_tag","embeddable":true,"href":"https:\/\/www.enerjigazetesi.ist\/en\/wp-json\/wp\/v2\/tags?post=183211"}],"curies":[{"name":"wp","href":"https:\/\/api.w.org\/{rel}","templated":true}]}}