{"id":183174,"date":"2024-01-11T15:07:59","date_gmt":"2024-01-11T12:07:59","guid":{"rendered":"https:\/\/www.enerjigazetesi.ist\/?p=183174"},"modified":"2024-01-11T15:07:59","modified_gmt":"2024-01-11T12:07:59","slug":"sedas-enerji-tasarruf-haftasinda-ogrencileri-agirladi","status":"publish","type":"post","link":"https:\/\/www.enerjigazetesi.ist\/en\/sedas-enerji-tasarruf-haftasinda-ogrencileri-agirladi\/","title":{"rendered":"(Turkish) &#8217;SEDA\u015e&#8217; Enerji Tasarruf Haftas\u0131nda \u00d6\u011frencileri A\u011f\u0131rlad\u0131"},"content":{"rendered":"<p class=\"qtranxs-available-languages-message qtranxs-available-languages-message-en\">Sorry, this entry is only available in <a href=\"https:\/\/www.enerjigazetesi.ist\/tr\/wp-json\/wp\/v2\/posts\/183174\" class=\"qtranxs-available-language-link qtranxs-available-language-link-tr\" title=\"Turkish\">Turkish<\/a>. For the sake of viewer convenience, the content is shown below in the alternative language. You may click the link to switch the active language.<\/p><p><\/p>\n<h2><strong>Sakarya Elektrik Da\u011f\u0131t\u0131m A.\u015e. (SEDA\u015e), Enerji Tasarruf Haftas\u0131 etkinlikleri kapsam\u0131nda geleneksel hale getirdi\u011fi \u00f6\u011frenci bulu\u015fmalar\u0131n\u0131 bu y\u0131l merkez kamp\u00fcste ger\u00e7ekle\u015ftirdi. Sakarya \u00dcniversitesi Vakf\u0131 (SA\u00dc) ilk\u00f6\u011fretim \u00f6\u011frencilerini misafir eden SEDA\u015e y\u00f6neticileri, enerji tasarrufu ve enerjinin g\u00fcvenli kullan\u0131m\u0131n\u0131 anlatt\u0131.<\/strong><\/h2>\n<p style=\"text-align: center;\"><img loading=\"lazy\" class=\"aligncenter wp-image-183177\" src=\"https:\/\/www.enerjigazetesi.ist\/wp-content\/uploads\/2024\/01\/sedas-enerji-tasarruf-haftasinda-ogrencileri-agirladi-1.jpg\" alt=\"\" width=\"500\" height=\"281\" srcset=\"https:\/\/www.enerjigazetesi.ist\/wp-content\/uploads\/2024\/01\/sedas-enerji-tasarruf-haftasinda-ogrencileri-agirladi-1.jpg 550w, https:\/\/www.enerjigazetesi.ist\/wp-content\/uploads\/2024\/01\/sedas-enerji-tasarruf-haftasinda-ogrencileri-agirladi-1-300x169.jpg 300w, https:\/\/www.enerjigazetesi.ist\/wp-content\/uploads\/2024\/01\/sedas-enerji-tasarruf-haftasinda-ogrencileri-agirladi-1-500x281.jpg 500w, https:\/\/www.enerjigazetesi.ist\/wp-content\/uploads\/2024\/01\/sedas-enerji-tasarruf-haftasinda-ogrencileri-agirladi-1-80x45.jpg 80w\" sizes=\"(max-width: 500px) 100vw, 500px\" \/><\/p>\n<p>K\u00fcresel \u0131s\u0131nma ve iklim de\u011fi\u015fikli\u011fiyle m\u00fccadelede enerjiyi verimli kullanman\u0131n \u00f6nemi her ge\u00e7en g\u00fcn art\u0131yor. Bu ama\u00e7la enerjinin etkin kullan\u0131lmas\u0131 ve verimlili\u011fin art\u0131r\u0131lmas\u0131, israf\u0131n\u0131n \u00f6nlenmesi ve \u00e7evrenin korunmas\u0131 do\u011frultusunda \u00e7e\u015fitli etkinlikler ger\u00e7ekle\u015ftiren SEDA\u015e, geleneksel hale getirdi\u011fi <strong>\u201cEnerji Tasarruf Haftas\u0131\u201d program\u0131<\/strong> kapsam\u0131nda kap\u0131lar\u0131n\u0131<strong> ilk\u00f6\u011fretim \u00f6\u011frencilerine<\/strong> a\u00e7t\u0131.<\/p>\n<p>Sakarya, Kocaeli, Bolu ve D\u00fczce\u2019yi i\u00e7ine alan <strong>20 bin kilometrekarelik<\/strong> alanda <strong>3,8 milyon<\/strong> n\u00fcfus ve <strong>2 milyonu a\u015fk\u0131n<\/strong> m\u00fc\u015fteriye elektrik da\u011f\u0131t\u0131m hizmeti sunan SEDA\u015e, ilk\u00f6\u011fretim \u00f6\u011frencilerine <strong>enerji verimlili\u011finin \u00f6neminden<\/strong> bahsetti. SEDA\u015e E\u011fitim Salonunda d\u00fczenlenen Enerji Tasarruf Haftas\u0131 etkinli\u011fine <strong>60 \u00f6\u011frenci<\/strong> kat\u0131ld\u0131.<\/p>\n<p>SEDA\u015e \u0130\u015f Sa\u011fl\u0131\u011f\u0131 ve G\u00fcvenli\u011fi M\u00fcd\u00fcrl\u00fc\u011f\u00fc ile SEDA\u015e Kurumsal \u0130leti\u015fim ve M\u00fc\u015fteri \u0130li\u015fkileri M\u00fcd\u00fcrl\u00fc\u011f\u00fc taraf\u0131ndan teorik ve pratik olarak iki etapl\u0131 yap\u0131lan sunumlarda; \u00f6\u011frencilere enerjinin t\u00fcketim alanlar\u0131, neden verimli kullan\u0131lmas\u0131 gerekti\u011fi ve enerjinin g\u00fcvenli kullan\u0131m\u0131na dikkat \u00e7eken k\u0131s\u0131mlar anlat\u0131ld\u0131. Enerjide tasarrufu sa\u011flamaya yarayan ipu\u00e7lar\u0131n\u0131n da \u00f6rneklerle g\u00f6sterildi\u011fi etkinlikte \u00f6\u011frencilerin sorular\u0131na ve g\u00f6r\u00fc\u015flerine yer verildi.<\/p>\n<p>Program\u0131n ikinci etab\u0131nda ise \u00f6\u011frencilere <strong>SEDA\u015e Teknik E\u011fitim Merkezinde<\/strong> enerji da\u011f\u0131t\u0131m faaliyetleri ve enerjinin g\u00fcvenli kullan\u0131m\u0131ndan e\u011flenceli \u00f6rnek \u00e7al\u0131\u015fmalar aktar\u0131ld\u0131. Uygulamal\u0131 aktar\u0131lan enerji da\u011f\u0131t\u0131m\u0131 konular\u0131nda \u00f6\u011frenciler heyecanl\u0131 ve keyifli anlar ya\u015fad\u0131.<\/p>\n<p>Hem e\u011fitici hem de \u00f6\u011fretici ge\u00e7en etkinlik sonras\u0131 \u00f6\u011frencilere <strong>enerji verimlili\u011fi ilgili bilgilendirici bro\u015f\u00fcrler<\/strong> da\u011f\u0131t\u0131ld\u0131.<\/p>","protected":false},"excerpt":{"rendered":"<p>Sorry, this entry is only available in Turkish. For the sake of viewer convenience, the content is shown below in the alternative language. You may click the link to switch the active language. Sakarya Elektrik Da\u011f\u0131t\u0131m A.\u015e. (SEDA\u015e), Enerji Tasarruf Haftas\u0131 etkinlikleri kapsam\u0131nda geleneksel hale getirdi\u011fi \u00f6\u011frenci bulu\u015fmalar\u0131n\u0131 bu y\u0131l merkez kamp\u00fcste ger\u00e7ekle\u015ftirdi. Sakarya \u00dcniversitesi [&hellip;]<\/p>\n","protected":false},"author":1,"featured_media":183176,"comment_status":"open","ping_status":"open","sticky":false,"template":"","format":"standard","meta":[],"categories":[51,53,52],"tags":[4546,36534,103,111992,102600,2444],"views":20,"_links":{"self":[{"href":"https:\/\/www.enerjigazetesi.ist\/en\/wp-json\/wp\/v2\/posts\/183174"}],"collection":[{"href":"https:\/\/www.enerjigazetesi.ist\/en\/wp-json\/wp\/v2\/posts"}],"about":[{"href":"https:\/\/www.enerjigazetesi.ist\/en\/wp-json\/wp\/v2\/types\/post"}],"author":[{"embeddable":true,"href":"https:\/\/www.enerjigazetesi.ist\/en\/wp-json\/wp\/v2\/users\/1"}],"replies":[{"embeddable":true,"href":"https:\/\/www.enerjigazetesi.ist\/en\/wp-json\/wp\/v2\/comments?post=183174"}],"version-history":[{"count":0,"href":"https:\/\/www.enerjigazetesi.ist\/en\/wp-json\/wp\/v2\/posts\/183174\/revisions"}],"wp:featuredmedia":[{"embeddable":true,"href":"https:\/\/www.enerjigazetesi.ist\/en\/wp-json\/wp\/v2\/media\/183176"}],"wp:attachment":[{"href":"https:\/\/www.enerjigazetesi.ist\/en\/wp-json\/wp\/v2\/media?parent=183174"}],"wp:term":[{"taxonomy":"category","embeddable":true,"href":"https:\/\/www.enerjigazetesi.ist\/en\/wp-json\/wp\/v2\/categories?post=183174"},{"taxonomy":"post_tag","embeddable":true,"href":"https:\/\/www.enerjigazetesi.ist\/en\/wp-json\/wp\/v2\/tags?post=183174"}],"curies":[{"name":"wp","href":"https:\/\/api.w.org\/{rel}","templated":true}]}}