{"id":183089,"date":"2024-01-09T16:33:19","date_gmt":"2024-01-09T13:33:19","guid":{"rendered":"https:\/\/www.enerjigazetesi.ist\/?p=183089"},"modified":"2024-01-09T16:33:19","modified_gmt":"2024-01-09T13:33:19","slug":"epson-tum-dunyada-yuzde-100-yenilenebilir-enerjiye-gecti","status":"publish","type":"post","link":"https:\/\/www.enerjigazetesi.ist\/en\/epson-tum-dunyada-yuzde-100-yenilenebilir-enerjiye-gecti\/","title":{"rendered":"&#8216;Epson&#8217; T\u00fcm D\u00fcnyada %100 Yenilenebilir Enerjiye Ge\u00e7ti"},"content":{"rendered":"<p class=\"qtranxs-available-languages-message qtranxs-available-languages-message-en\">Sorry, this entry is only available in <a href=\"https:\/\/www.enerjigazetesi.ist\/tr\/wp-json\/wp\/v2\/posts\/183089\" class=\"qtranxs-available-language-link qtranxs-available-language-link-tr\" title=\"Turkish\">Turkish<\/a>. For the sake of viewer convenience, the content is shown below in the alternative language. You may click the link to switch the active language.<\/p><p><\/p>\n<h2><strong>Global teknoloji lideri Epson, t\u00fcm \u00fcretim tesislerinde d\u00fcnya genelinde y\u00fczde 100 yenilenebilir enerjiye ge\u00e7ti\u011fini a\u00e7\u0131klad\u0131. Epson ayn\u0131 zamanda Japon imalat end\u00fcstrisinde tamamen yenilenebilir enerjiye ge\u00e7en ilk \u015firket oldu.<\/strong><\/h2>\n<p style=\"text-align: center;\"><img loading=\"lazy\" class=\"aligncenter wp-image-183091\" src=\"https:\/\/www.enerjigazetesi.ist\/wp-content\/uploads\/2024\/01\/epson-tum-dunyada-yuzde-100-yenilenebilir-enerjiye-gecti.jpg\" alt=\"\" width=\"500\" height=\"375\" srcset=\"https:\/\/www.enerjigazetesi.ist\/wp-content\/uploads\/2024\/01\/epson-tum-dunyada-yuzde-100-yenilenebilir-enerjiye-gecti.jpg 550w, https:\/\/www.enerjigazetesi.ist\/wp-content\/uploads\/2024\/01\/epson-tum-dunyada-yuzde-100-yenilenebilir-enerjiye-gecti-300x225.jpg 300w, https:\/\/www.enerjigazetesi.ist\/wp-content\/uploads\/2024\/01\/epson-tum-dunyada-yuzde-100-yenilenebilir-enerjiye-gecti-500x375.jpg 500w, https:\/\/www.enerjigazetesi.ist\/wp-content\/uploads\/2024\/01\/epson-tum-dunyada-yuzde-100-yenilenebilir-enerjiye-gecti-67x50.jpg 67w\" sizes=\"(max-width: 500px) 100vw, 500px\" \/><\/p>\n<p>Epson, Aral\u0131k 2023 itibariyle d\u00fcnya genelindeki t\u00fcm Epson Grubu tesislerinde kullan\u0131lan elektri\u011fin %100&#8217;\u00fcn\u00fcn yenilenebilir kaynaklardan geldi\u011fini a\u00e7\u0131klad\u0131. B\u00f6ylece Epson, Japonya da dahil olmak \u00fczere d\u00fcnya genelindeki t\u00fcm tesislerinde <strong>yenilenebilir enerjiye ge\u00e7i\u015fi tamamlayan<\/strong> ilk \u015firket oldu. Epson Grubu y\u0131lda yakla\u015f\u0131k <strong>876 GWh3<\/strong> elektrik t\u00fcketiyor. Epson, bu talebi kar\u015f\u0131lamak i\u00e7in yenilenebilir kaynaklar\u0131 kullanarak y\u0131ll\u0131k karbondioksit emisyonlar\u0131n\u0131<strong> yakla\u015f\u0131k 400,000 ton azaltmay\u0131<\/strong> hedefliyor.<\/p>\n<h3><strong>T\u00fcm D\u00fcnyada Hedefi Ger\u00e7ekle\u015ftirdi<\/strong><\/h3>\n<p>Epson, \u00c7evresel Vizyon 2050 ile karbon negatif hale gelerek yeralt\u0131 kaynaklar\u0131n\u0131 kullanmayaca\u011f\u0131 taahh\u00fcd\u00fcnde bulunmu\u015ftu. Yenilenebilir enerjinin kullan\u0131m\u0131, <strong>Epson<\/strong>&#8216;un <strong>dekarbonizasyon hedefine<\/strong> ula\u015fma konusundaki ana ara\u00e7lar\u0131ndan biri oldu. Bu do\u011frultuda, Epson Mart 2021&#8217;de, d\u00fcnya genelindeki t\u00fcm Epson Grubu tesislerinin elektrik ihtiyac\u0131 i\u00e7in <strong>2023&#8217;e<\/strong> kadar <strong>%100<\/strong> yenilenebilir enerjiye ge\u00e7ece\u011fini ilan etti. 2021&#8217;in Kas\u0131m ay\u0131nda, ge\u00e7i\u015f Japonya&#8217;da tamamland\u0131. K\u00fcresel olarak yenilenebilir enerjiye ge\u00e7i\u015f ise planland\u0131\u011f\u0131 gibi 2023 Aral\u0131k ay\u0131nda tamamland\u0131. Epson, \u00fcretim ve \u00fcr\u00fcnlerle ili\u015fkilendirilen enerji miktar\u0131n\u0131 azaltacak ve karbon negatif olma hedefine ula\u015fmak i\u00e7in kaynak dola\u015f\u0131m\u0131nda daha fazla ilerleme kaydedecek.<\/p>\n<p><strong>Epson Global Ba\u015fkan Yasunori Ogawa<\/strong> \u015f\u00f6yle konu\u015ftu: <em>&#8220;Seksen y\u0131ld\u0131r Epson, \u00e7evresel eyleme proaktif bir yakla\u015f\u0131m sergiledi. Kurucunun, Japonya\u2019daki Suwa G\u00f6l\u00fc&#8217;n\u00fcn temizli\u011fini koruma taahh\u00fcd\u00fcn\u00fc s\u00fcrd\u00fcrd\u00fck ve \u00fcretim s\u00fcre\u00e7lerimizden zararl\u0131 gazlar\u0131 (CFC) ilk ortadan kald\u0131ran \u015firket olduk. \u015eimdi, 2021&#8217;de bunu taahh\u00fct etti\u011fimizden sadece iki y\u0131l on ay sonra, t\u00fcm Epson Grubu tesislerinde %100 yenilenebilir elektri\u011fe ge\u00e7i\u015fi ba\u015far\u0131yla tamamlad\u0131k. Bu sadece kendi hedeflerimize ula\u015fmam\u0131za yard\u0131mc\u0131 olmakla kalmayacak, ayn\u0131 zamanda toplum i\u00e7inde yenilenebilir enerjinin daha geni\u015f bir benimsemesini destekleyerek fark\u0131ndal\u0131\u011f\u0131 art\u0131rarak katk\u0131da bulunacak. Toplumsal s\u00fcrd\u00fcr\u00fclebilirlik hedefimiz daha b\u00fcy\u00fck ve zorlu bir konu, ancak bu sorunlar\u0131 yarat\u0131c\u0131l\u0131k ve m\u00fccadele ruhuyla \u00e7\u00f6zmek i\u00e7in kararl\u0131l\u0131kla hareket edece\u011fiz.\u201d<\/em><\/p>","protected":false},"excerpt":{"rendered":"<p>Sorry, this entry is only available in Turkish. For the sake of viewer convenience, the content is shown below in the alternative language. You may click the link to switch the active language. Global teknoloji lideri Epson, t\u00fcm \u00fcretim tesislerinde d\u00fcnya genelinde y\u00fczde 100 yenilenebilir enerjiye ge\u00e7ti\u011fini a\u00e7\u0131klad\u0131. Epson ayn\u0131 zamanda Japon imalat end\u00fcstrisinde tamamen [&hellip;]<\/p>\n","protected":false},"author":1,"featured_media":183091,"comment_status":"open","ping_status":"open","sticky":false,"template":"","format":"standard","meta":[],"categories":[53,49],"tags":[99579,111969,842,105],"views":24,"_links":{"self":[{"href":"https:\/\/www.enerjigazetesi.ist\/en\/wp-json\/wp\/v2\/posts\/183089"}],"collection":[{"href":"https:\/\/www.enerjigazetesi.ist\/en\/wp-json\/wp\/v2\/posts"}],"about":[{"href":"https:\/\/www.enerjigazetesi.ist\/en\/wp-json\/wp\/v2\/types\/post"}],"author":[{"embeddable":true,"href":"https:\/\/www.enerjigazetesi.ist\/en\/wp-json\/wp\/v2\/users\/1"}],"replies":[{"embeddable":true,"href":"https:\/\/www.enerjigazetesi.ist\/en\/wp-json\/wp\/v2\/comments?post=183089"}],"version-history":[{"count":0,"href":"https:\/\/www.enerjigazetesi.ist\/en\/wp-json\/wp\/v2\/posts\/183089\/revisions"}],"wp:featuredmedia":[{"embeddable":true,"href":"https:\/\/www.enerjigazetesi.ist\/en\/wp-json\/wp\/v2\/media\/183091"}],"wp:attachment":[{"href":"https:\/\/www.enerjigazetesi.ist\/en\/wp-json\/wp\/v2\/media?parent=183089"}],"wp:term":[{"taxonomy":"category","embeddable":true,"href":"https:\/\/www.enerjigazetesi.ist\/en\/wp-json\/wp\/v2\/categories?post=183089"},{"taxonomy":"post_tag","embeddable":true,"href":"https:\/\/www.enerjigazetesi.ist\/en\/wp-json\/wp\/v2\/tags?post=183089"}],"curies":[{"name":"wp","href":"https:\/\/api.w.org\/{rel}","templated":true}]}}