{"id":183054,"date":"2024-01-08T17:03:47","date_gmt":"2024-01-08T14:03:47","guid":{"rendered":"https:\/\/www.enerjigazetesi.ist\/?p=183054"},"modified":"2024-01-08T17:13:54","modified_gmt":"2024-01-08T14:13:54","slug":"kamu-iscileri-zam-istiyor","status":"publish","type":"post","link":"https:\/\/www.enerjigazetesi.ist\/en\/kamu-iscileri-zam-istiyor\/","title":{"rendered":"(Turkish) Kamu \u0130\u015f\u00e7ileri Zam \u0130stiyor"},"content":{"rendered":"<p class=\"qtranxs-available-languages-message qtranxs-available-languages-message-en\">Sorry, this entry is only available in <a href=\"https:\/\/www.enerjigazetesi.ist\/tr\/wp-json\/wp\/v2\/posts\/183054\" class=\"qtranxs-available-language-link qtranxs-available-language-link-tr\" title=\"Turkish\">Turkish<\/a>. For the sake of viewer convenience, the content is shown below in the alternative language. You may click the link to switch the active language.<\/p><p><\/p>\n<h2>3 Ocak da kamuda memur zamm\u0131 y\u00fczde 49&#8217;la belli olmas\u0131yla birlikte kamuda \u00e7al\u0131\u015fan 750 bin kamu i\u015f\u00e7isi \u00fccretleri \u00e7ok geride kald\u0131.<\/h2>\n<p style=\"text-align: center;\"><img loading=\"lazy\" class=\"aligncenter wp-image-183056\" src=\"https:\/\/www.enerjigazetesi.ist\/wp-content\/uploads\/2024\/01\/kamu-iscileri-zam-istiyor.jpg\" alt=\"\" width=\"500\" height=\"339\" srcset=\"https:\/\/www.enerjigazetesi.ist\/wp-content\/uploads\/2024\/01\/kamu-iscileri-zam-istiyor.jpg 550w, https:\/\/www.enerjigazetesi.ist\/wp-content\/uploads\/2024\/01\/kamu-iscileri-zam-istiyor-300x203.jpg 300w, https:\/\/www.enerjigazetesi.ist\/wp-content\/uploads\/2024\/01\/kamu-iscileri-zam-istiyor-500x339.jpg 500w, https:\/\/www.enerjigazetesi.ist\/wp-content\/uploads\/2024\/01\/kamu-iscileri-zam-istiyor-74x50.jpg 74w\" sizes=\"(max-width: 500px) 100vw, 500px\" \/><\/p>\n<p>Bunun nedeni 2023 de <strong>kamu i\u015f\u00e7i s\u00f6zle\u015fmesi<\/strong> yap\u0131l\u0131rken memur geride kalmas\u0131n diye memura seyyanen da zam <strong>8000 TL<\/strong> verildi. 2024 memur s\u00f6zle\u015fme gere\u011fi tekrar zam ald\u0131 ve Kamu i\u015f\u00e7isi \u00fccretleri enflasyon \u015fartlar\u0131nda <strong>10 bin geride<\/strong> kald\u0131.<\/p>\n<p>Enerji sekt\u00f6r\u00fcnde \u00e7ok tehlikeli, <strong>\u00f6l\u00fcmle burun buruna \u00e7al\u0131\u015fan<\/strong>, i\u015f gere\u011fi <strong>dire\u011fin tepesinde \u00e7al\u0131\u015fan<\/strong> <strong>kamu i\u015f\u00e7isi<\/strong>, ayn\u0131 i\u015fyerinde kurumda masa ba\u015f\u0131nda \u00e7al\u0131\u015fan memur maa\u015flar\u0131n\u0131n \u00e7ok gerisinde kald\u0131. Bizler memur arkada\u015flar\u0131m\u0131z az zam als\u0131n demiyoruz. Bize de 2023 de memura yap\u0131lan gibi <strong>ek protokolle seyyanen zam<\/strong> yap\u0131larak refah da birle\u015felim diyoruz.<\/p>\n<p>Kamuda, enerjide, silah sanayinde \u00e7al\u0131\u015fan i\u015finde uzman, teknik <strong>20 y\u0131ll\u0131k 30 y\u0131ll\u0131k<\/strong> kamu i\u015f\u00e7isi maa\u015f\u0131 \u00e7ok d\u00fc\u015f\u00fck. Durum b\u00f6yle giderse <strong>i\u015f yerinden istifa etmeyi<\/strong> d\u00fc\u015f\u00fcnen arkada\u015flar\u0131m\u0131z var.<\/p>\n<p>Ayn\u0131 zamanda kamuda \u00e7al\u0131\u015fan i\u015f\u00e7ilerin s\u00f6zle\u015fme gere\u011fi bir k\u0131sm\u0131<strong> Ocak da<\/strong> bir k\u0131sm\u0131 <strong>Mart da<\/strong> zam almaktad\u0131r. <strong>Ayl\u0131k a\u00e7\u0131klanan enflasyondan etkilenmemek<\/strong> i\u00e7in s\u00f6zle\u015fmemizin <strong>ocak ay\u0131nda<\/strong> ba\u015flamas\u0131n\u0131 talep ediyoruz.<\/p>\n<p>Vergi de \u00e7ok kazanandan \u00e7ok, az kazanandan az vergi al\u0131nmal\u0131d\u0131r. Vergi de <strong>y\u00fczde 15, 20, 27 dilimlerin<\/strong>den olumsuz etkileniyoruz. Vergi dilimlerinin <strong>sabit<\/strong> ve <strong>adaletli<\/strong> olmas\u0131n\u0131 istiyoruz.<\/p>\n<p><strong>T\u00fcm Enerji \u00c7al\u0131\u015fanlar\u0131 Platformu<\/strong><\/p>","protected":false},"excerpt":{"rendered":"<p>Sorry, this entry is only available in Turkish. For the sake of viewer convenience, the content is shown below in the alternative language. You may click the link to switch the active language. 3 Ocak da kamuda memur zamm\u0131 y\u00fczde 49&#8217;la belli olmas\u0131yla birlikte kamuda \u00e7al\u0131\u015fan 750 bin kamu i\u015f\u00e7isi \u00fccretleri \u00e7ok geride kald\u0131. Bunun [&hellip;]<\/p>\n","protected":false},"author":1,"featured_media":183056,"comment_status":"open","ping_status":"open","sticky":false,"template":"","format":"standard","meta":[],"categories":[51,53],"tags":[111960,111958,111959,111957,111961],"views":65,"_links":{"self":[{"href":"https:\/\/www.enerjigazetesi.ist\/en\/wp-json\/wp\/v2\/posts\/183054"}],"collection":[{"href":"https:\/\/www.enerjigazetesi.ist\/en\/wp-json\/wp\/v2\/posts"}],"about":[{"href":"https:\/\/www.enerjigazetesi.ist\/en\/wp-json\/wp\/v2\/types\/post"}],"author":[{"embeddable":true,"href":"https:\/\/www.enerjigazetesi.ist\/en\/wp-json\/wp\/v2\/users\/1"}],"replies":[{"embeddable":true,"href":"https:\/\/www.enerjigazetesi.ist\/en\/wp-json\/wp\/v2\/comments?post=183054"}],"version-history":[{"count":0,"href":"https:\/\/www.enerjigazetesi.ist\/en\/wp-json\/wp\/v2\/posts\/183054\/revisions"}],"wp:featuredmedia":[{"embeddable":true,"href":"https:\/\/www.enerjigazetesi.ist\/en\/wp-json\/wp\/v2\/media\/183056"}],"wp:attachment":[{"href":"https:\/\/www.enerjigazetesi.ist\/en\/wp-json\/wp\/v2\/media?parent=183054"}],"wp:term":[{"taxonomy":"category","embeddable":true,"href":"https:\/\/www.enerjigazetesi.ist\/en\/wp-json\/wp\/v2\/categories?post=183054"},{"taxonomy":"post_tag","embeddable":true,"href":"https:\/\/www.enerjigazetesi.ist\/en\/wp-json\/wp\/v2\/tags?post=183054"}],"curies":[{"name":"wp","href":"https:\/\/api.w.org\/{rel}","templated":true}]}}