{"id":183016,"date":"2024-01-08T15:02:27","date_gmt":"2024-01-08T12:02:27","guid":{"rendered":"https:\/\/www.enerjigazetesi.ist\/?p=183016"},"modified":"2024-01-08T15:07:23","modified_gmt":"2024-01-08T12:07:23","slug":"yorglass-ta-yeni-ceo-donemi","status":"publish","type":"post","link":"https:\/\/www.enerjigazetesi.ist\/en\/yorglass-ta-yeni-ceo-donemi\/","title":{"rendered":"(Turkish) &#8217;Yorglass\u2019ta Yeni CEO D\u00f6nemi"},"content":{"rendered":"<p class=\"qtranxs-available-languages-message qtranxs-available-languages-message-en\">Sorry, this entry is only available in <a href=\"https:\/\/www.enerjigazetesi.ist\/tr\/wp-json\/wp\/v2\/posts\/183016\" class=\"qtranxs-available-language-link qtranxs-available-language-link-tr\" title=\"Turkish\">Turkish<\/a>. For the sake of viewer convenience, the content is shown below in the alternative language. You may click the link to switch the active language.<\/p><p><\/p>\n<h2><strong>Bu sene 50. y\u0131l\u0131n\u0131 kutlamaya haz\u0131rlanan cam d\u00fcnyas\u0131n\u0131n global ve g\u00fcvenilir tedarik\u00e7isi Yorglass, \u00fcst d\u00fczey bir atama ger\u00e7ekle\u015ftirerek yar\u0131m as\u0131rl\u0131k tarihinde yeni bir d\u00f6neme girdi. Kariyer hayat\u0131nda otomotiv, elektronik ve ticari so\u011futucu gibi bir\u00e7ok lokomotif sekt\u00f6rde \u00f6nemli g\u00f6revler alan Bar\u0131\u015f Karaadak, Yorglass\u2019\u0131n yeni CEO\u2019su oldu. Bayra\u011f\u0131 Yorglass Y\u00f6netim Kurulu Ba\u015fkan\u0131 Semavi Yorganc\u0131lar\u2019dan alan deneyimli i\u015f insan\u0131 Karaadak, g\u00f6revine 1 Ocak 2024 itibariyle ba\u015flad\u0131. CEO\u2019luk koltu\u011funu Bar\u0131\u015f Karaadak\u2019a devreden cam d\u00fcnyas\u0131n\u0131n duayen ismi Semavi Yorganc\u0131lar ise Y\u00f6netim Kurulu Ba\u015fkan\u0131 olarak Yorglass\u2019a stratejik kararlarda yol g\u00f6stermeye devam edecek.<\/strong><\/h2>\n<p>Kuruldu\u011fu ilk g\u00fcnden itibaren m\u00fc\u015fterilerine ve \u00e7al\u0131\u015fanlar\u0131na kar\u015f\u0131 her daim g\u00fcven a\u015f\u0131layan bir \u015firket <img loading=\"lazy\" class=\"alignright wp-image-183018\" src=\"https:\/\/www.enerjigazetesi.ist\/wp-content\/uploads\/2024\/01\/yorglass-ta-yeni-ceo-donemi.jpg\" alt=\"\" width=\"320\" height=\"258\" srcset=\"https:\/\/www.enerjigazetesi.ist\/wp-content\/uploads\/2024\/01\/yorglass-ta-yeni-ceo-donemi.jpg 550w, https:\/\/www.enerjigazetesi.ist\/wp-content\/uploads\/2024\/01\/yorglass-ta-yeni-ceo-donemi-300x242.jpg 300w, https:\/\/www.enerjigazetesi.ist\/wp-content\/uploads\/2024\/01\/yorglass-ta-yeni-ceo-donemi-495x400.jpg 495w, https:\/\/www.enerjigazetesi.ist\/wp-content\/uploads\/2024\/01\/yorglass-ta-yeni-ceo-donemi-62x50.jpg 62w, https:\/\/www.enerjigazetesi.ist\/wp-content\/uploads\/2024\/01\/yorglass-ta-yeni-ceo-donemi-500x404.jpg 500w\" sizes=\"(max-width: 320px) 100vw, 320px\" \/>olarak faaliyetlerini s\u00fcrd\u00fcren ve T\u00fcrkiye\u2019nin be\u015f farkl\u0131 \u015fehrinde kurulu yedi tesisinde \u00fcretti\u011fi inovatif \u00fcr\u00fcnleri alt\u0131 k\u0131tada 60 \u00fclkeye ula\u015ft\u0131rarak ekonomi ve istihdama b\u00fcy\u00fck katk\u0131da bulunan Yorglass\u2019ta \u00f6nemli bir atama ger\u00e7ekle\u015fti. Otomotiv, elektronik ve ticari so\u011futucu gibi bir\u00e7ok lokomotif sekt\u00f6rde \u00fcst d\u00fczey g\u00f6revler alan Bar\u0131\u015f Karaadak, bundan sonraki s\u00fcre\u00e7te Yorglass\u2019\u0131n kurulu\u015f felsefesi, de\u011ferleri, hedefleri ve stratejileri do\u011frultusunda \u015firkete liderlik edecek. 21 y\u0131ll\u0131k deneyimiyle bug\u00fcne kadar 3 binden fazla insan\u0131 y\u00f6neten ve say\u0131s\u0131z ba\u015far\u0131ya ismini yazd\u0131ran Bar\u0131\u015f Karaadak; Sat\u0131\u015f ve Pazarlama, Finans, \u00dcretimin her t\u00fcrl\u00fc operasyonu, M\u00fc\u015fteri Y\u00f6netimi, Yal\u0131n Y\u00f6netim, \u0130nsan Kayna\u011f\u0131, Dijital D\u00f6n\u00fc\u015f\u00fcm ve Tedarik Zinciri gibi uzmanl\u0131klarda \u00e7apraz y\u00f6netim tecr\u00fcbesiyle \u00f6ne \u00e7\u0131k\u0131yor.<\/p>\n<h3><strong>Vizyonu ve Deneyimi ile Yorglass\u2019a G\u00fc\u00e7 Katacak<\/strong><\/h3>\n<p>Galatasaray Lisesi ve Bo\u011fazi\u00e7i \u00dcniversitesi Makine M\u00fchendisli\u011fi mezunu olan Bar\u0131\u015f Karaadak,<\/p>\n<p>Mercedes Benz&#8217;de ba\u015flad\u0131\u011f\u0131 kariyerine Autoliv ve Aptiv&#8217;de devam etti. Metalfrio Solutions&#8217;da COO ve Co\u015fkun\u00f6z Holding Metal Form \u015eirketi&#8217;nde Genel M\u00fcd\u00fcr olarak b\u00fcy\u00fck ba\u015far\u0131lar elde eden Karaadak \u015fimdi ise bilgi birikimi ve deneyimi ile Yorglass&#8217;\u0131n yar\u0131m as\u0131rl\u0131k ba\u015far\u0131 yolculu\u011funa \u00f6nemli katk\u0131lar sunmaya haz\u0131rlan\u0131yor.<\/p>","protected":false},"excerpt":{"rendered":"<p>Sorry, this entry is only available in Turkish. For the sake of viewer convenience, the content is shown below in the alternative language. You may click the link to switch the active language. Bu sene 50. y\u0131l\u0131n\u0131 kutlamaya haz\u0131rlanan cam d\u00fcnyas\u0131n\u0131n global ve g\u00fcvenilir tedarik\u00e7isi Yorglass, \u00fcst d\u00fczey bir atama ger\u00e7ekle\u015ftirerek yar\u0131m as\u0131rl\u0131k tarihinde yeni [&hellip;]<\/p>\n","protected":false},"author":1,"featured_media":183018,"comment_status":"open","ping_status":"open","sticky":false,"template":"","format":"standard","meta":[],"categories":[53],"tags":[111944,20832,1330,106317],"views":40,"_links":{"self":[{"href":"https:\/\/www.enerjigazetesi.ist\/en\/wp-json\/wp\/v2\/posts\/183016"}],"collection":[{"href":"https:\/\/www.enerjigazetesi.ist\/en\/wp-json\/wp\/v2\/posts"}],"about":[{"href":"https:\/\/www.enerjigazetesi.ist\/en\/wp-json\/wp\/v2\/types\/post"}],"author":[{"embeddable":true,"href":"https:\/\/www.enerjigazetesi.ist\/en\/wp-json\/wp\/v2\/users\/1"}],"replies":[{"embeddable":true,"href":"https:\/\/www.enerjigazetesi.ist\/en\/wp-json\/wp\/v2\/comments?post=183016"}],"version-history":[{"count":0,"href":"https:\/\/www.enerjigazetesi.ist\/en\/wp-json\/wp\/v2\/posts\/183016\/revisions"}],"wp:featuredmedia":[{"embeddable":true,"href":"https:\/\/www.enerjigazetesi.ist\/en\/wp-json\/wp\/v2\/media\/183018"}],"wp:attachment":[{"href":"https:\/\/www.enerjigazetesi.ist\/en\/wp-json\/wp\/v2\/media?parent=183016"}],"wp:term":[{"taxonomy":"category","embeddable":true,"href":"https:\/\/www.enerjigazetesi.ist\/en\/wp-json\/wp\/v2\/categories?post=183016"},{"taxonomy":"post_tag","embeddable":true,"href":"https:\/\/www.enerjigazetesi.ist\/en\/wp-json\/wp\/v2\/tags?post=183016"}],"curies":[{"name":"wp","href":"https:\/\/api.w.org\/{rel}","templated":true}]}}