{"id":1830,"date":"2012-09-10T09:55:24","date_gmt":"2012-09-10T06:55:24","guid":{"rendered":"https:\/\/www.enerjigazetesi.ist\/?p=1830"},"modified":"2012-09-10T09:59:50","modified_gmt":"2012-09-10T06:59:50","slug":"yenilenebilir-enerjinin-onlenemez-yukselisi","status":"publish","type":"post","link":"https:\/\/www.enerjigazetesi.ist\/en\/yenilenebilir-enerjinin-onlenemez-yukselisi\/","title":{"rendered":"(Turkish) Yenilenebilir Enerjinin \u00d6nlenemez Y\u00fckseli\u015fi"},"content":{"rendered":"<p class=\"qtranxs-available-languages-message qtranxs-available-languages-message-en\">Sorry, this entry is only available in <a href=\"https:\/\/www.enerjigazetesi.ist\/tr\/wp-json\/wp\/v2\/posts\/1830\" class=\"qtranxs-available-language-link qtranxs-available-language-link-tr\" title=\"Turkish\">Turkish<\/a>. For the sake of viewer convenience, the content is shown below in the alternative language. You may click the link to switch the active language.<\/p><p><strong>Almanya&#8217;da n\u00fckleer enerjinin yerini yenilenebilir enerjiye b\u0131rakma yolunda iddial\u0131 hedefleri olan Angela Merkel&#8217;in partisinde \u015fimdi fazla \u00fcretim korkusu sard\u0131.<\/strong><\/p>\n<p><img loading=\"lazy\" class=\"alignleft size-medium wp-image-1831\" title=\"yenilenebilinir-enerji-yukselis-trendi\" src=\"https:\/\/www.enerjigazetesi.ist\/wp-content\/uploads\/2012\/09\/yenilenebilinir-enerji-yukselis-trendi-300x230.jpg\" alt=\"\" width=\"300\" height=\"230\" srcset=\"https:\/\/www.enerjigazetesi.ist\/wp-content\/uploads\/2012\/09\/yenilenebilinir-enerji-yukselis-trendi-300x230.jpg 300w, https:\/\/www.enerjigazetesi.ist\/wp-content\/uploads\/2012\/09\/yenilenebilinir-enerji-yukselis-trendi-65x50.jpg 65w, https:\/\/www.enerjigazetesi.ist\/wp-content\/uploads\/2012\/09\/yenilenebilinir-enerji-yukselis-trendi.jpg 430w\" sizes=\"(max-width: 300px) 100vw, 300px\" \/>G\u00fcne\u015f ve r\u00fczgar enerjisi alan\u0131nda h\u0131zl\u0131 b\u00fcy\u00fcyen, elektri\u011finin y\u00fczde 25&#8217;ini \u00e7evreci kaynaklardan elde elden Almanya, 2020 y\u0131l\u0131 i\u00e7in y\u00fczde 35 hedefini yakalama yolunda h\u0131zla ilerliyor. Gezegenin Gelece\u011fi adl\u0131 radyo program\u0131n\u0131 yapan Dr. Uygar \u00d6zesmi, Merkel h\u00fck\u00fcmetinin baz\u0131 \u00fcyelerinin, elektrik faturalar\u0131na yans\u0131t\u0131lan baz\u0131 \u00fccretleri kald\u0131rarak t\u00fcketiciler \u00fczerindeki y\u00fck\u00fc azaltmak istedi\u011fine dikkat \u00e7ekti. \u00d6zesmi s\u00f6zlerine \u015f\u00f6yle devam etti:<\/p>\n<p>&#8220;\u00c7evre Bakan\u0131 Peter Altmaier, &#8216;E\u011fer bu tempoyu korursak, azalt\u0131lmas\u0131 gereken bir enerji fazlas\u0131na sahip olaca\u011f\u0131z. Bu kimsenin i\u015fine yaramaz&#8217; dedi.<\/p>\n<p>Muhalefetteki Sosyal Demokratlardan Ulrich Kebler ise &#8216;Yenilenebilir enerjinin b\u00fcy\u00fcmesini yava\u015flatmak kesinlikle kabul edilemez&#8217; diyerek Altmaier&#8217;e kar\u015f\u0131 \u00e7\u0131kt\u0131. T\u00fcketiciler \u00fczerindeki artan maliyetler kar\u015f\u0131s\u0131nda Merkel h\u00fck\u00fcmetinin d\u00f6n\u00fc\u015f\u00fcm\u00fc yava\u015flatmas\u0131 halinde bundan en \u00e7ok denizlerde kurulu r\u00fczgar t\u00fcrbini sekt\u00f6r\u00fcn\u00fcn etkilenebilece\u011fi ve yat\u0131r\u0131mc\u0131 i\u00e7in cayd\u0131r\u0131c\u0131 unsur olabilece\u011fi yorumlar\u0131 yap\u0131l\u0131yor.&#8221;<\/p>\n<p>Kaynak: <a href=\"http:\/\/haber.tr.msn.com\/ntv\/yenilenebilir-enerjinin-%C3%B6nlenemez-y%C3%BCkseli%C5%9Fi\" target=\"_blank\">Msn<\/a><\/p>","protected":false},"excerpt":{"rendered":"<p>Sorry, this entry is only available in Turkish. For the sake of viewer convenience, the content is shown below in the alternative language. You may click the link to switch the active language.Almanya&#8217;da n\u00fckleer enerjinin yerini yenilenebilir enerjiye b\u0131rakma yolunda iddial\u0131 hedefleri olan Angela Merkel&#8217;in partisinde \u015fimdi fazla \u00fcretim korkusu sard\u0131. G\u00fcne\u015f ve r\u00fczgar enerjisi [&hellip;]<\/p>\n","protected":false},"author":1,"featured_media":1831,"comment_status":"open","ping_status":"open","sticky":false,"template":"","format":"standard","meta":[],"categories":[53,157],"tags":[67,415,133,57],"views":787,"_links":{"self":[{"href":"https:\/\/www.enerjigazetesi.ist\/en\/wp-json\/wp\/v2\/posts\/1830"}],"collection":[{"href":"https:\/\/www.enerjigazetesi.ist\/en\/wp-json\/wp\/v2\/posts"}],"about":[{"href":"https:\/\/www.enerjigazetesi.ist\/en\/wp-json\/wp\/v2\/types\/post"}],"author":[{"embeddable":true,"href":"https:\/\/www.enerjigazetesi.ist\/en\/wp-json\/wp\/v2\/users\/1"}],"replies":[{"embeddable":true,"href":"https:\/\/www.enerjigazetesi.ist\/en\/wp-json\/wp\/v2\/comments?post=1830"}],"version-history":[{"count":3,"href":"https:\/\/www.enerjigazetesi.ist\/en\/wp-json\/wp\/v2\/posts\/1830\/revisions"}],"predecessor-version":[{"id":1915,"href":"https:\/\/www.enerjigazetesi.ist\/en\/wp-json\/wp\/v2\/posts\/1830\/revisions\/1915"}],"wp:featuredmedia":[{"embeddable":true,"href":"https:\/\/www.enerjigazetesi.ist\/en\/wp-json\/wp\/v2\/media\/1831"}],"wp:attachment":[{"href":"https:\/\/www.enerjigazetesi.ist\/en\/wp-json\/wp\/v2\/media?parent=1830"}],"wp:term":[{"taxonomy":"category","embeddable":true,"href":"https:\/\/www.enerjigazetesi.ist\/en\/wp-json\/wp\/v2\/categories?post=1830"},{"taxonomy":"post_tag","embeddable":true,"href":"https:\/\/www.enerjigazetesi.ist\/en\/wp-json\/wp\/v2\/tags?post=1830"}],"curies":[{"name":"wp","href":"https:\/\/api.w.org\/{rel}","templated":true}]}}