{"id":182995,"date":"2024-01-05T16:21:23","date_gmt":"2024-01-05T13:21:23","guid":{"rendered":"https:\/\/www.enerjigazetesi.ist\/?p=182995"},"modified":"2024-01-05T16:21:23","modified_gmt":"2024-01-05T13:21:23","slug":"turkiye-nadir-toprak-elementi-uretebilen-5-ulkeden-biri-olacak","status":"publish","type":"post","link":"https:\/\/www.enerjigazetesi.ist\/en\/turkiye-nadir-toprak-elementi-uretebilen-5-ulkeden-biri-olacak\/","title":{"rendered":"(Turkish) &#8221;T\u00fcrkiye Nadir Toprak Elementi \u00dcretebilen 5 \u00dclkeden Biri Olacak&#8221;"},"content":{"rendered":"<p class=\"qtranxs-available-languages-message qtranxs-available-languages-message-en\">Sorry, this entry is only available in <a href=\"https:\/\/www.enerjigazetesi.ist\/tr\/wp-json\/wp\/v2\/posts\/182995\" class=\"qtranxs-available-language-link qtranxs-available-language-link-tr\" title=\"Turkish\">Turkish<\/a>. For the sake of viewer convenience, the content is shown below in the alternative language. You may click the link to switch the active language.<\/p><p><\/p>\n<h2 class=\"spot-title\">Enerji ve Tabii Kaynaklar Bakan\u0131 Alparslan Bayraktar, T\u00fcrkiye\u2019nin nadir toprak elementi (NTE) \u00fcretebilen 5 \u00fclkeden biri olaca\u011f\u0131n\u0131 ve d\u00fcnyada \u00f6nemli bir tedarik\u00e7i konumuna gelece\u011fini bildirdi.<\/h2>\n<p style=\"text-align: center;\"><img loading=\"lazy\" class=\"aligncenter wp-image-182997\" src=\"https:\/\/www.enerjigazetesi.ist\/wp-content\/uploads\/2024\/01\/turkiye-nadir-toprak-elementi-uretebilen-5-ulkeden-biri-olacak.jpg\" alt=\"\" width=\"500\" height=\"319\" srcset=\"https:\/\/www.enerjigazetesi.ist\/wp-content\/uploads\/2024\/01\/turkiye-nadir-toprak-elementi-uretebilen-5-ulkeden-biri-olacak.jpg 550w, https:\/\/www.enerjigazetesi.ist\/wp-content\/uploads\/2024\/01\/turkiye-nadir-toprak-elementi-uretebilen-5-ulkeden-biri-olacak-300x191.jpg 300w, https:\/\/www.enerjigazetesi.ist\/wp-content\/uploads\/2024\/01\/turkiye-nadir-toprak-elementi-uretebilen-5-ulkeden-biri-olacak-500x319.jpg 500w, https:\/\/www.enerjigazetesi.ist\/wp-content\/uploads\/2024\/01\/turkiye-nadir-toprak-elementi-uretebilen-5-ulkeden-biri-olacak-78x50.jpg 78w\" sizes=\"(max-width: 500px) 100vw, 500px\" \/><\/p>\n<div class=\"pagebreak\" data-index=\"1\">\n<p>Bayraktar, Eski\u015fehir Beylikova <strong>Florit, Barit ve Nadir Toprak Elementleri \u0130\u015fletme Tesisi\u2019nde<\/strong> incelemelerde bulundu.<\/p>\n<p>Bayraktar, y\u00fcksek teknolojili \u00fcr\u00fcnlerin stratejik ham maddesi olan NTE\u2019nin \u00e7\u0131kar\u0131ld\u0131\u011f\u0131 tesisi ziyaret etti, pilot tesiste y\u00fcr\u00fct\u00fclen proses geli\u015ftirme \u00e7al\u0131\u015fmalar\u0131n\u0131 yerinde g\u00f6zlemledi ve yap\u0131lan \u00e7al\u0131\u015fmalar hakk\u0131nda ilgililerden bilgi ald\u0131.<\/p>\n<p>Bayraktar, NTE\u2019nin d\u00fcnyada geli\u015fen yeni teknolojiler, batarya teknolojileri, yenilenebilir enerji teknolojileri ve esas\u0131 itibar\u0131yla enerji d\u00f6n\u00fc\u015f\u00fcm\u00fcn\u00fcn olmazsa olmazlar\u0131ndan biri oldu\u011funu ve bu y\u00fczden ad\u0131n\u0131n kritik madenler olarak adland\u0131r\u0131ld\u0131\u011f\u0131n\u0131 kaydetti.<\/p>\n<\/div>\n<h3><strong>Hedef Y\u00fcksek Kapasiteye Ula\u015fmak<\/strong><\/h3>\n<div class=\"pagebreak\" data-index=\"2\">\n<p>Dubai\u2019de d\u00fczenlenen COP28 Zirvesi\u2019nde d\u00fcnyada ba\u015far\u0131l\u0131 bir enerji d\u00f6n\u00fc\u015f\u00fcm\u00fcn\u00fcn, iklim de\u011fi\u015fikli\u011fi ile m\u00fccadele i\u00e7in mutlaka kritik madenlerle desteklenmesi gerekti\u011finin vurguland\u0131\u011f\u0131n\u0131 an\u0131msatan Bayraktar, \u015f\u00f6yle konu\u015ftu:<\/p>\n<p><em>\u201cBu \u00e7er\u00e7evede biz de uzun y\u0131llara dayanan ara\u015ft\u0131rmalar\u0131m\u0131z\u0131n neticesinde Eski\u015fehir Beylikova\u2019da, \u015fu anda i\u00e7inde bulundu\u011fumuz tesis ve etraf\u0131ndaki sahalarda d\u00fcnyan\u0131n tek yatakta en b\u00fcy\u00fck ikinci rezervini ke\u015ffetmi\u015f durumday\u0131z. Eski\u015fehir\u2019deki maden i\u015fletmesi elektrikli ara\u00e7lar ve yenilenebilir enerji teknolojileri konusunda T\u00fcrkiye\u2019yi \u00e7ok \u00f6nemli bir noktaya ta\u015f\u0131yacak. End\u00fcstriyel tesise ge\u00e7ilmesiyle birlikte T\u00fcrkiye NTE \u00fcretebilen 5 \u00fclkeden biri olacak ve d\u00fcnyada \u00f6nemli bir tedarik\u00e7i konumuna gelecek. Burada yakla\u015f\u0131k <strong>690 milyon tonluk<\/strong> bir cevher var. Biz bu kayna\u011f\u0131n i\u015fletilmesi ile alakal\u0131 ilk etapta <strong>bir pilot tesis kurduk<\/strong> ve <strong>ge\u00e7ti\u011fimiz nisanda Say\u0131n Cumhurba\u015fkan\u0131m\u0131z buran\u0131n a\u00e7\u0131l\u0131\u015f\u0131n\u0131 yapm\u0131\u015ft\u0131.<\/strong> \u0130lk etapta <strong>1200 tonluk<\/strong> bir cevher i\u015fleyece\u011fiz. Bu tesisten ald\u0131\u011f\u0131m\u0131z neticeler sonucunda da <strong>y\u0131lda<\/strong> <strong>570 bin tonluk cevheri<\/strong> i\u015fleyecek ve yakla\u015f\u0131k<strong> y\u0131lda 10 bin tonluk<\/strong> <strong>nadir toprak oksidi<\/strong> \u00fcretecek end\u00fcstriyel tesisi kurmayla alakal\u0131 \u00e7al\u0131\u015fmalar\u0131m\u0131za devam ediyoruz.\u201d<\/em><\/p>\n<p>Kaynak:\u00a0<a href=\"https:\/\/www.bloomberght.com\/bayraktar-turkiye-nadir-toprak-elementi-uretebilen-5-ulkeden-biri-olacak-2344623?page=2\" target=\"_blank\" rel=\"noopener\" data-wpel-link=\"external\">Bloomberg<\/a><\/p>\n<\/div>\n<p><\/p>","protected":false},"excerpt":{"rendered":"<p>Sorry, this entry is only available in Turkish. For the sake of viewer convenience, the content is shown below in the alternative language. You may click the link to switch the active language. Enerji ve Tabii Kaynaklar Bakan\u0131 Alparslan Bayraktar, T\u00fcrkiye\u2019nin nadir toprak elementi (NTE) \u00fcretebilen 5 \u00fclkeden biri olaca\u011f\u0131n\u0131 ve d\u00fcnyada \u00f6nemli bir tedarik\u00e7i [&hellip;]<\/p>\n","protected":false},"author":1,"featured_media":182997,"comment_status":"open","ping_status":"open","sticky":false,"template":"","format":"standard","meta":[],"categories":[53],"tags":[14004,109429,109428,111940,111856,111939,111938,846],"views":37,"_links":{"self":[{"href":"https:\/\/www.enerjigazetesi.ist\/en\/wp-json\/wp\/v2\/posts\/182995"}],"collection":[{"href":"https:\/\/www.enerjigazetesi.ist\/en\/wp-json\/wp\/v2\/posts"}],"about":[{"href":"https:\/\/www.enerjigazetesi.ist\/en\/wp-json\/wp\/v2\/types\/post"}],"author":[{"embeddable":true,"href":"https:\/\/www.enerjigazetesi.ist\/en\/wp-json\/wp\/v2\/users\/1"}],"replies":[{"embeddable":true,"href":"https:\/\/www.enerjigazetesi.ist\/en\/wp-json\/wp\/v2\/comments?post=182995"}],"version-history":[{"count":0,"href":"https:\/\/www.enerjigazetesi.ist\/en\/wp-json\/wp\/v2\/posts\/182995\/revisions"}],"wp:featuredmedia":[{"embeddable":true,"href":"https:\/\/www.enerjigazetesi.ist\/en\/wp-json\/wp\/v2\/media\/182997"}],"wp:attachment":[{"href":"https:\/\/www.enerjigazetesi.ist\/en\/wp-json\/wp\/v2\/media?parent=182995"}],"wp:term":[{"taxonomy":"category","embeddable":true,"href":"https:\/\/www.enerjigazetesi.ist\/en\/wp-json\/wp\/v2\/categories?post=182995"},{"taxonomy":"post_tag","embeddable":true,"href":"https:\/\/www.enerjigazetesi.ist\/en\/wp-json\/wp\/v2\/tags?post=182995"}],"curies":[{"name":"wp","href":"https:\/\/api.w.org\/{rel}","templated":true}]}}