{"id":182964,"date":"2024-01-05T14:36:50","date_gmt":"2024-01-05T11:36:50","guid":{"rendered":"https:\/\/www.enerjigazetesi.ist\/?p=182964"},"modified":"2024-01-05T14:36:50","modified_gmt":"2024-01-05T11:36:50","slug":"enerji-deki-25-yillik-uzmanligin-adi-ic-enterra-yenilenebilir-enerji-oldu","status":"publish","type":"post","link":"https:\/\/www.enerjigazetesi.ist\/en\/enerji-deki-25-yillik-uzmanligin-adi-ic-enterra-yenilenebilir-enerji-oldu\/","title":{"rendered":"(Turkish) Enerjideki 25 Y\u0131ll\u0131k Uzmanl\u0131\u011f\u0131n Ad\u0131 &#8220;IC Enterra Yenilenebilir Enerji&#8221; Oldu"},"content":{"rendered":"<p class=\"qtranxs-available-languages-message qtranxs-available-languages-message-en\">Sorry, this entry is only available in <a href=\"https:\/\/www.enerjigazetesi.ist\/tr\/wp-json\/wp\/v2\/posts\/182964\" class=\"qtranxs-available-language-link qtranxs-available-language-link-tr\" title=\"Turkish\">Turkish<\/a>. For the sake of viewer convenience, the content is shown below in the alternative language. You may click the link to switch the active language.<\/p><p><\/p>\n<h2><strong>Do\u011fan\u0131n g\u00fcc\u00fcyle s\u00fcrd\u00fcr\u00fclebilir bir gelece\u011fin in\u015fas\u0131na katk\u0131 sunmay\u0131 hedefleyen IC Holding, enerji sekt\u00f6r\u00fcnde 25 y\u0131la uzanan uzmanl\u0131\u011f\u0131 ile yenilenebilir enerji alan\u0131nda yapt\u0131\u011f\u0131 yat\u0131r\u0131mlar\u0131n\u0131, IC Enterra \u00e7at\u0131s\u0131 alt\u0131nda toplad\u0131. B\u00fcnyesinde hidroelektrik, g\u00fcne\u015f enerji santralleri ile r\u00fczgar ve enerji depolama gibi yenilenebilir enerji yat\u0131r\u0131mlar\u0131n\u0131 bulunduran IC Enterra Yenilenebilir Enerji, \u201cd\u00fcnya i\u00e7in enerji \u00fcretirken, d\u00fcnyay\u0131 korumay\u0131\u201d ama\u00e7l\u0131yor.<\/strong><\/h2>\n<p><img loading=\"lazy\" class=\"aligncenter wp-image-182966\" src=\"https:\/\/www.enerjigazetesi.ist\/wp-content\/uploads\/2024\/01\/enerji-deki-25-yillik-uzmanligin-adi-ic-enterra-yenilenebilir-enerji-oldu.jpg\" alt=\"\" width=\"500\" height=\"358\" srcset=\"https:\/\/www.enerjigazetesi.ist\/wp-content\/uploads\/2024\/01\/enerji-deki-25-yillik-uzmanligin-adi-ic-enterra-yenilenebilir-enerji-oldu.jpg 550w, https:\/\/www.enerjigazetesi.ist\/wp-content\/uploads\/2024\/01\/enerji-deki-25-yillik-uzmanligin-adi-ic-enterra-yenilenebilir-enerji-oldu-300x215.jpg 300w, https:\/\/www.enerjigazetesi.ist\/wp-content\/uploads\/2024\/01\/enerji-deki-25-yillik-uzmanligin-adi-ic-enterra-yenilenebilir-enerji-oldu-500x358.jpg 500w, https:\/\/www.enerjigazetesi.ist\/wp-content\/uploads\/2024\/01\/enerji-deki-25-yillik-uzmanligin-adi-ic-enterra-yenilenebilir-enerji-oldu-70x50.jpg 70w\" sizes=\"(max-width: 500px) 100vw, 500px\" \/><\/p>\n<p>Yar\u0131m asr\u0131 a\u015fan tecr\u00fcbesi, uluslararas\u0131 ba\u015far\u0131lar\u0131 ile bir d\u00fcnya markas\u0131 olan IC Holding, yenilenebilir enerji alan\u0131ndaki yat\u0131r\u0131mlar\u0131n\u0131 \u201cIC Enterra Yenilenebilir Enerji\u201d \u00e7at\u0131s\u0131 alt\u0131nda bir araya getirdi. IC Holding\u2019in enerji sekt\u00f6r\u00fcndeki 25 y\u0131ll\u0131k deneyimi ile kurulan IC Enterra Yenilenebilir Enerji \u015firketinin, b\u00fcnyesinde <strong>hidroelektrik, g\u00fcne\u015f enerji santralleri ile r\u00fczg\u00e2r ve enerji depolamaya<\/strong> y\u00f6nelik yat\u0131r\u0131mlar yer al\u0131yor.<\/p>\n<h3><strong>LOGOSUNDA \u201cTOPRAK, HAVA, SU VE ATE\u015e\u201d VAR<\/strong><\/h3>\n<p>Dinamik, ayd\u0131nl\u0131k ve umut dolu bir gelece\u011fi m\u00fcmk\u00fcn k\u0131lmak misyonuyla yola \u00e7\u0131kan, ad\u0131n\u0131 enerjinin \u201cen\u201dinden ve yerk\u00fcre anlam\u0131na gelen \u201cterra\u201ddan alan IC Enterra\u2019n\u0131n temelinde; s\u00fcrd\u00fcr\u00fclebilir bir gelecek, do\u011fadan ald\u0131\u011f\u0131n\u0131 do\u011faya vermek ve gezegenimize sayg\u0131l\u0131 bir \u00fcretim felsefesi bulunuyor. \u015eirketin bu bak\u0131\u015f a\u00e7\u0131s\u0131 \u00f6zel olarak tasarlanan logosunda da yer al\u0131yor. Terra\u2019y\u0131 simgeleyen <strong>\u201ctoprak, hava, su ve ate\u015fi\u201d<\/strong> logosunda ta\u015f\u0131yan <strong>IC Enterra Yenilenebilir Enerji<\/strong>, \u201cd\u00fcnya i\u00e7in enerji \u00fcretirken d\u00fcnyay\u0131 korumay\u0131\u201d hedefliyor.<\/p>\n<h3><strong>5 AYRI \u0130LDE 9 HES\u2019\u0130 VE DEVAM EDEN YATIRIMLARI BULUNUYOR<\/strong><\/h3>\n<p>S\u00fcrd\u00fcr\u00fclebilir bir gelece\u011fin in\u015fas\u0131nda yer almak hedefi ile yola \u00e7\u0131kan IC Enterra Yenilenebilir Enerji\u2019nin b\u00fcnyesinde Trabzon, Erzincan, Tokat, Mersin, Giresun\u2019da elektrik \u00fcretimine devam eden 9 hidroelektrik santrali (HES) bulunuyor. Toplam kurulu g\u00fcc\u00fc <strong>388 MW<\/strong> olan ve y\u0131lda ortalama <strong>1 milyar 400 bin kWh<\/strong> elektrik \u00fcreten s\u00f6z konusu santraller yakla\u015f\u0131k <strong>935 bin konutun<\/strong> y\u0131ll\u0131k enerji ihtiyac\u0131n\u0131 kar\u015f\u0131layacak kapasiteye sahip.<\/p>\n<p>Mevcut HES\u2019lerin yan\u0131 s\u0131ra r\u00fczg\u00e2r ve g\u00fcne\u015f santrali projeleri bulunan IC Enterra Yenilenebilir Enerji\u2019nin Hatay\u2019da <strong>136 MW<\/strong> ve Erzincan\u2019da<strong> hibrit 61 MW<\/strong> olmak \u00fczere toplam <strong>197 MW<\/strong> kurulu g\u00fc\u00e7te g\u00fcne\u015f yat\u0131r\u0131mlar\u0131 da devam ediyor.<\/p>\n<p>Buna ek olarak, \u015firketin gelece\u011fe d\u00f6n\u00fck projeleri aras\u0131nda yenilenebilir enerji kaynaklar\u0131ndan maksimum d\u00fczeyde yararlanma imk\u00e2n\u0131 sa\u011flayan <strong>depolamal\u0131 RES ve GES projeleri de<\/strong> yer al\u0131yor. IC Enterra Yenilenebilir Enerji\u2019nin T\u00fcrkiye\u2019nin en b\u00fcy\u00fck ikinci YEKA kapsam\u0131ndaki <strong>GES projesi<\/strong> ile ilgili \u00e7al\u0131\u015fmalar\u0131 devam ediyor. Enerji sekt\u00f6r\u00fcndeki uzmanl\u0131\u011f\u0131n\u0131 T\u00fcrkiye\u2019nin d\u0131\u015f\u0131na da ta\u015f\u0131may\u0131 planlayan \u015firket, <strong>k\u00fcresel \u00f6l\u00e7ekte<\/strong> <strong>yenilenebilir enerji projelerini<\/strong> hayata ge\u00e7irmeyi, <strong>enerjide d\u00f6n\u00fc\u015f\u00fcme<\/strong> \u00f6nc\u00fcl\u00fck etmeyi ama\u00e7l\u0131yor.<\/p>","protected":false},"excerpt":{"rendered":"<p>Sorry, this entry is only available in Turkish. For the sake of viewer convenience, the content is shown below in the alternative language. You may click the link to switch the active language. Do\u011fan\u0131n g\u00fcc\u00fcyle s\u00fcrd\u00fcr\u00fclebilir bir gelece\u011fin in\u015fas\u0131na katk\u0131 sunmay\u0131 hedefleyen IC Holding, enerji sekt\u00f6r\u00fcnde 25 y\u0131la uzanan uzmanl\u0131\u011f\u0131 ile yenilenebilir enerji alan\u0131nda yapt\u0131\u011f\u0131 [&hellip;]<\/p>\n","protected":false},"author":1,"featured_media":182966,"comment_status":"open","ping_status":"open","sticky":false,"template":"","format":"standard","meta":[],"categories":[51,53,49,47,50],"tags":[111934,2258,944,34926,70,111932,111933,36982,10278,1245],"views":36,"_links":{"self":[{"href":"https:\/\/www.enerjigazetesi.ist\/en\/wp-json\/wp\/v2\/posts\/182964"}],"collection":[{"href":"https:\/\/www.enerjigazetesi.ist\/en\/wp-json\/wp\/v2\/posts"}],"about":[{"href":"https:\/\/www.enerjigazetesi.ist\/en\/wp-json\/wp\/v2\/types\/post"}],"author":[{"embeddable":true,"href":"https:\/\/www.enerjigazetesi.ist\/en\/wp-json\/wp\/v2\/users\/1"}],"replies":[{"embeddable":true,"href":"https:\/\/www.enerjigazetesi.ist\/en\/wp-json\/wp\/v2\/comments?post=182964"}],"version-history":[{"count":0,"href":"https:\/\/www.enerjigazetesi.ist\/en\/wp-json\/wp\/v2\/posts\/182964\/revisions"}],"wp:featuredmedia":[{"embeddable":true,"href":"https:\/\/www.enerjigazetesi.ist\/en\/wp-json\/wp\/v2\/media\/182966"}],"wp:attachment":[{"href":"https:\/\/www.enerjigazetesi.ist\/en\/wp-json\/wp\/v2\/media?parent=182964"}],"wp:term":[{"taxonomy":"category","embeddable":true,"href":"https:\/\/www.enerjigazetesi.ist\/en\/wp-json\/wp\/v2\/categories?post=182964"},{"taxonomy":"post_tag","embeddable":true,"href":"https:\/\/www.enerjigazetesi.ist\/en\/wp-json\/wp\/v2\/tags?post=182964"}],"curies":[{"name":"wp","href":"https:\/\/api.w.org\/{rel}","templated":true}]}}