{"id":182960,"date":"2024-01-05T14:22:33","date_gmt":"2024-01-05T11:22:33","guid":{"rendered":"https:\/\/www.enerjigazetesi.ist\/?p=182960"},"modified":"2024-01-05T14:22:33","modified_gmt":"2024-01-05T11:22:33","slug":"stellantis-ve-ample-elektrikli-arac-bataryalari-icin-ortaklik-kuruyor","status":"publish","type":"post","link":"https:\/\/www.enerjigazetesi.ist\/en\/stellantis-ve-ample-elektrikli-arac-bataryalari-icin-ortaklik-kuruyor\/","title":{"rendered":"(Turkish) Stellantis ve Ample Elektrikli Ara\u00e7 Bataryalar\u0131 \u0130\u00e7in Ortakl\u0131k Kuruyor"},"content":{"rendered":"<p class=\"qtranxs-available-languages-message qtranxs-available-languages-message-en\">Sorry, this entry is only available in <a href=\"https:\/\/www.enerjigazetesi.ist\/tr\/wp-json\/wp\/v2\/posts\/182960\" class=\"qtranxs-available-language-link qtranxs-available-language-link-tr\" title=\"Turkish\">Turkish<\/a>. For the sake of viewer convenience, the content is shown below in the alternative language. You may click the link to switch the active language.<\/p><p><\/p>\n<h2><strong>Elektrikli ara\u00e7lara ge\u00e7i\u015f i\u00e7in \u00e7al\u0131\u015fmalar\u0131na h\u0131z veren Stellantis, ger\u00e7ekle\u015ftirdi\u011fi b\u00fcy\u00fck yat\u0131r\u0131mlar ve i\u015f birlikleriyle grup markalar\u0131n\u0131 desteklemeye devam ediyor. Bu kapsamda Stellantis,<\/strong> <strong>mod\u00fcler batarya de\u011fi\u015ftirme yoluyla yeni bir enerji da\u011f\u0131t\u0131m y\u00f6ntemine \u00f6nc\u00fcl\u00fck eden Ample \u015firketiyle ortakl\u0131k kurmak i\u00e7in ba\u011flay\u0131c\u0131 bir anla\u015fma imzalad\u0131. Be\u015f dakikadan daha k\u0131sa s\u00fcrede tam \u015farjl\u0131 bir batarya olana\u011f\u0131 sa\u011flayan Ample\u2019\u0131n yenilik\u00e7i teknolojisi; \u015farj s\u00fcresi, menzil ve batarya \u00f6mr\u00fc gibi m\u00fc\u015fteri endi\u015felerine \u00e7\u00f6z\u00fcm \u00fcretme potansiyeline sahip. Program\u0131n ilk etapta 2024\u2019te, Free2move\u2019un Fiat 500e ara\u00e7 payla\u015f\u0131m filosunda Avrupa&#8217;da ba\u015flamas\u0131 planlan\u0131yor.<\/strong><\/h2>\n<p style=\"text-align: center;\"><img loading=\"lazy\" class=\"aligncenter wp-image-182962\" src=\"https:\/\/www.enerjigazetesi.ist\/wp-content\/uploads\/2024\/01\/stellantis-ve-ample-elektrikli-arac-bataryalari-icin-ortaklik-kuruyor.jpg\" alt=\"\" width=\"500\" height=\"385\" srcset=\"https:\/\/www.enerjigazetesi.ist\/wp-content\/uploads\/2024\/01\/stellantis-ve-ample-elektrikli-arac-bataryalari-icin-ortaklik-kuruyor.jpg 550w, https:\/\/www.enerjigazetesi.ist\/wp-content\/uploads\/2024\/01\/stellantis-ve-ample-elektrikli-arac-bataryalari-icin-ortaklik-kuruyor-300x231.jpg 300w, https:\/\/www.enerjigazetesi.ist\/wp-content\/uploads\/2024\/01\/stellantis-ve-ample-elektrikli-arac-bataryalari-icin-ortaklik-kuruyor-500x385.jpg 500w, https:\/\/www.enerjigazetesi.ist\/wp-content\/uploads\/2024\/01\/stellantis-ve-ample-elektrikli-arac-bataryalari-icin-ortaklik-kuruyor-65x50.jpg 65w, https:\/\/www.enerjigazetesi.ist\/wp-content\/uploads\/2024\/01\/stellantis-ve-ample-elektrikli-arac-bataryalari-icin-ortaklik-kuruyor-260x200.jpg 260w\" sizes=\"(max-width: 500px) 100vw, 500px\" \/><\/p>\n<p>D\u00fcnyan\u0131n en b\u00fcy\u00fck mobilite \u015firketlerinden Stellantis, elektrikli ara\u00e7lardaki yat\u0131r\u0131mlar\u0131na devam ediyor. Grup markalar\u0131n\u0131n elektrikli gelecekte avantajl\u0131 konuma gelebilmeleri i\u00e7in \u00e7al\u0131\u015fmalar\u0131n\u0131 s\u00fcrd\u00fcren Stellantis, bu kapsamda mod\u00fcler batarya de\u011fi\u015ftirme yoluyla yeni bir enerji da\u011f\u0131t\u0131m y\u00f6ntemine \u00f6nc\u00fcl\u00fck eden Ample \u015firketiyle ortakl\u0131k kurmak i\u00e7in ba\u011flay\u0131c\u0131 bir anla\u015fma imzalad\u0131.<\/p>\n<h3><strong>Program 100 Ara\u00e7l\u0131k Fiat 500e Filosu \u0130le Ba\u015flayacak<\/strong><\/h3>\n<p>Tam \u015farjl\u0131 elektrikli ara\u00e7 bataryas\u0131n\u0131 5 dakikadan k\u0131sa s\u00fcrede kullan\u0131ma sunan elektrikli ara\u00e7 batarya \u015farj teknolojisinde bir ortakl\u0131k kurmak \u00fczere bir araya gelen iki ortak, Ample&#8217;\u0131n<strong> Mod\u00fcler Batarya De\u011fi\u015ftirme \u00e7\u00f6z\u00fcm\u00fcn\u00fc<\/strong> <strong>Stellantis elektrikli ara\u00e7lar\u0131na entegre etmek<\/strong> i\u00e7in i\u015f birli\u011fi yapmaya karar verdi. Batarya de\u011fi\u015ftirme teknolojisi, batarya de\u011fi\u015ftirme istasyonuna gelen elektrikli ara\u00e7 m\u00fc\u015fterisinin, \u015farj\u0131 bitmi\u015f elektrikli ara\u00e7 bataryas\u0131n\u0131 birka\u00e7 dakika i\u00e7inde tam \u015farjl\u0131 bir batarya ile de\u011fi\u015ftirilmesine olanak tan\u0131yor. \u0130ki \u015firket ayn\u0131 zamanda Ample&#8217;\u0131n Mod\u00fcler Batarya De\u011fi\u015ftirme Teknolojisi uygulamas\u0131n\u0131n Stellantis filosu ve di\u011fer Stellantis platformlar\u0131 ile farkl\u0131 co\u011frafyalardaki t\u00fcketici taleplerini kar\u015f\u0131lamak \u00fczere geni\u015fletilmesi konusunda da g\u00f6r\u00fc\u015fmelerde bulunuyor. Program\u0131n, Stellantis&#8217;in Free2move ara\u00e7 payla\u015f\u0131m hizmeti kapsam\u0131ndaki 100 ara\u00e7l\u0131k Fiat 500e filosu ile 2024 y\u0131l\u0131nda \u0130spanya&#8217;n\u0131n Madrid kentinde ba\u015flamas\u0131 planlan\u0131yor. Fiat 500e, Stellantis&#8217;in en \u00e7ok satan elektrikli arac\u0131 olup, d\u00fcnya genelinde sat\u0131\u015fa sunuluyor ve bir\u00e7ok Avrupa pazar\u0131nda elektrikli ara\u00e7 lideri.<\/p>\n<p>Konu hakk\u0131nda de\u011ferlendirme yapan <strong>Stellantis\u2019in \u015earj ve Enerji \u0130\u015f Biriminden Sorumlu K\u0131demli Ba\u015fkan Yard\u0131mc\u0131s\u0131 Ricardo Stamatti<\/strong>, <em>\u201cAmple ile yapt\u0131\u011f\u0131m\u0131z bu ortakl\u0131k, Stellantis olarak elektrikli ara\u00e7 m\u00fc\u015fterilerimize ula\u015f\u0131m \u00f6zg\u00fcrl\u00fc\u011f\u00fc sa\u011flayan t\u00fcm \u00e7\u00f6z\u00fcmleri sunma yakla\u015f\u0131m\u0131m\u0131za bir ba\u015fka \u00f6rnek. Odakland\u0131\u011f\u0131m\u0131z di\u011fer projelere ek olarak Ample&#8217;\u0131n Mod\u00fcler Batarya De\u011fi\u015ftirme \u00e7\u00f6z\u00fcm\u00fc, m\u00fc\u015fterilerimize daha fazla enerji verimlili\u011fi, \u00fcst\u00fcn performans ve daha az menzil endi\u015fesi gibi \u00f6nemli avantajlar sa\u011fl\u0131yor. Y\u0131ld\u0131z\u0131m\u0131z Fiat 500e ile program\u0131 ba\u015flatmay\u0131 sab\u0131rs\u0131zl\u0131kla bekliyoruz\u201d<\/em> dedi.<\/p>\n<h3><strong>Stellantis, Hedeflerimize Ula\u015fmada M\u00fckemmel Bir Ortak<\/strong><\/h3>\n<p>Hi\u00e7bir \u00f6d\u00fcn vermeden elektrikli ara\u00e7lar\u0131 herkes i\u00e7in eri\u015filebilir hale getirmenin \u00f6nemine inand\u0131klar\u0131n\u0131 s\u00f6yleyen <strong>Ample CEO\u2019su Khaled Hassounah<\/strong> ise, <em>\u201cSera gaz\u0131 emisyonlar\u0131n\u0131n azalt\u0131lmas\u0131nda \u00f6nemli bir etki yaratabilmemizin tek yolu bu. \u0130ddial\u0131 elektrikliye ge\u00e7i\u015f hedefleri, elektrikli ara\u00e7 \u00fcr\u00fcn gam\u0131 ve kararl\u0131 liderli\u011fi ile Stellantis hedeflerimize ula\u015fmada m\u00fckemmel bir ortak. Be\u015f dakikadan daha k\u0131sa s\u00fcrede tam \u015farj bataryal\u0131 elektrikli ara\u00e7lara sahip olmak, elektrikli ara\u00e7lar\u0131n benimsenmesinin \u00f6n\u00fcndeki engellerin kald\u0131r\u0131lmas\u0131na yard\u0131mc\u0131 olacak. Ortak \u00e7\u00f6z\u00fcm\u00fcm\u00fcz\u00fc d\u00fcnya genelindeki topluluklara ula\u015ft\u0131rmak i\u00e7in Stellantis ile birlikte \u00e7al\u0131\u015fmay\u0131 sab\u0131rs\u0131zl\u0131kla bekliyoruz\u201d<\/em> diye konu\u015ftu.<\/p>\n<p>Ample&#8217;\u0131n teknolojisi, \u015farj deneyimini yak\u0131t ikmali kadar h\u0131zl\u0131 ve rahat hale getiren elektrikli ara\u00e7lar i\u00e7in alternatif bir yol sa\u011flarken, m\u00fc\u015fterilere yenilenebilir enerji kaynaklar\u0131n\u0131 daha sorunsuz bir \u015fekilde entegre edebilecek \u00e7evre dostu bir \u00e7\u00f6z\u00fcm sunuyor. Ample bataryalar\u0131, elektrikli bir arac\u0131n orijinal bataryas\u0131n\u0131n yerini alacak \u015fekilde tasarland\u0131. Bu, Ample&#8217;\u0131n herhangi bir elektrikli araca s\u0131\u011fabilen mod\u00fcler bataryalar\u0131yla m\u00fcmk\u00fcn oluyor. Ayr\u0131ca Stellantis&#8217;in ara\u00e7 platformlar\u0131n\u0131 yeniden tasarlamaya gerek olmadan Ample teknolojisini entegre etme olana\u011f\u0131 sa\u011fl\u0131yor. Ample&#8217;\u0131n hafif batarya de\u011fi\u015ftirme istasyonlar\u0131, halka a\u00e7\u0131k alanlarda \u00fc\u00e7 g\u00fcn gibi k\u0131sa bir s\u00fcrede kurulabiliyor. Bu da kullan\u0131c\u0131lar\u0131n taleplerini kar\u015f\u0131layabilecek h\u0131zla yayg\u0131nla\u015fabilen bir altyap\u0131ya olanak sa\u011fl\u0131yor. Ample \u00f6zellikli bir elektrikli ara\u00e7, Ample istasyonuna yakla\u015ft\u0131\u011f\u0131nda sistem arac\u0131 hemen tan\u0131yor. S\u00fcr\u00fcc\u00fc i\u00e7eri park ettikten sonra<strong> mobil uygulamadan batarya de\u011fi\u015ftirme i\u015flemini<\/strong> ba\u015flat\u0131yor. Bu, bataryan\u0131n be\u015f dakikadan daha k\u0131sa s\u00fcrede \u015farj olmas\u0131n\u0131 sa\u011fl\u0131yor.<\/p>\n<h3><strong>Net S\u0131f\u0131r Karbonlu \u015eirket Olma Yolunda \u0130lerliyor<\/strong><\/h3>\n<p>Ample&#8217;\u0131n Mod\u00fcler Batarya De\u011fi\u015ftirme \u00e7\u00f6z\u00fcm\u00fc h\u0131zl\u0131 ve uygun maliyetli olacak \u015fekilde tasarland\u0131. B\u00f6ylece elektrikli ara\u00e7lar\u0131n hizmet d\u0131\u015f\u0131 kald\u0131\u011f\u0131 s\u00fcre ve buna ba\u011fl\u0131 finansal etkiler en aza iniyor. Ample&#8217;\u0131n batarya teknolojisi, elektrikli ara\u00e7 m\u00fc\u015fterilerine abonelik sistemiyle sunulacak. Bu yakla\u015f\u0131m, arac\u0131n toplam maliyetini azalt\u0131rken, m\u00fc\u015fterinin her zaman en ileri batarya teknolojisine sahip olmas\u0131na olanak tan\u0131yarak elektrikli arac\u0131n menzilini ve \u00f6mr\u00fcn\u00fc etkili bir \u015fekilde art\u0131racak.<\/p>\n<p>Stellantis, Dare Forward 2030 stratejik plan\u0131n\u0131n bir par\u00e7as\u0131 olarak 2030 y\u0131l\u0131na kadar Avrupa&#8217;da %100 batarya elektrikli binek otomobil sat\u0131\u015f karmas\u0131na ve Amerika Birle\u015fik Devletleri&#8217;nde <strong>%50<\/strong> batarya elektrikli binek otomobil ve hafif ticari ara\u00e7 sat\u0131\u015f karmas\u0131na ula\u015fmay\u0131 planl\u0131yor. \u015eirket, bu zorlu hedefe ula\u015fmak \u00fczere, yakla\u015f\u0131k <strong>400 GWs<\/strong> batarya kapasitesi temin ediyor. Stellantis, 2038 y\u0131l\u0131na kadar, t\u00fcm kapsamlar dahil olmak \u00fczere, kalan emisyonlar\u0131n tek haneli y\u00fczdesel telafisi ile net s\u0131f\u0131r karbonlu bir \u015firket olma yolunda ilerliyor.<\/p>\n<p>Ample; Fast Company taraf\u0131ndan <strong>\u201cTeknolojide Sonraki B\u00fcy\u00fck \u015eey 2023\u201d<\/strong> -Ula\u015f\u0131m Kategorisi, TIME taraf\u0131ndan<strong> \u201c2023 En Etkili 100 \u015eirket\u201d,<\/strong> XPRIZE taraf\u0131ndan <strong>\u201c2023 XB100 En \u0130yi \u00d6zel Derin Teknoloji \u015eirketi\u201d<\/strong>, Fast Company taraf\u0131ndan <strong>\u201cD\u00fcnyay\u0131 De\u011fi\u015ftiren Fikir\u201d, \u201c2022 En Yenilik\u00e7i 10 \u015eirket\u201d<\/strong> ve TIME taraf\u0131ndan<strong> \u201c2021 En \u0130yi \u0130novasyon\u201d<\/strong> se\u00e7ildi.<\/p>\n<h3><strong>Ample, 2014 Y\u0131l\u0131nda San Francisco\u2019da Kuruldu<\/strong><\/h3>\n<p>Ample, k\u00fcresel olarak elektrikli ara\u00e7lar\u0131n ve s\u00fcrd\u00fcr\u00fclebilir ula\u015f\u0131m enerjisinin benimsenmesini h\u0131zland\u0131rmay\u0131 hedefliyor. \u015eirket, <strong>mod\u00fcler batarya de\u011fi\u015ftirme yoluyla<\/strong> yeni bir enerji da\u011f\u0131t\u0131m y\u00f6ntemine \u00f6nc\u00fcl\u00fck ediyor ve herhangi bir elektrikli arac\u0131 <strong>5 dakikadan<\/strong> k\u0131sa s\u00fcrede<strong> %100 \u015farj<\/strong> edebiliyor. 2014 y\u0131l\u0131nda kurulan <strong>Ample&#8217;\u0131n<\/strong> merkezi <strong>San Francisco&#8217;da<\/strong> bulunuyor. Daha fazla ayr\u0131nt\u0131 i\u00e7in www.ample.com adresini ziyaret edebilirsiniz.<\/p>","protected":false},"excerpt":{"rendered":"<p>Sorry, this entry is only available in Turkish. For the sake of viewer convenience, the content is shown below in the alternative language. You may click the link to switch the active language. Elektrikli ara\u00e7lara ge\u00e7i\u015f i\u00e7in \u00e7al\u0131\u015fmalar\u0131na h\u0131z veren Stellantis, ger\u00e7ekle\u015ftirdi\u011fi b\u00fcy\u00fck yat\u0131r\u0131mlar ve i\u015f birlikleriyle grup markalar\u0131n\u0131 desteklemeye devam ediyor. Bu kapsamda Stellantis, [&hellip;]<\/p>\n","protected":false},"author":1,"featured_media":182962,"comment_status":"open","ping_status":"open","sticky":false,"template":"","format":"standard","meta":[],"categories":[51,53],"tags":[38741,111931,90420,111363,111930,111929,97526],"views":33,"_links":{"self":[{"href":"https:\/\/www.enerjigazetesi.ist\/en\/wp-json\/wp\/v2\/posts\/182960"}],"collection":[{"href":"https:\/\/www.enerjigazetesi.ist\/en\/wp-json\/wp\/v2\/posts"}],"about":[{"href":"https:\/\/www.enerjigazetesi.ist\/en\/wp-json\/wp\/v2\/types\/post"}],"author":[{"embeddable":true,"href":"https:\/\/www.enerjigazetesi.ist\/en\/wp-json\/wp\/v2\/users\/1"}],"replies":[{"embeddable":true,"href":"https:\/\/www.enerjigazetesi.ist\/en\/wp-json\/wp\/v2\/comments?post=182960"}],"version-history":[{"count":0,"href":"https:\/\/www.enerjigazetesi.ist\/en\/wp-json\/wp\/v2\/posts\/182960\/revisions"}],"wp:featuredmedia":[{"embeddable":true,"href":"https:\/\/www.enerjigazetesi.ist\/en\/wp-json\/wp\/v2\/media\/182962"}],"wp:attachment":[{"href":"https:\/\/www.enerjigazetesi.ist\/en\/wp-json\/wp\/v2\/media?parent=182960"}],"wp:term":[{"taxonomy":"category","embeddable":true,"href":"https:\/\/www.enerjigazetesi.ist\/en\/wp-json\/wp\/v2\/categories?post=182960"},{"taxonomy":"post_tag","embeddable":true,"href":"https:\/\/www.enerjigazetesi.ist\/en\/wp-json\/wp\/v2\/tags?post=182960"}],"curies":[{"name":"wp","href":"https:\/\/api.w.org\/{rel}","templated":true}]}}