{"id":182943,"date":"2024-01-04T16:15:01","date_gmt":"2024-01-04T13:15:01","guid":{"rendered":"https:\/\/www.enerjigazetesi.ist\/?p=182943"},"modified":"2024-01-04T16:15:01","modified_gmt":"2024-01-04T13:15:01","slug":"abd-nin-ilk-dikey-agrivoltaik-sistemi-kuruluyor","status":"publish","type":"post","link":"https:\/\/www.enerjigazetesi.ist\/en\/abd-nin-ilk-dikey-agrivoltaik-sistemi-kuruluyor\/","title":{"rendered":"(Turkish) ABD\u2019nin \u0130lk Dikey Agrivoltaik Sistemi Kuruluyor"},"content":{"rendered":"<p class=\"qtranxs-available-languages-message qtranxs-available-languages-message-en\">Sorry, this entry is only available in <a href=\"https:\/\/www.enerjigazetesi.ist\/tr\/wp-json\/wp\/v2\/posts\/182943\" class=\"qtranxs-available-language-link qtranxs-available-language-link-tr\" title=\"Turkish\">Turkish<\/a>. For the sake of viewer convenience, the content is shown below in the alternative language. You may click the link to switch the active language.<\/p><p><\/p>\n<h2><strong>ABD\u2019nin \u00f6nde gelen g\u00fcne\u015f enerjisi geli\u015ftiricisi iSun, Alman agrivoltaik \u015firketi Next2Sun ile g\u00fc\u00e7lerini birle\u015ftirerek \u00fclkede benzersiz bir projeye imza at\u0131yor. \u0130ki \u015firket, ABD\u2019nin ilk dikey tar\u0131m g\u00fcne\u015f enerjisi sistemini kurmak \u00fczere i\u015f birli\u011fi yap\u0131yor. Next2Sun\u2019un patentli dikey montaj sistemi, \u00e7ift y\u00fczeyli g\u00fcne\u015f panellerini kullanarak tar\u0131m arazilerini koruyarak enerji \u00fcretme potansiyelini art\u0131r\u0131yor.<\/strong><\/h2>\n<p style=\"text-align: center;\"><img loading=\"lazy\" class=\"aligncenter wp-image-182946\" src=\"https:\/\/www.enerjigazetesi.ist\/wp-content\/uploads\/2024\/01\/abd-nin-ilk-dikey-agrivoltaik-sistemi-kuruluyor.jpg\" alt=\"\" width=\"500\" height=\"328\" srcset=\"https:\/\/www.enerjigazetesi.ist\/wp-content\/uploads\/2024\/01\/abd-nin-ilk-dikey-agrivoltaik-sistemi-kuruluyor.jpg 572w, https:\/\/www.enerjigazetesi.ist\/wp-content\/uploads\/2024\/01\/abd-nin-ilk-dikey-agrivoltaik-sistemi-kuruluyor-300x197.jpg 300w, https:\/\/www.enerjigazetesi.ist\/wp-content\/uploads\/2024\/01\/abd-nin-ilk-dikey-agrivoltaik-sistemi-kuruluyor-500x328.jpg 500w, https:\/\/www.enerjigazetesi.ist\/wp-content\/uploads\/2024\/01\/abd-nin-ilk-dikey-agrivoltaik-sistemi-kuruluyor-76x50.jpg 76w\" sizes=\"(max-width: 500px) 100vw, 500px\" \/><\/p>\n<p>Sistem, \u00f6zellikle yo\u011fun olmayan saatlerde enerji \u00fcretme yetene\u011fi ve tar\u0131m arazilerinde a\u015f\u0131r\u0131 in\u015faat\u0131 engelleme \u00f6zelli\u011fi ile tar\u0131ma dayal\u0131 kurulumlar i\u00e7in olduk\u00e7a uygun bir \u00e7\u00f6z\u00fcm sunuyor. Almanya\u2019da ba\u015far\u0131l\u0131 bir \u015fekilde uygulanan bu sistem, 2024\u2019\u00fcn ba\u015f\u0131nda Vermont\u2019ta ger\u00e7ekle\u015fecek olan ABD\u2019nin <strong>ilk dikey agrivoltaik sistemi projesinde<\/strong> hayata ge\u00e7irilecek.<\/p>\n<p><strong>3,7 d\u00f6n\u00fcml\u00fck<\/strong> bir alana kurulacak olan sistemde, <strong>9 metre<\/strong> aral\u0131kl\u0131 yerle\u015ftirilen<strong> 69<\/strong> s\u0131ra <strong>dikey panel<\/strong> bulunacak. <strong>G\u00fcne\u015f panellerinin<\/strong> aralar\u0131na yerle\u015ftirilecek <strong>k\u00f6k sebzeler, \u00f6zellikle havu\u00e7, pancar ve safra bitkisi gibi \u00fcr\u00fcnler, tar\u0131m ve enerji \u00fcretiminin<\/strong> s\u00fcrd\u00fcr\u00fclebilir bir birle\u015fimini sa\u011flayacak.<\/p>\n<p>Kaynak:\u00a0<a href=\"https:\/\/www.techinside.com\/abdnin-ilk-dikey-tarim-gesi-vermontta-kurulacak\/\" target=\"_blank\" rel=\"noopener\">Techinside<\/a><\/p>","protected":false},"excerpt":{"rendered":"<p>Sorry, this entry is only available in Turkish. For the sake of viewer convenience, the content is shown below in the alternative language. You may click the link to switch the active language. ABD\u2019nin \u00f6nde gelen g\u00fcne\u015f enerjisi geli\u015ftiricisi iSun, Alman agrivoltaik \u015firketi Next2Sun ile g\u00fc\u00e7lerini birle\u015ftirerek \u00fclkede benzersiz bir projeye imza at\u0131yor. \u0130ki \u015firket, [&hellip;]<\/p>\n","protected":false},"author":1,"featured_media":182946,"comment_status":"open","ping_status":"open","sticky":false,"template":"","format":"standard","meta":[],"categories":[53,49],"tags":[111926,111924,2206,111923,111925],"views":57,"_links":{"self":[{"href":"https:\/\/www.enerjigazetesi.ist\/en\/wp-json\/wp\/v2\/posts\/182943"}],"collection":[{"href":"https:\/\/www.enerjigazetesi.ist\/en\/wp-json\/wp\/v2\/posts"}],"about":[{"href":"https:\/\/www.enerjigazetesi.ist\/en\/wp-json\/wp\/v2\/types\/post"}],"author":[{"embeddable":true,"href":"https:\/\/www.enerjigazetesi.ist\/en\/wp-json\/wp\/v2\/users\/1"}],"replies":[{"embeddable":true,"href":"https:\/\/www.enerjigazetesi.ist\/en\/wp-json\/wp\/v2\/comments?post=182943"}],"version-history":[{"count":0,"href":"https:\/\/www.enerjigazetesi.ist\/en\/wp-json\/wp\/v2\/posts\/182943\/revisions"}],"wp:featuredmedia":[{"embeddable":true,"href":"https:\/\/www.enerjigazetesi.ist\/en\/wp-json\/wp\/v2\/media\/182946"}],"wp:attachment":[{"href":"https:\/\/www.enerjigazetesi.ist\/en\/wp-json\/wp\/v2\/media?parent=182943"}],"wp:term":[{"taxonomy":"category","embeddable":true,"href":"https:\/\/www.enerjigazetesi.ist\/en\/wp-json\/wp\/v2\/categories?post=182943"},{"taxonomy":"post_tag","embeddable":true,"href":"https:\/\/www.enerjigazetesi.ist\/en\/wp-json\/wp\/v2\/tags?post=182943"}],"curies":[{"name":"wp","href":"https:\/\/api.w.org\/{rel}","templated":true}]}}