{"id":182909,"date":"2024-01-03T16:45:29","date_gmt":"2024-01-03T13:45:29","guid":{"rendered":"https:\/\/www.enerjigazetesi.ist\/?p=182909"},"modified":"2024-01-03T16:45:29","modified_gmt":"2024-01-03T13:45:29","slug":"sirnak-turkiye-nin-bir-numarali-petrol-sehri-olacak","status":"publish","type":"post","link":"https:\/\/www.enerjigazetesi.ist\/en\/sirnak-turkiye-nin-bir-numarali-petrol-sehri-olacak\/","title":{"rendered":"(Turkish) &#8217;\u015e\u0131rnak&#8217; T\u00fcrkiye\u2019nin Bir Numaral\u0131 Petrol \u015eehri Olacak"},"content":{"rendered":"<p class=\"qtranxs-available-languages-message qtranxs-available-languages-message-en\">Sorry, this entry is only available in <a href=\"https:\/\/www.enerjigazetesi.ist\/tr\/wp-json\/wp\/v2\/posts\/182909\" class=\"qtranxs-available-language-link qtranxs-available-language-link-tr\" title=\"Turkish\">Turkish<\/a>. For the sake of viewer convenience, the content is shown below in the alternative language. You may click the link to switch the active language.<\/p><p><\/p>\n<h2>Enerji ve Tabii Kaynaklar Bakan\u0131 Alparslan Bayraktar, 2023\u2019\u00fcn son g\u00fcn\u00fc Gabar Da\u011f\u0131\u2019nda bulunan \u015eehit Esma \u00c7evik \u00dcretim \u0130stasyonu\u2019nda incelemelerde bulundu. \u015e\u0131rnak\u2019ta ham petrol \u00fcretimini 30 bin varile \u00e7\u0131kartt\u0131klar\u0131n\u0131 kaydeden Bakan Bayraktar, <em>\u201c3 ay i\u00e7erisinde in\u015fallah hedefimiz; \u015e\u0131rnak\u2019\u0131n, T\u00fcrkiye&#8217;nin en b\u00fcy\u00fck petrol \u00fcreten ili haline getirmek. \u015e\u0131rnak, 2024 y\u0131l\u0131 sonunda 100 bin varil \u00fcretim hedefine ula\u015ft\u0131\u011f\u0131m\u0131zda a\u00e7\u0131k ara T\u00fcrkiye&#8217;nin bir numaral\u0131 petrol \u015fehri olacak.\u201d<\/em> dedi.<\/h2>\n<p style=\"text-align: center;\"><img loading=\"lazy\" class=\"aligncenter wp-image-182911\" src=\"https:\/\/www.enerjigazetesi.ist\/wp-content\/uploads\/2024\/01\/sirnak-turkiye-nin-bir-numarali-petrol-sehri-olacak.jpg\" alt=\"\" width=\"500\" height=\"329\" srcset=\"https:\/\/www.enerjigazetesi.ist\/wp-content\/uploads\/2024\/01\/sirnak-turkiye-nin-bir-numarali-petrol-sehri-olacak.jpg 550w, https:\/\/www.enerjigazetesi.ist\/wp-content\/uploads\/2024\/01\/sirnak-turkiye-nin-bir-numarali-petrol-sehri-olacak-300x197.jpg 300w, https:\/\/www.enerjigazetesi.ist\/wp-content\/uploads\/2024\/01\/sirnak-turkiye-nin-bir-numarali-petrol-sehri-olacak-500x329.jpg 500w, https:\/\/www.enerjigazetesi.ist\/wp-content\/uploads\/2024\/01\/sirnak-turkiye-nin-bir-numarali-petrol-sehri-olacak-76x50.jpg 76w\" sizes=\"(max-width: 500px) 100vw, 500px\" \/><\/p>\n<p>Bakan Bayraktar, yeni y\u0131la saatler kala 2023\u2019\u00fcn son ziyaretini petrol ke\u015fifleriyle enerji \u015fehri haline gelen \u015e\u0131rnak\u2019a ger\u00e7ekle\u015ftirdi. \u0130lk olarak \u015e\u0131rnak Valili\u011fi\u2019ni ziyaret eden Bakan Bayraktar, burada Vali Cevdet Atay ile bir araya geldi. Ard\u0131ndan \u015e\u0131rnak Belediyesi\u2019nde Mehmet Yarka ile g\u00f6r\u00fc\u015fen Bayraktar, AK Parti \u015e\u0131rnak \u0130l Ba\u015fkanl\u0131\u011f\u0131\u2019n\u0131 ziyaret etti. \u015e\u0131rnak merkezde esnaf ziyaretinde de bulunan Bayraktar, vatanda\u015flar\u0131n yeni y\u0131l\u0131n\u0131 kutlad\u0131.<\/p>\n<h3><strong>Gabar \u015eehitlerine Dua<\/strong><\/h3>\n<p>Bakan Bayraktar, 1998 y\u0131l\u0131na Gabar\u2019da hain ter\u00f6r \u00f6rg\u00fct\u00fcn\u00fcn sald\u0131r\u0131s\u0131nda baba-o\u011ful \u015fehit d\u00fc\u015fen g\u00fcvenlik korucular\u0131 Hac\u0131 Dursun ve \u00d6mer Dursun\u2019un \u015e\u0131rnak\u2019taki ailesini ziyaret etti. Aileye taziyede bulunan Bayraktar, \u015fehitleri dualarla and\u0131.<\/p>\n<h3><strong>\u00dcretim \u0130stasyonunda \u0130nceleme<\/strong><\/h3>\n<p>Bayraktar, daha sonra Gabar Da\u011f\u0131\u2019nda bulunan\u00a0\u015eehit Esma \u00c7evik \u00dcretim \u0130stasyonu\u2019na ge\u00e7erek incelemelerde bulundu. Yetkililerden y\u00fcr\u00fct\u00fclen \u00e7al\u0131\u015fmalara ili\u015fkin bilgi alan Bayraktar, personelin yeni y\u0131l\u0131n\u0131 tebrik etti. Bayraktar, ard\u0131ndan \u015eehit Esma \u00c7evik Petrol Sahas\u0131\u2019ndaki 33 numaral\u0131 Sondaj Kulesi\u2019nde bas\u0131n mensuplar\u0131na a\u00e7\u0131klamalarda bulundu.<\/p>\n<h3><strong>Canlar\u0131n\u0131 Feda Ettiler<\/strong><\/h3>\n<p>Bakan Bayraktar, b\u00fcy\u00fck ve\u00a0g\u00fc\u00e7l\u00fc T\u00fcrkiye ideali ile bir\u00e7ok askerin bug\u00fcn petrol \u00e7\u0131kar\u0131lan topraklarda \u015fehit d\u00fc\u015ft\u00fc\u011f\u00fcn\u00fc s\u00f6yleyerek \u201cBizim burada bu faaliyetleri yapabilmemiz i\u00e7in adeta canlar\u0131n\u0131 feda ettiler. Dolay\u0131s\u0131yla biz de o bilin\u00e7le, o azim ve kararl\u0131l\u0131kla b\u00fcy\u00fck ve g\u00fc\u00e7l\u00fc T\u00fcrkiye yolunda burada kararl\u0131l\u0131kla bu \u00e7al\u0131\u015fmalar\u0131 y\u00fcr\u00fct\u00fcyoruz.\u201d dedi.<\/p>\n<h3><strong>G\u00fcnl\u00fck 30 Bin Varil<\/strong><\/h3>\n<p>Gabar Da\u011f\u0131\u2019n\u0131n ge\u00e7mi\u015f y\u0131llarda ter\u00f6rle an\u0131ld\u0131\u011f\u0131n\u0131 kaydeden Bayraktar, \u201cAma bug\u00fcn \u015e\u0131rnak&#8217;ta, 2021 y\u0131l\u0131nda Cumhuriyet tarihinin en b\u00fcy\u00fck karadaki ke\u015ffini yapt\u0131k. \u00c7ok k\u0131sa bir s\u00fcre i\u00e7erisinde buradaki \u00fcretimi bug\u00fcn itibariyle 30 bin varile \u00e7\u0131kartt\u0131k. \u00d6n\u00fcm\u00fczdeki 3 ay i\u00e7erisinde in\u015fallah hedefimiz; \u015e\u0131rnak\u2019\u0131, T\u00fcrkiye&#8217;nin en b\u00fcy\u00fck petrol \u00fcreten ili haline getirmek. 2024 y\u0131l\u0131 sonuna geldi\u011fimizde yani 100 bin varil \u00fcretim hedefine ula\u015ft\u0131\u011f\u0131m\u0131zda da a\u00e7\u0131k ara T\u00fcrkiye&#8217;nin bir numaral\u0131 petrol \u015fehri olacak. Bu sayede T\u00fcrkiye&#8217;nin sadece bu b\u00f6lgeden g\u00fcnl\u00fck ihtiyac\u0131n\u0131n y\u00fczde 10\u2019un kar\u015f\u0131lam\u0131\u015f olaca\u011f\u0131z.\u201d diye konu\u015ftu.<\/p>\n<h3><strong>Kato ve Cudi\u2019ye R\u00fczgar Santrali<\/strong><\/h3>\n<p>Bayraktar, \u015e\u0131rnak\u2019\u0131n enerjinin her alan\u0131nda daha geli\u015fmi\u015f bir il olaca\u011f\u0131n\u0131 vurgulayarak \u201cBiz adeta \u015e\u0131rnak&#8217;a enerji \u00fcss\u00fc olarak tan\u0131ml\u0131yoruz. \u0130n\u015fallah sadece petrol de\u011fil, burada madenleri, jeotermal kaynaklar\u0131, g\u00fcne\u015f santralleri, Kato Da\u011f\u0131&#8217;nda, Cudi Da\u011f\u0131&#8217;nda art\u0131k r\u00fczgar santralleri olacak. Dolay\u0131s\u0131yla adeta enerji \u00fcss\u00fc haline gelmi\u015f bir \u015e\u0131rnak&#8217;\u0131 hedefliyoruz. Bunun en \u00f6nemli projelerinden bir tanesi tabii Gabar&#8217;daki petrol. Bug\u00fcn bu sahalarda 30 civar\u0131nda kuyu a\u00e7t\u0131k. 23 kuyudan \u015fu anda \u00fcretim yap\u0131yoruz.\u201d dedi.<\/p>\n<h3><strong>Aile ve Gen\u00e7lik Bankas\u0131<\/strong><\/h3>\n<p>Enerji alan\u0131nda yap\u0131lan ke\u015fiflerin gelirlerinin yeniden vatanda\u015fa d\u00f6nece\u011fini i\u015faret eden Bakan Bayraktar, \u201cCumhurba\u015fkan\u0131m\u0131z Aile ve Gen\u00e7lik Bankas\u0131 ile gerek Gabar&#8217;da, gerek Sakarya Gaz Sahas\u0131\u2019ndaki do\u011fal gaz ke\u015ffimizin gelirlerinin, milletimizin ihtiya\u00e7lar\u0131 do\u011frultusunda sarf edilmesiyle alakal\u0131 bir vizyon ortaya koymu\u015ftur. Dolay\u0131s\u0131yla biz buradaki petrol \u00fcretimini artt\u0131rd\u0131k\u00e7a \u00f6nce gen\u00e7lerimiz ve ailelerimiz ba\u015fta olmak \u00fczere buradaki zenginli\u011fi, refah\u0131 in\u015fallah t\u00fcm milletimize yaym\u0131\u015f olaca\u011f\u0131z. \u015eu anda burada bin 200 ki\u015fiye istihdam sa\u011fl\u0131yoruz. 2024 y\u0131l\u0131n\u0131n sonuna kadar, 100 kuyuya \u00e7\u0131kt\u0131\u011f\u0131m\u0131z g\u00fcn in\u015fallah bu rakam yakla\u015f\u0131k 5 bine \u00e7\u0131kacak ve kal\u0131c\u0131 s\u00fcrede de buradaki istihdam imkanlar\u0131 daha da artacak.\u201d dedi.<\/p>\n<h3><strong>S\u0131rada Hakkari, Van ve Siirt Var<\/strong><\/h3>\n<p>Bakan Bayraktar, T\u00fcrkiye&#8217;nin farkl\u0131 illerinde arama faaliyetlerinin s\u00fcrd\u00fc\u011f\u00fcn\u00fc; Hakkari, Van ve Siirt\u2019te lokasyonlar\u0131n belirlendi\u011fini belirterek \u201c\u00dclkemizin ihtiyac\u0131 olan petrol ve do\u011fal gaz nerede varsa onu bulmak i\u00e7in \u00e7al\u0131\u015fmalar\u0131m\u0131za devam edece\u011fiz. T\u00fcrkiye&#8217;nin mutlaka enerjide d\u0131\u015fa ba\u011f\u0131ml\u0131l\u0131\u011f\u0131n\u0131 d\u00fc\u015f\u00fcrme hedefimiz var.\u201d ifadelerini kulland\u0131.<\/p>\n<h3><strong>Tam Ba\u011f\u0131ms\u0131z T\u00fcrkiye Hedefi<\/strong><\/h3>\n<p>Y\u00fcr\u00fct\u00fclen \u00e7al\u0131\u015fmalardan 85 milyonun b\u00fcy\u00fck gurur duydu\u011funun alt\u0131n\u0131 \u00e7izen Bayraktar, \u201cBundan rahats\u0131z olanlar da var. \u2018T\u00fcrkiye d\u0131\u015fa ba\u011f\u0131ml\u0131 olsun, kendi petrol\u00fcn\u00fc, gaz\u0131n\u0131 \u00e7\u0131karmas\u0131n\u2019 diyenler de var. Say\u0131n Cumhurba\u015fkan\u0131m\u0131z\u0131n T\u00fcrkiye Y\u00fczy\u0131l\u0131 hedefi var \u00f6n\u00fcm\u00fczde. Bu hedef do\u011frultusunda, enerjide d\u0131\u015fa ba\u011f\u0131ml\u0131l\u0131\u011f\u0131 bitirece\u011fiz. Tam ba\u011f\u0131ms\u0131z bir T\u00fcrkiye idealiyle b\u00fct\u00fcn ekibimizle \u00e7al\u0131\u015f\u0131yoruz.\u201d dedi.<\/p>\n<h3><strong>Yeni Y\u0131la Mehmet\u00e7ik ile Girdi<\/strong><\/h3>\n<p>Bakan Bayraktar, daha sonra Ak\u00e7ay Komanda Tugay\u0131\u2019na ge\u00e7ti ve yeni y\u0131la Mehmet\u00e7ik ile birlikte girdi.<\/p>\n<p>Kaynak: <a href=\"https:\/\/enerji.gov.tr\/haber-detay?id=21215\" target=\"_blank\" rel=\"noopener\">ETKB<\/a><\/p>","protected":false},"excerpt":{"rendered":"<p>Sorry, this entry is only available in Turkish. For the sake of viewer convenience, the content is shown below in the alternative language. You may click the link to switch the active language. Enerji ve Tabii Kaynaklar Bakan\u0131 Alparslan Bayraktar, 2023\u2019\u00fcn son g\u00fcn\u00fc Gabar Da\u011f\u0131\u2019nda bulunan \u015eehit Esma \u00c7evik \u00dcretim \u0130stasyonu\u2019nda incelemelerde bulundu. \u015e\u0131rnak\u2019ta ham [&hellip;]<\/p>\n","protected":false},"author":1,"featured_media":182911,"comment_status":"open","ping_status":"open","sticky":false,"template":"","format":"standard","meta":[],"categories":[53,44],"tags":[36998,31324,1369,111909,4908],"views":44,"_links":{"self":[{"href":"https:\/\/www.enerjigazetesi.ist\/en\/wp-json\/wp\/v2\/posts\/182909"}],"collection":[{"href":"https:\/\/www.enerjigazetesi.ist\/en\/wp-json\/wp\/v2\/posts"}],"about":[{"href":"https:\/\/www.enerjigazetesi.ist\/en\/wp-json\/wp\/v2\/types\/post"}],"author":[{"embeddable":true,"href":"https:\/\/www.enerjigazetesi.ist\/en\/wp-json\/wp\/v2\/users\/1"}],"replies":[{"embeddable":true,"href":"https:\/\/www.enerjigazetesi.ist\/en\/wp-json\/wp\/v2\/comments?post=182909"}],"version-history":[{"count":0,"href":"https:\/\/www.enerjigazetesi.ist\/en\/wp-json\/wp\/v2\/posts\/182909\/revisions"}],"wp:featuredmedia":[{"embeddable":true,"href":"https:\/\/www.enerjigazetesi.ist\/en\/wp-json\/wp\/v2\/media\/182911"}],"wp:attachment":[{"href":"https:\/\/www.enerjigazetesi.ist\/en\/wp-json\/wp\/v2\/media?parent=182909"}],"wp:term":[{"taxonomy":"category","embeddable":true,"href":"https:\/\/www.enerjigazetesi.ist\/en\/wp-json\/wp\/v2\/categories?post=182909"},{"taxonomy":"post_tag","embeddable":true,"href":"https:\/\/www.enerjigazetesi.ist\/en\/wp-json\/wp\/v2\/tags?post=182909"}],"curies":[{"name":"wp","href":"https:\/\/api.w.org\/{rel}","templated":true}]}}