{"id":182896,"date":"2024-01-03T16:01:06","date_gmt":"2024-01-03T13:01:06","guid":{"rendered":"https:\/\/www.enerjigazetesi.ist\/?p=182896"},"modified":"2024-01-03T16:01:28","modified_gmt":"2024-01-03T13:01:28","slug":"coruh-edas-fark-yaratan-muhendislerini-odullendirdi","status":"publish","type":"post","link":"https:\/\/www.enerjigazetesi.ist\/en\/coruh-edas-fark-yaratan-muhendislerini-odullendirdi\/","title":{"rendered":"(Turkish) &#8217;\u00c7oruh EDA\u015e&#8217; Fark Yaratan M\u00fchendislerini \u00d6d\u00fcllendirdi"},"content":{"rendered":"<p class=\"qtranxs-available-languages-message qtranxs-available-languages-message-en\">Sorry, this entry is only available in <a href=\"https:\/\/www.enerjigazetesi.ist\/tr\/wp-json\/wp\/v2\/posts\/182896\" class=\"qtranxs-available-language-link qtranxs-available-language-link-tr\" title=\"Turkish\">Turkish<\/a>. For the sake of viewer convenience, the content is shown below in the alternative language. You may click the link to switch the active language.<\/p><p><\/p>\n<h2>Elektrik da\u011f\u0131t\u0131m hizmeti verdi\u011fi be\u015f ilde 1,5 milyon aboneye kesintisiz enerji hizmeti sunan \u00c7oruh Elektrik Da\u011f\u0131t\u0131m A\u015e (\u00c7oruh EDA\u015e), teknoloji odakl\u0131 projeleriyle fark\u0131ndal\u0131k yaratan \u00c7oruh EDA\u015e m\u00fchendislerini \u00f6d\u00fcllendirdi.<\/h2>\n<p style=\"text-align: center;\"><img loading=\"lazy\" class=\"aligncenter wp-image-182898\" src=\"https:\/\/www.enerjigazetesi.ist\/wp-content\/uploads\/2024\/01\/coruh-edas-fark-yaratan-muhendislerini-odullendirdi.jpg\" alt=\"\" width=\"500\" height=\"319\" srcset=\"https:\/\/www.enerjigazetesi.ist\/wp-content\/uploads\/2024\/01\/coruh-edas-fark-yaratan-muhendislerini-odullendirdi.jpg 550w, https:\/\/www.enerjigazetesi.ist\/wp-content\/uploads\/2024\/01\/coruh-edas-fark-yaratan-muhendislerini-odullendirdi-300x191.jpg 300w, https:\/\/www.enerjigazetesi.ist\/wp-content\/uploads\/2024\/01\/coruh-edas-fark-yaratan-muhendislerini-odullendirdi-500x319.jpg 500w, https:\/\/www.enerjigazetesi.ist\/wp-content\/uploads\/2024\/01\/coruh-edas-fark-yaratan-muhendislerini-odullendirdi-78x50.jpg 78w\" sizes=\"(max-width: 500px) 100vw, 500px\" \/><\/p>\n<p>Artvin, Giresun, G\u00fcm\u00fc\u015fhane, Rize ve Trabzon illerinde 61 il\u00e7ede kesintisiz ve kaliteli elektrik sa\u011flama faaliyetlerine devam eden \u00c7oruh Elektrik Da\u011f\u0131t\u0131m A\u015e (\u00c7oruh EDA\u015e), insan ve inovasyon odakl\u0131 y\u00f6netim anlay\u0131\u015f\u0131yla \u00e7al\u0131\u015fanlar\u0131n\u0131 \u00f6d\u00fcllendirmeye devam ediyor.<strong> 116 fikir<\/strong> aras\u0131ndan se\u00e7ilen projelerle \u00c7oruh EDA\u015e m\u00fchendislerinin \u00f6d\u00fcllendirildi\u011fi <strong>\u201c2023 Y\u0131l\u0131 Performans De\u011ferlendirme Toplant\u0131s\u0131\u201dna<\/strong> \u00c7oruh EDA\u015e Da\u011f\u0131t\u0131m Operasyonlar\u0131 Genel M\u00fcd\u00fcr\u00fc \u00d6mer Kandemir, Y\u00f6netim Kurulu \u00dcyeleri, \u015eirket M\u00fcd\u00fcr\u00fc Mehmet Ayd\u0131n ve b\u00f6lge y\u00f6neticileri kat\u0131ld\u0131. Afet kriz y\u00f6netimi ve t\u00fcketici memnuniyetine y\u00f6nelik planlar\u0131n g\u00f6zden ge\u00e7irildi\u011fi toplant\u0131da, <strong>\u0130\u015f Sa\u011fl\u0131\u011f\u0131 ve G\u00fcvenli\u011fi, e\u011fitim ve teknolojik yat\u0131r\u0131mlara<\/strong> vurgu yap\u0131ld\u0131.<\/p>\n<p>\u0130nsan kayna\u011f\u0131 odakl\u0131 yat\u0131r\u0131mlar\u0131yla fark yaratt\u0131klar\u0131n\u0131n alt\u0131n\u0131 \u00e7izen <strong>\u00c7oruh EDA\u015e Da\u011f\u0131t\u0131m Operasyonlar\u0131 Genel M\u00fcd\u00fcr\u00fc \u00d6mer Kandemir<\/strong>, <em>\u201c\u00c7al\u0131\u015fan motivasyonunun t\u00fcketici memnuniyetine giden yolda temel etken oldu\u011funa inan\u0131yoruz. \u00c7al\u0131\u015fanlar\u0131m\u0131z\u0131n her ge\u00e7en g\u00fcn kendilerini daha da geli\u015ftirmesini hedefliyor, motivasyonlar\u0131n\u0131 art\u0131rmak i\u00e7in yeni projeler \u00fcretiyoruz. \u0130klim krizinin etkileriyle birlikte enerji sekt\u00f6r\u00fcn\u00fcn \u00f6ncelikli sekt\u00f6rlerden biri oldu\u011fu bu s\u00fcre\u00e7te m\u00fchendislerimizin enerjiye ve teknolojiye hakimiyeti sekt\u00f6rdeki inovasyon ve ilerlemenin itici g\u00fcc\u00fc. Yap\u0131lan projeleri uygulamak, fikirlerin geli\u015fmesine destek olmak \u015eirketimizin s\u00fcrd\u00fcr\u00fclebilir gelece\u011fe y\u00f6nelik taahh\u00fcd\u00fcn\u00fcn bir par\u00e7as\u0131 olarak g\u00f6r\u00fcyoruz. M\u00fchendislerimiz fikirlerini, inovasyon ve s\u00fcrd\u00fcr\u00fclebilir kalk\u0131nmaya somut anlamda katk\u0131 sa\u011flayacak \u00fcr\u00fcn ve hizmetlerin \u00fcretim, y\u00f6netim s\u00fcre\u00e7lerini kapsay\u0131c\u0131 yenilik\u00e7i ve \u00f6zg\u00fcn bir yakla\u015f\u0131mla sergiledi. Teknolojik yat\u0131r\u0131mlar\u0131 destekleyici projelere imza atan m\u00fchendislerimizin, \u00fclkemize de\u011fer kataca\u011f\u0131na inanc\u0131m\u0131z tam. 2023 y\u0131l\u0131nda birbirinden \u00f6zel fikirleriyle ilham veren, yolumuzu a\u00e7an, topluma dokunan projeleriyle \u00f6d\u00fcl almaya hak kazanan m\u00fchendislerimizi i\u00e7tenlikle kutluyoruz\u201d<\/em> dedi.<\/p>\n<p>\u015eirket k\u00fclt\u00fcr\u00fcn\u00fcn merkezinde <strong>\u201cinsana de\u011fer\u201d<\/strong> oldu\u011funun alt\u0131n\u0131 \u00e7izen Kandemir, <em>\u201cBa\u015far\u0131lar\u0131m\u0131z\u0131 \u015f\u00fcphesiz birlikte yol y\u00fcr\u00fcd\u00fc\u011f\u00fcm\u00fcz nitelikli insan kayna\u011f\u0131m\u0131za bor\u00e7luyuz. \u0130nsan kaynaklar\u0131 politikalar\u0131m\u0131z do\u011frultusunda ba\u015far\u0131y\u0131 takdir etmeye, \u00f6d\u00fcllendirmeye, \u00e7al\u0131\u015fan mutlulu\u011fu ve memnuniyetini y\u00fckseltmeye her zaman \u00f6ncelik veriyoruz. \u00c7al\u0131\u015fmalar\u0131ndan ve \u00f6zverilerden dolay\u0131 b\u00fct\u00fcn \u00e7al\u0131\u015fanlar\u0131m\u0131za bir kez daha te\u015fekk\u00fcr ediyoruz\u201d<\/em> diyerek s\u00f6zlerini tamamlad\u0131.<\/p>","protected":false},"excerpt":{"rendered":"<p>Sorry, this entry is only available in Turkish. For the sake of viewer convenience, the content is shown below in the alternative language. You may click the link to switch the active language. Elektrik da\u011f\u0131t\u0131m hizmeti verdi\u011fi be\u015f ilde 1,5 milyon aboneye kesintisiz enerji hizmeti sunan \u00c7oruh Elektrik Da\u011f\u0131t\u0131m A\u015e (\u00c7oruh EDA\u015e), teknoloji odakl\u0131 projeleriyle [&hellip;]<\/p>\n","protected":false},"author":1,"featured_media":182898,"comment_status":"open","ping_status":"open","sticky":false,"template":"","format":"standard","meta":[],"categories":[51,53],"tags":[39601,111904,97932,15016,4546,111905],"views":26,"_links":{"self":[{"href":"https:\/\/www.enerjigazetesi.ist\/en\/wp-json\/wp\/v2\/posts\/182896"}],"collection":[{"href":"https:\/\/www.enerjigazetesi.ist\/en\/wp-json\/wp\/v2\/posts"}],"about":[{"href":"https:\/\/www.enerjigazetesi.ist\/en\/wp-json\/wp\/v2\/types\/post"}],"author":[{"embeddable":true,"href":"https:\/\/www.enerjigazetesi.ist\/en\/wp-json\/wp\/v2\/users\/1"}],"replies":[{"embeddable":true,"href":"https:\/\/www.enerjigazetesi.ist\/en\/wp-json\/wp\/v2\/comments?post=182896"}],"version-history":[{"count":0,"href":"https:\/\/www.enerjigazetesi.ist\/en\/wp-json\/wp\/v2\/posts\/182896\/revisions"}],"wp:featuredmedia":[{"embeddable":true,"href":"https:\/\/www.enerjigazetesi.ist\/en\/wp-json\/wp\/v2\/media\/182898"}],"wp:attachment":[{"href":"https:\/\/www.enerjigazetesi.ist\/en\/wp-json\/wp\/v2\/media?parent=182896"}],"wp:term":[{"taxonomy":"category","embeddable":true,"href":"https:\/\/www.enerjigazetesi.ist\/en\/wp-json\/wp\/v2\/categories?post=182896"},{"taxonomy":"post_tag","embeddable":true,"href":"https:\/\/www.enerjigazetesi.ist\/en\/wp-json\/wp\/v2\/tags?post=182896"}],"curies":[{"name":"wp","href":"https:\/\/api.w.org\/{rel}","templated":true}]}}