{"id":182892,"date":"2024-01-03T15:51:08","date_gmt":"2024-01-03T12:51:08","guid":{"rendered":"https:\/\/www.enerjigazetesi.ist\/?p=182892"},"modified":"2024-01-03T15:51:24","modified_gmt":"2024-01-03T12:51:24","slug":"elektrik-dagitim-sirketinden-kirsala-buyuk-yatirim","status":"publish","type":"post","link":"https:\/\/www.enerjigazetesi.ist\/en\/elektrik-dagitim-sirketinden-kirsala-buyuk-yatirim\/","title":{"rendered":"(Turkish) Elektrik Da\u011f\u0131t\u0131m \u015eirketinden K\u0131rsala B\u00fcy\u00fck Yat\u0131r\u0131m"},"content":{"rendered":"<p class=\"qtranxs-available-languages-message qtranxs-available-languages-message-en\">Sorry, this entry is only available in <a href=\"https:\/\/www.enerjigazetesi.ist\/tr\/wp-json\/wp\/v2\/posts\/182892\" class=\"qtranxs-available-language-link qtranxs-available-language-link-tr\" title=\"Turkish\">Turkish<\/a>. For the sake of viewer convenience, the content is shown below in the alternative language. You may click the link to switch the active language.<\/p><p><\/p>\n<h2>Samsun, Ordu, \u00c7orum, Amasya ve Sinop illerinde yakla\u015f\u0131k 3 milyon m\u00fc\u015fterisine ki\u015fiye hizmet veren ve m\u00fc\u015fteri odakl\u0131 \u00e7al\u0131\u015fma anlay\u0131\u015f\u0131yla sekt\u00f6re \u00f6nc\u00fc olan YEDA\u015e, bu y\u0131l 1 milyar 444 milyon TL\u2019lik yat\u0131r\u0131m harcamas\u0131 yapt\u0131. 2023 ve 2024 y\u0131l\u0131n\u0131n a\u011f\u0131r k\u0131\u015f ko\u015fullar\u0131nda ge\u00e7ece\u011fini \u00f6ng\u00f6ren elektrik da\u011f\u0131t\u0131m \u015firketi, \u00f6zellikle k\u0131rsal b\u00f6lgelerde m\u00fc\u015fteri ma\u011fduriyetini en aza indirmek i\u00e7in \u00f6nlemlerini ald\u0131.<\/h2>\n<p>Bu y\u0131lki yat\u0131r\u0131mlar\u0131n\u0131n odak noktas\u0131 k\u0131rsal b\u00f6lgelerde kesintisiz enerji sa\u011flamak olan YEDA\u015e, <strong>3 bin 500\u2019\u00fcn<\/strong> \u00fczerinde <strong>yeni tesisin enerji ba\u011flant\u0131s\u0131n\u0131<\/strong> sa\u011flad\u0131. Gerilim d\u00fc\u015f\u00fcm\u00fc sorunlar\u0131n\u0131n \u00f6n\u00fcne ge\u00e7mek i\u00e7in<strong> yeterli say\u0131da transformat\u00f6r ilavesi<\/strong> sa\u011flayarak \u015febeke yenilemelerini ger\u00e7ekle\u015ftirdi. <img loading=\"lazy\" class=\"alignright wp-image-182894\" src=\"https:\/\/www.enerjigazetesi.ist\/wp-content\/uploads\/2024\/01\/elektrik-dagitim-sirketinden-kirsala-buyuk-yatirim.jpg\" alt=\"\" width=\"320\" height=\"200\" srcset=\"https:\/\/www.enerjigazetesi.ist\/wp-content\/uploads\/2024\/01\/elektrik-dagitim-sirketinden-kirsala-buyuk-yatirim.jpg 511w, https:\/\/www.enerjigazetesi.ist\/wp-content\/uploads\/2024\/01\/elektrik-dagitim-sirketinden-kirsala-buyuk-yatirim-300x187.jpg 300w, https:\/\/www.enerjigazetesi.ist\/wp-content\/uploads\/2024\/01\/elektrik-dagitim-sirketinden-kirsala-buyuk-yatirim-500x312.jpg 500w, https:\/\/www.enerjigazetesi.ist\/wp-content\/uploads\/2024\/01\/elektrik-dagitim-sirketinden-kirsala-buyuk-yatirim-80x50.jpg 80w\" sizes=\"(max-width: 320px) 100vw, 320px\" \/>S\u00fcrekli olarak <strong>ya\u015fanan hava muhalefetleri<\/strong> b\u00f6lgelerde enerji kesintisine sebep olurken, \u015febeke iyile\u015ftirme \u00e7al\u0131\u015fmalar\u0131 da h\u0131z kazand\u0131.<\/p>\n<p>2023 ve 2024 yat\u0131r\u0131mlar\u0131 hakk\u0131nda konu\u015fan <strong>YEDA\u015e Genel M\u00fcd\u00fcr\u00fc Yunus Emre Bilgi<\/strong>; <em>\u201cBizim i\u00e7in iyi bir hizmet sunmak kadar iyi bir deneyim sunmak da olduk\u00e7a \u00f6nemli. Hizmet verdi\u011fimiz 5 b\u00f6lge, maalesef ki s\u0131k s\u0131k hava muhalefetlerinden etkileniyor. Ge\u00e7ti\u011fimiz haftalarda \u00fcst \u00fcste ya\u015fanan f\u0131rt\u0131nalar, \u015febekelerimize b\u00fcy\u00fck hasar verdi. Ekiplerimiz bu b\u00f6lgelerdeki ma\u011fduriyeti gidermek i\u00e7in canla ba\u015fla \u00e7al\u0131\u015ft\u0131. F\u0131rt\u0131nalar sebebiyle meydana gelen hasarlar\u0131 onarmak \u00fczere personellerimizi bu b\u00f6lgelere y\u00f6nlendirdik. Sahada \u00e7al\u0131\u015fan ekip say\u0131m\u0131z\u0131 artt\u0131r\u0131rken \u00e7a\u011fr\u0131 merkezi \u00e7al\u0131\u015fan say\u0131m\u0131z\u0131 da art\u0131rarak m\u00fc\u015fterilerimizin endi\u015felerini \u00f6nlemeye \u00e7al\u0131\u015ft\u0131k. Zorlu hava ko\u015fullar\u0131 ile m\u00fccadele etti\u011fimiz bu g\u00fcnlerde tesis yat\u0131r\u0131mlar\u0131m\u0131za da ara vermeyip, hedeflerimizi tamamlamak \u00fczere \u00e7al\u0131\u015fmalar\u0131m\u0131z\u0131 s\u00fcrd\u00fcr\u00fcyoruz. <strong>1 milyar 444 milyon TL<\/strong>\u2019lik yat\u0131r\u0131m harcamas\u0131 yaparak<strong> 3.500\u2019\u00fcn<\/strong> \u00fczerinde<strong> yeni tesisin enerji ba\u011flant\u0131s\u0131n\u0131<\/strong> sa\u011flad\u0131k. Bu y\u0131l yapt\u0131\u011f\u0131m\u0131z ve \u00f6n\u00fcm\u00fczdeki y\u0131l yapaca\u011f\u0131m\u0131z t\u00fcm yat\u0131r\u0131mlar ile m\u00fc\u015fteri taleplerimizin b\u00fcy\u00fck bir \u00e7o\u011funlu\u011funu kar\u015f\u0131lamay\u0131 planl\u0131yor, ileti\u015fim kanallar\u0131m\u0131z\u0131 artt\u0131rarak m\u00fc\u015fteri memnuniyetini en \u00fcst seviyeye \u00e7\u0131karmay\u0131 hedefliyoruz\u201d<\/em> dedi.<\/p>","protected":false},"excerpt":{"rendered":"<p>Sorry, this entry is only available in Turkish. For the sake of viewer convenience, the content is shown below in the alternative language. You may click the link to switch the active language. Samsun, Ordu, \u00c7orum, Amasya ve Sinop illerinde yakla\u015f\u0131k 3 milyon m\u00fc\u015fterisine ki\u015fiye hizmet veren ve m\u00fc\u015fteri odakl\u0131 \u00e7al\u0131\u015fma anlay\u0131\u015f\u0131yla sekt\u00f6re \u00f6nc\u00fc olan [&hellip;]<\/p>\n","protected":false},"author":1,"featured_media":182894,"comment_status":"open","ping_status":"open","sticky":false,"template":"","format":"standard","meta":[],"categories":[51,53],"tags":[111901,4257,4546,111903,111902,75372,9138,64801],"views":58,"_links":{"self":[{"href":"https:\/\/www.enerjigazetesi.ist\/en\/wp-json\/wp\/v2\/posts\/182892"}],"collection":[{"href":"https:\/\/www.enerjigazetesi.ist\/en\/wp-json\/wp\/v2\/posts"}],"about":[{"href":"https:\/\/www.enerjigazetesi.ist\/en\/wp-json\/wp\/v2\/types\/post"}],"author":[{"embeddable":true,"href":"https:\/\/www.enerjigazetesi.ist\/en\/wp-json\/wp\/v2\/users\/1"}],"replies":[{"embeddable":true,"href":"https:\/\/www.enerjigazetesi.ist\/en\/wp-json\/wp\/v2\/comments?post=182892"}],"version-history":[{"count":0,"href":"https:\/\/www.enerjigazetesi.ist\/en\/wp-json\/wp\/v2\/posts\/182892\/revisions"}],"wp:featuredmedia":[{"embeddable":true,"href":"https:\/\/www.enerjigazetesi.ist\/en\/wp-json\/wp\/v2\/media\/182894"}],"wp:attachment":[{"href":"https:\/\/www.enerjigazetesi.ist\/en\/wp-json\/wp\/v2\/media?parent=182892"}],"wp:term":[{"taxonomy":"category","embeddable":true,"href":"https:\/\/www.enerjigazetesi.ist\/en\/wp-json\/wp\/v2\/categories?post=182892"},{"taxonomy":"post_tag","embeddable":true,"href":"https:\/\/www.enerjigazetesi.ist\/en\/wp-json\/wp\/v2\/tags?post=182892"}],"curies":[{"name":"wp","href":"https:\/\/api.w.org\/{rel}","templated":true}]}}