{"id":182867,"date":"2024-01-02T16:57:01","date_gmt":"2024-01-02T13:57:01","guid":{"rendered":"https:\/\/www.enerjigazetesi.ist\/?p=182867"},"modified":"2024-01-02T16:57:29","modified_gmt":"2024-01-02T13:57:29","slug":"stellantis-turkiye-nin-yeni-ulke-baskani-ibrahim-anac-oldu","status":"publish","type":"post","link":"https:\/\/www.enerjigazetesi.ist\/en\/stellantis-turkiye-nin-yeni-ulke-baskani-ibrahim-anac-oldu\/","title":{"rendered":"(Turkish) &#8217;Stellantis T\u00fcrkiye&#8217;nin Yeni \u00dclke Ba\u015fkan\u0131 \u0130brahim Ana\u00e7 Oldu"},"content":{"rendered":"<p class=\"qtranxs-available-languages-message qtranxs-available-languages-message-en\">Sorry, this entry is only available in <a href=\"https:\/\/www.enerjigazetesi.ist\/tr\/wp-json\/wp\/v2\/posts\/182867\" class=\"qtranxs-available-language-link qtranxs-available-language-link-tr\" title=\"Turkish\">Turkish<\/a>. For the sake of viewer convenience, the content is shown below in the alternative language. You may click the link to switch the active language.<\/p><p><\/p>\n<h2><strong>D\u00fcnyan\u0131n en b\u00fcy\u00fck otomotiv gruplar\u0131ndan Stellantis\u2019in toplamda 6 b\u00f6lgesinden biri olan Ortado\u011fu ve Afrika B\u00f6lgesi\u2019nde (MEA) Stellantis Ticari Faaliyetlerden Sorumlu Ba\u015fkan Yard\u0131mc\u0131s\u0131 g\u00f6revini 2022 y\u0131l\u0131ndan bu yana ba\u015far\u0131yla devam ettiren \u0130brahim Ana\u00e7, Stellantis T\u00fcrkiye\u2019nin yeni \u00dclke Ba\u015fkan\u0131 oldu. Ge\u00e7ti\u011fimiz 5 y\u0131l boyunca Stellantis T\u00fcrkiye \u00dclke Ba\u015fkan\u0131 olarak bir\u00e7ok ba\u015far\u0131ya imza atan Olivier Cornuaille ise g\u00f6rev s\u00fcresinin dolmas\u0131yla Stellantis\u2019in d\u00fcnya \u00e7ap\u0131ndaki 6 b\u00fcy\u00fck b\u00f6lgesinden bir tanesi olan, Ortado\u011fu ve Afrika B\u00f6lgesi\u2019nde (MEA Chief Operating Officer) Samir Cherfan\u2019a ba\u011fl\u0131 olarak t\u00fcm markalar\u0131n Sat\u0131\u015f ve Pazarlama Operasyonlar\u0131ndan sorumlu olacak.<\/strong><\/h2>\n<p style=\"text-align: center;\"><img loading=\"lazy\" class=\"aligncenter wp-image-182869\" src=\"https:\/\/www.enerjigazetesi.ist\/wp-content\/uploads\/2024\/01\/stellantis-turkiye-nin-yeni-ulke-baskani-ibrahim-anac-oldu.jpg\" alt=\"\" width=\"500\" height=\"334\" srcset=\"https:\/\/www.enerjigazetesi.ist\/wp-content\/uploads\/2024\/01\/stellantis-turkiye-nin-yeni-ulke-baskani-ibrahim-anac-oldu.jpg 550w, https:\/\/www.enerjigazetesi.ist\/wp-content\/uploads\/2024\/01\/stellantis-turkiye-nin-yeni-ulke-baskani-ibrahim-anac-oldu-300x200.jpg 300w, https:\/\/www.enerjigazetesi.ist\/wp-content\/uploads\/2024\/01\/stellantis-turkiye-nin-yeni-ulke-baskani-ibrahim-anac-oldu-500x334.jpg 500w, https:\/\/www.enerjigazetesi.ist\/wp-content\/uploads\/2024\/01\/stellantis-turkiye-nin-yeni-ulke-baskani-ibrahim-anac-oldu-75x50.jpg 75w, https:\/\/www.enerjigazetesi.ist\/wp-content\/uploads\/2024\/01\/stellantis-turkiye-nin-yeni-ulke-baskani-ibrahim-anac-oldu-450x300.jpg 450w\" sizes=\"(max-width: 500px) 100vw, 500px\" \/><\/p>\n<p>Otomotiv ve mobilite d\u00fcnyas\u0131n\u0131n en b\u00fcy\u00fck gruplar\u0131 aras\u0131nda yer alan, gelece\u011fin teknolojilerini adapte etme konusunda kusursuz bir rol \u00fcstlenen Stellantis\u2019te yeni atamalar ger\u00e7ekle\u015fti. 5 y\u0131l boyunca Peugeot T\u00fcrkiye Genel M\u00fcd\u00fcr\u00fc olarak g\u00f6rev yapt\u0131ktan sonra 2022 y\u0131l\u0131nda Stellantis\u2019in d\u00fcnya \u00e7ap\u0131ndaki 6 b\u00fcy\u00fck b\u00f6lgesinden bir tanesi olan, Ortado\u011fu ve Afrika B\u00f6lgesi\u2019nde (MEA Chief Operating Officer) Samir Cherfan\u2019a ba\u011fl\u0131 olarak Stellantis Ticari Faaliyetlerden Sorumlu Ba\u015fkan Yard\u0131mc\u0131s\u0131 g\u00f6revine getirilen \u0130brahim Ana\u00e7, Stellantis T\u00fcrkiye\u2019nin yeni \u00dclke Ba\u015fkan\u0131 oldu. Peugeot T\u00fcrkiye Genel M\u00fcd\u00fcrl\u00fc\u011f\u00fc\u2019nden Stellantis T\u00fcrkiye \u00dclke Ba\u015fkanl\u0131\u011f\u0131\u2019na uzanan yakla\u015f\u0131k 1.5 y\u0131ll\u0131k s\u00fcre\u00e7 i\u00e7erisinde Ortado\u011fu ve Afrika B\u00f6lgesi\u2019nde Stellantis Ticari Faaliyetlerden Sorumlu Ba\u015fkan Yard\u0131mc\u0131s\u0131 g\u00f6reviyle \u00f6nemli deneyimler elde eden Ana\u00e7, yeni g\u00f6revine ise 1 Ocak itibar\u0131yla ba\u015flad\u0131.<\/p>\n<p><strong>Stellantis T\u00fcrkiye \u00dclke Ba\u015fkan\u0131<\/strong> olarak ge\u00e7ti\u011fimiz 5 y\u0131l boyunca ba\u015far\u0131l\u0131 i\u015flere imza atan <strong>Olivier Cornuaille<\/strong> ise g\u00f6rev s\u00fcresinin dolmas\u0131yla Stellantis\u2019in Ortado\u011fu ve Afrika B\u00f6lgesi\u2019nde (MEA Chief Operating Officer) Samir Cherfan\u2019a ba\u011fl\u0131 olarak t\u00fcm markalar\u0131n Sat\u0131\u015f ve Pazarlama Operasyonlar\u0131ndan sorumlu olacak. Son 5 senede \u00e7ok \u00f6nemli de\u011fi\u015fimleri, \u00e7ok g\u00fc\u00e7l\u00fc ve yetenekli bir ekiple y\u00fcr\u00fctt\u00fc\u011f\u00fcn\u00fcn alt\u0131n\u0131 \u00e7izerek te\u015fekk\u00fcrlerini ileten Olivier Cornuaille, <em>&#8220;Stellantis ekibinin ve T\u00fcrkiye&#8217;deki operasyonlar\u0131n liderli\u011fini, i\u015fimizi ve ortaklar\u0131m\u0131z\u0131 \u00e7ok iyi tan\u0131yan \u0130brahim Ana\u00e7&#8217;a devretmekten mutluluk ve gurur duyuyorum. \u0130brahim Ana\u00e7, 1,5 y\u0131l boyunca ba\u015far\u0131yla \u00fcstlendi\u011fi b\u00f6lge liderli\u011fi g\u00f6revinde zenginle\u015ftirdi\u011fi tecr\u00fcbesi ile Stellantis T\u00fcrkiye&#8217;ye geri d\u00f6n\u00fcyor\u201d<\/em> a\u00e7\u0131klamas\u0131nda bulundu.<\/p>","protected":false},"excerpt":{"rendered":"<p>Sorry, this entry is only available in Turkish. For the sake of viewer convenience, the content is shown below in the alternative language. You may click the link to switch the active language. D\u00fcnyan\u0131n en b\u00fcy\u00fck otomotiv gruplar\u0131ndan Stellantis\u2019in toplamda 6 b\u00f6lgesinden biri olan Ortado\u011fu ve Afrika B\u00f6lgesi\u2019nde (MEA) Stellantis Ticari Faaliyetlerden Sorumlu Ba\u015fkan Yard\u0131mc\u0131s\u0131 [&hellip;]<\/p>\n","protected":false},"author":1,"featured_media":182869,"comment_status":"open","ping_status":"open","sticky":false,"template":"","format":"standard","meta":[],"categories":[51,53],"tags":[4781,92279,111891,111892],"views":37,"_links":{"self":[{"href":"https:\/\/www.enerjigazetesi.ist\/en\/wp-json\/wp\/v2\/posts\/182867"}],"collection":[{"href":"https:\/\/www.enerjigazetesi.ist\/en\/wp-json\/wp\/v2\/posts"}],"about":[{"href":"https:\/\/www.enerjigazetesi.ist\/en\/wp-json\/wp\/v2\/types\/post"}],"author":[{"embeddable":true,"href":"https:\/\/www.enerjigazetesi.ist\/en\/wp-json\/wp\/v2\/users\/1"}],"replies":[{"embeddable":true,"href":"https:\/\/www.enerjigazetesi.ist\/en\/wp-json\/wp\/v2\/comments?post=182867"}],"version-history":[{"count":0,"href":"https:\/\/www.enerjigazetesi.ist\/en\/wp-json\/wp\/v2\/posts\/182867\/revisions"}],"wp:featuredmedia":[{"embeddable":true,"href":"https:\/\/www.enerjigazetesi.ist\/en\/wp-json\/wp\/v2\/media\/182869"}],"wp:attachment":[{"href":"https:\/\/www.enerjigazetesi.ist\/en\/wp-json\/wp\/v2\/media?parent=182867"}],"wp:term":[{"taxonomy":"category","embeddable":true,"href":"https:\/\/www.enerjigazetesi.ist\/en\/wp-json\/wp\/v2\/categories?post=182867"},{"taxonomy":"post_tag","embeddable":true,"href":"https:\/\/www.enerjigazetesi.ist\/en\/wp-json\/wp\/v2\/tags?post=182867"}],"curies":[{"name":"wp","href":"https:\/\/api.w.org\/{rel}","templated":true}]}}