{"id":182857,"date":"2024-01-02T16:22:15","date_gmt":"2024-01-02T13:22:15","guid":{"rendered":"https:\/\/www.enerjigazetesi.ist\/?p=182857"},"modified":"2024-01-02T16:22:53","modified_gmt":"2024-01-02T13:22:53","slug":"yanlis-kablo-secimi-can-ve-mal-kaybina-sebep-olabilir","status":"publish","type":"post","link":"https:\/\/www.enerjigazetesi.ist\/en\/yanlis-kablo-secimi-can-ve-mal-kaybina-sebep-olabilir\/","title":{"rendered":"(Turkish) &#8221;Yanl\u0131\u015f Kablo Se\u00e7imi Can ve Mal Kayb\u0131na Sebep Olabilir&#8221;"},"content":{"rendered":"<p class=\"qtranxs-available-languages-message qtranxs-available-languages-message-en\">Sorry, this entry is only available in <a href=\"https:\/\/www.enerjigazetesi.ist\/tr\/wp-json\/wp\/v2\/posts\/182857\" class=\"qtranxs-available-language-link qtranxs-available-language-link-tr\" title=\"Turkish\">Turkish<\/a>. For the sake of viewer convenience, the content is shown below in the alternative language. You may click the link to switch the active language.<\/p><p><\/p>\n<h2><strong>Bir\u00e7ok alanda kullan\u0131lan elektrik kablolar\u0131n\u0131n farkl\u0131 maliyet aral\u0131klar\u0131 t\u00fcketicileri ucuz \u00fcr\u00fcnlere te\u015fvik ediyor. Ucuz ve kalitesiz kablolar\u0131n vatanda\u015flar i\u00e7in maliyetinin \u00e7ok daha b\u00fcy\u00fck olabilece\u011fini s\u00f6yleyen yerli elektrik malzemeleri tedarik\u00e7isi, kalitesiz kablo kullan\u0131m\u0131n\u0131n yol a\u00e7abilece\u011fi maddi ve manevi zararlar\u0131 a\u00e7\u0131klad\u0131.\u00a0<\/strong><\/h2>\n<p>Elektrik kablolar\u0131n\u0131n bir\u00e7ok alanda kullan\u0131lmas\u0131, pazar\u0131n b\u00fcy\u00fcmesini tetikliyor. ResearchAndMarkets\u2019in yay\u0131mlad\u0131\u011f\u0131 rapora g\u00f6re, 2023\u2019\u00fc 247,24 milyar dolarla kapatmas\u0131 beklenen k\u00fcresel kablo pazar\u0131n\u0131n <strong>2027<\/strong>\u2019de <strong>329,25 milyar dolara<\/strong> ula\u015fmas\u0131 bekleniyor. Bu b\u00fcy\u00fcmenin merdiven alt\u0131 \u00fcretimleri de tetikledi\u011fine dikkat \u00e7eken <strong>Aymeda Elektrik M\u00fcd\u00fcr\u00fc F\u0131rat K\u0131z\u0131late\u015f<\/strong>, kalitesiz kablolar\u0131n hasarlar\u0131n\u0131 ve do\u011fru kablo se\u00e7iminde dikkat edilmesi gerekenleri anlatt\u0131.<\/p>\n<p><strong>Enerji ve haberle\u015fme kablolar\u0131, zay\u0131f ak\u0131m kablolar\u0131, \u015falter ve sigorta grubu \u00fcr\u00fcnleri<\/strong> ile elektrik alan\u0131nda kullan\u0131lacak el aletlerinin sat\u0131\u015f\u0131n\u0131 yapt\u0131klar\u0131n\u0131 dile getiren F\u0131rat K\u0131z\u0131late\u015f, <em>\u201cHemen her g\u00fcn \u00e7\u0131kan yang\u0131nlardan sonra yap\u0131lan incelemelerde, elektrik konta\u011f\u0131ndan \u00e7\u0131kt\u0131\u011f\u0131na dair raporlar\u0131 s\u0131kl\u0131kla duyuyoruz. Bunun sebebi do\u011fru \u00fcr\u00fcnlerin kullan\u0131lmamas\u0131, ucuz oldu\u011fu i\u00e7in yanl\u0131\u015f \u00fcr\u00fcnlerin tercih edilmesi. Kalitesini kan\u0131tlam\u0131\u015f b\u00fcy\u00fck markalar yerine ucuz \u00fcr\u00fcnlerin kullan\u0131lmas\u0131n\u0131n maliyeti ne yaz\u0131k ki daha y\u00fcksek oluyor\u201d<\/em> dedi.<\/p>\n<h3><strong>\u201cD\u00fcnya Standartlar\u0131nda \u00dcr\u00fcn Kullan\u0131lmal\u0131\u201d<\/strong><\/h3>\n<p><em><img loading=\"lazy\" class=\"alignright wp-image-182860\" src=\"https:\/\/www.enerjigazetesi.ist\/wp-content\/uploads\/2024\/01\/yanlis-kablo-secimi-can-ve-mal-kaybina-sebep-olabilir-1.jpg\" alt=\"\" width=\"320\" height=\"300\" srcset=\"https:\/\/www.enerjigazetesi.ist\/wp-content\/uploads\/2024\/01\/yanlis-kablo-secimi-can-ve-mal-kaybina-sebep-olabilir-1.jpg 512w, https:\/\/www.enerjigazetesi.ist\/wp-content\/uploads\/2024\/01\/yanlis-kablo-secimi-can-ve-mal-kaybina-sebep-olabilir-1-300x281.jpg 300w, https:\/\/www.enerjigazetesi.ist\/wp-content\/uploads\/2024\/01\/yanlis-kablo-secimi-can-ve-mal-kaybina-sebep-olabilir-1-427x400.jpg 427w, https:\/\/www.enerjigazetesi.ist\/wp-content\/uploads\/2024\/01\/yanlis-kablo-secimi-can-ve-mal-kaybina-sebep-olabilir-1-53x50.jpg 53w, https:\/\/www.enerjigazetesi.ist\/wp-content\/uploads\/2024\/01\/yanlis-kablo-secimi-can-ve-mal-kaybina-sebep-olabilir-1-500x469.jpg 500w\" sizes=\"(max-width: 320px) 100vw, 320px\" \/>\u201cHer sekt\u00f6rde oldu\u011fu gibi, maalesef bizim sekt\u00f6r\u00fcm\u00fczde de kalitesiz merdiven alt\u0131 \u00fcr\u00fcnlerin sat\u0131\u015f\u0131 ger\u00e7ekle\u015ftiriliyor\u201d<\/em> diyen <strong>Aymeda Elektrik M\u00fcd\u00fcr\u00fc F\u0131rat K\u0131z\u0131late\u015f<\/strong>, <em>\u201cElektrikle ilgili t\u00fcm \u00fcr\u00fcnler, insan hayat\u0131 a\u00e7\u0131s\u0131ndan ciddiye al\u0131nmal\u0131 ve denetime tabii tutulmal\u0131. Standartlara uygun olmayan \u00fcr\u00fcnlerin s\u0131rf ucuz oldu\u011fu i\u00e7in tercih edilmesi hem mal hem can kayb\u0131na yol a\u00e7abilir. \u00d6zellikle hastane, okul, al\u0131\u015fveri\u015f merkezi, spor salonu gibi kamuya a\u00e7\u0131k alanlarda <strong>halojen free kablolar<\/strong> ve <strong>d\u00fcnya standartlar\u0131na uygun testlerden ge\u00e7mi\u015f elektrik ekipmanlar\u0131n\u0131n kullan\u0131m\u0131<\/strong> zorunlu. Sadece toplu kullan\u0131m alanlar\u0131nda de\u011fil, <strong>t\u00fcm tesisatlarda \u00fcretim standartlar\u0131na uygun<\/strong> belgeli \u00fcretim yapan markalar tercih edilmeli\u201d<\/em> \u015feklinde konu\u015ftu.<\/p>\n<h3><strong>\u201cKablo Kadar Kaliteli Sigorta \u015ealteri de \u00d6nemli\u201d<\/strong><\/h3>\n<p>Kablolarda standartlara uygun \u00fcr\u00fcnlerin kullanmamas\u0131 durumunda yang\u0131n \u00e7\u0131kabilece\u011fini belirten F\u0131rat K\u0131z\u0131late\u015f, <em>\u201cElektrik yang\u0131nlar\u0131 a\u015f\u0131r\u0131 ak\u0131m, ark ve koruma sisteminin olmamas\u0131ndan kaynaklanabilir. Kablolar\u0131n \u00e7ekebilece\u011fi maksimum ak\u0131m kapasitesi vard\u0131r. Kablolar, ak\u0131m\u0131n karesiyle do\u011fru orant\u0131l\u0131 \u015fekilde \u0131s\u0131n\u0131r ve \u0131s\u0131nd\u0131\u011f\u0131 zaman izolasyonu kaybolur. Olu\u015fan s\u0131cakl\u0131k kablonun tutu\u015fma s\u0131cakl\u0131\u011f\u0131na eri\u015firse yang\u0131n meydana gelir. Yine uygun kablo kullan\u0131m\u0131 olmad\u0131\u011f\u0131nda <strong>halojen gazlar\u0131<\/strong> a\u00e7\u0131\u011fa \u00e7\u0131kabilir ve <strong>zehirlenmelere<\/strong> sebebiyet verebilir. Ayr\u0131ca, <strong>e\u011fer sigorta atmazsa, tesisat yanar<\/strong>. <strong>Kablolar<\/strong> kadar <strong>kaliteli sigorta \u015falterinin de kullan\u0131lmas\u0131<\/strong> \u00f6nemli\u201d<\/em> ifadelerini kulland\u0131.<\/p>\n<h3><strong>\u201c\u00dcr\u00fcnleri Stoklad\u0131\u011f\u0131m\u0131z \u0130\u00e7in Fahi\u015f Fiyat Art\u0131\u015flar\u0131ndan Etkilenmiyoruz\u201d<\/strong><\/h3>\n<p>Elektrik alan\u0131nda <strong>kablo, \u015falter, sigorta<\/strong> gibi \u00fcr\u00fcn gruplar\u0131na in\u015faattan havac\u0131l\u0131\u011fa, savunmadan t\u0131bbi ekipman sekt\u00f6rlerine kadar her alanda ihtiya\u00e7 oldu\u011funu belirten <strong>Aymeda Elektrik M\u00fcd\u00fcr\u00fc F\u0131rat K\u0131z\u0131late\u015f<\/strong>, s\u00f6zlerini \u015f\u00f6yle tamamlad\u0131:<\/p>\n<p><em>\u201cHem <strong>ma\u011fazam\u0131zdan<\/strong> hem de<strong> e-ticaret sitemizden<\/strong> toptan ve perakende sat\u0131\u015f\u0131 yap\u0131yoruz. G\u00fcvenilir markalar\u0131n \u00fcr\u00fcnlerini depolar\u0131m\u0131zda stokluyoruz. B\u00f6ylece h\u0131zl\u0131 \u00fcr\u00fcn tedari\u011fi yapabiliyoruz. Fahi\u015f fiyat art\u0131\u015flar\u0131ndan etkilenmeden, m\u00fc\u015fterilerimize daha uygun fiyata kaliteli hizmet verebiliyoruz.\u201d<\/em><\/p>","protected":false},"excerpt":{"rendered":"<p>Sorry, this entry is only available in Turkish. For the sake of viewer convenience, the content is shown below in the alternative language. You may click the link to switch the active language. Bir\u00e7ok alanda kullan\u0131lan elektrik kablolar\u0131n\u0131n farkl\u0131 maliyet aral\u0131klar\u0131 t\u00fcketicileri ucuz \u00fcr\u00fcnlere te\u015fvik ediyor. Ucuz ve kalitesiz kablolar\u0131n vatanda\u015flar i\u00e7in maliyetinin \u00e7ok daha [&hellip;]<\/p>\n","protected":false},"author":1,"featured_media":182859,"comment_status":"open","ping_status":"open","sticky":false,"template":"","format":"standard","meta":[],"categories":[51,53],"tags":[111886,35463,111884,111887,111885],"views":49,"_links":{"self":[{"href":"https:\/\/www.enerjigazetesi.ist\/en\/wp-json\/wp\/v2\/posts\/182857"}],"collection":[{"href":"https:\/\/www.enerjigazetesi.ist\/en\/wp-json\/wp\/v2\/posts"}],"about":[{"href":"https:\/\/www.enerjigazetesi.ist\/en\/wp-json\/wp\/v2\/types\/post"}],"author":[{"embeddable":true,"href":"https:\/\/www.enerjigazetesi.ist\/en\/wp-json\/wp\/v2\/users\/1"}],"replies":[{"embeddable":true,"href":"https:\/\/www.enerjigazetesi.ist\/en\/wp-json\/wp\/v2\/comments?post=182857"}],"version-history":[{"count":0,"href":"https:\/\/www.enerjigazetesi.ist\/en\/wp-json\/wp\/v2\/posts\/182857\/revisions"}],"wp:featuredmedia":[{"embeddable":true,"href":"https:\/\/www.enerjigazetesi.ist\/en\/wp-json\/wp\/v2\/media\/182859"}],"wp:attachment":[{"href":"https:\/\/www.enerjigazetesi.ist\/en\/wp-json\/wp\/v2\/media?parent=182857"}],"wp:term":[{"taxonomy":"category","embeddable":true,"href":"https:\/\/www.enerjigazetesi.ist\/en\/wp-json\/wp\/v2\/categories?post=182857"},{"taxonomy":"post_tag","embeddable":true,"href":"https:\/\/www.enerjigazetesi.ist\/en\/wp-json\/wp\/v2\/tags?post=182857"}],"curies":[{"name":"wp","href":"https:\/\/api.w.org\/{rel}","templated":true}]}}