{"id":182842,"date":"2024-01-02T15:04:36","date_gmt":"2024-01-02T12:04:36","guid":{"rendered":"https:\/\/www.enerjigazetesi.ist\/?p=182842"},"modified":"2024-01-02T15:04:53","modified_gmt":"2024-01-02T12:04:53","slug":"canakkale-okculuk-spor-kulubu-genclerinden-buyuk-basari","status":"publish","type":"post","link":"https:\/\/www.enerjigazetesi.ist\/en\/canakkale-okculuk-spor-kulubu-genclerinden-buyuk-basari\/","title":{"rendered":"(Turkish) \u00c7anakkale Ok\u00e7uluk Spor Kul\u00fcb\u00fc Gen\u00e7lerinden B\u00fcy\u00fck Ba\u015far\u0131"},"content":{"rendered":"<p class=\"qtranxs-available-languages-message qtranxs-available-languages-message-en\">Sorry, this entry is only available in <a href=\"https:\/\/www.enerjigazetesi.ist\/tr\/wp-json\/wp\/v2\/posts\/182842\" class=\"qtranxs-available-language-link qtranxs-available-language-link-tr\" title=\"Turkish\">Turkish<\/a>. For the sake of viewer convenience, the content is shown below in the alternative language. You may click the link to switch the active language.<\/p><p><\/p>\n<h2><strong>ODA\u015e sponsorlu\u011fundaki \u00c7anakkale Ok\u00e7uluk Spor Kul\u00fcb\u00fc, 6 sporcusuyla 2024 Ok\u00e7uluk Federasyonu Kupas\u0131 \u00c7anakkale \u0130l Yar\u0131\u015fmas\u0131 Elemeleri ve \u00c7anakkale Salon Ok\u00e7uluk \u0130l \u015eampiyonas\u0131\u2019nda 7 dalda dereceye girdi. ODA\u015e Maden Grubu Ba\u015fkan\u0131 Ali Kemal Kazanc\u0131, sporcular\u0131 kutlarken \u201cKul\u00fcb\u00fcm\u00fcz\u00fcn \u00c7anakkale\u2019ye ve \u00fclkemize daha b\u00fcy\u00fck ba\u015far\u0131lar getirece\u011fine inanc\u0131m\u0131z tam\u201d dedi.<\/strong><\/h2>\n<p style=\"text-align: center;\"><img loading=\"lazy\" class=\"aligncenter wp-image-182844\" src=\"https:\/\/www.enerjigazetesi.ist\/wp-content\/uploads\/2024\/01\/canakkale-okculuk-spor-kulubu-genclerinden-buyuk-basari.jpg\" alt=\"\" width=\"500\" height=\"305\" srcset=\"https:\/\/www.enerjigazetesi.ist\/wp-content\/uploads\/2024\/01\/canakkale-okculuk-spor-kulubu-genclerinden-buyuk-basari.jpg 550w, https:\/\/www.enerjigazetesi.ist\/wp-content\/uploads\/2024\/01\/canakkale-okculuk-spor-kulubu-genclerinden-buyuk-basari-300x183.jpg 300w, https:\/\/www.enerjigazetesi.ist\/wp-content\/uploads\/2024\/01\/canakkale-okculuk-spor-kulubu-genclerinden-buyuk-basari-500x305.jpg 500w, https:\/\/www.enerjigazetesi.ist\/wp-content\/uploads\/2024\/01\/canakkale-okculuk-spor-kulubu-genclerinden-buyuk-basari-80x50.jpg 80w\" sizes=\"(max-width: 500px) 100vw, 500px\" \/><\/p>\n<p>Enerji ve madencilik sekt\u00f6r\u00fc \u015firketlerinden ODA\u015e, \u00c7anakkale Ok\u00e7uluk Spor Kul\u00fcb\u00fc&#8217;n\u00fcn ana sponsoru olarak gen\u00e7 yetenekleri desteklemeye devam ediyor. Aral\u0131k ay\u0131nda ger\u00e7ekle\u015fen <strong>2024 Ok\u00e7uluk Federasyonu \u00c7anakkale \u0130l Yar\u0131\u015fmas\u0131 Elemeleri<\/strong> ve<strong> \u00c7anakkale Salon Ok\u00e7uluk \u015eampiyonas\u0131&#8217;nda<\/strong> ODA\u015e&#8217;\u0131n destekledi\u011fi sporcular dereceye girerek \u00e7e\u015fitli ba\u015far\u0131lar elde ettiler.<\/p>\n<p>10 Aral\u0131k\u2019ta d\u00fczenlenen \u00c7anakkale Salon Ok\u00e7uluk \u015eampiyonas\u0131\u2019nda 6 kul\u00fcpten 65 sporcu m\u00fccadele etti. 16 Aral\u0131k\u2019ta ger\u00e7ekle\u015fen 2024 Ok\u00e7uluk Federasyonu Kupas\u0131 \u00c7anakkale \u0130l Yar\u0131\u015fmas\u0131 Elemeleri ise toplam 9 kul\u00fcpten 85 sporcunun kat\u0131l\u0131m\u0131yla ger\u00e7ekle\u015fti. Elemelerde ODA\u015e&#8217;\u0131n destekledi\u011fi <strong>\u00c7anakkale Ok\u00e7uluk Kul\u00fcb\u00fc<\/strong>\u2019nden <strong>6<\/strong> sporcu toplam<strong> 7 dereceyi<\/strong> kul\u00fcbe kazand\u0131rd\u0131.<\/p>\n<h3><strong>Sporcular, Gen\u00e7lerden B\u00fcy\u00fcklere Bir\u00e7ok Kategoride Dereceye Girdi<\/strong><\/h3>\n<p>2024 Ok\u00e7uluk Federasyonu Kupas\u0131 \u00c7anakkale \u0130l Yar\u0131\u015fmas\u0131 Elemeleri\u2019nde \u00c7anakkale Ok\u00e7uluk Kul\u00fcb\u00fc sporcular\u0131ndan Beril Y\u00fcksel, Gen\u00e7 K\u0131zlar kategorisinde 3\u2019\u00fcnc\u00fc olurken, Gen\u00e7 Erkekler\u2019de Muhammed Akartuna 1\u2019incili\u011fi, \u0130brahim Taha Yaz\u0131c\u0131 ise ayn\u0131 kategoride 2\u2019ncili\u011fi elde etti. B\u00fcy\u00fck Kad\u0131nlar kategorisinde ise Eda Nur Karata\u015f, yar\u0131\u015fmay\u0131 3. olarak tamamlad\u0131.<\/p>\n<p>\u00c7anakkale Salon Ok\u00e7uluk \u0130l \u015eampiyonas\u0131\u2019nda ise Klasik Yay Erkekler 13-14 ya\u015f kategorisinde \u0130brahim Taha Yaz\u0131c\u0131 1\u2019incili\u011fi, Musab Eren Y\u0131ld\u0131zl\u0131 ise 2\u2019ncili\u011fi kazand\u0131. Klasik Yay Erkekler 11-12 ya\u015f kategorisinde ise yine \u00c7anakkale Ok\u00e7uluk Kul\u00fcb\u00fc\u2019nden Batu \u015eensoy 2\u2019nci olarak kul\u00fcbe \u00fcst\u00fcn ba\u015far\u0131lar kazand\u0131rd\u0131.<\/p>\n<p><strong>ODA\u015e Maden Grubu Ba\u015fkan\u0131 Ali Kemal Kazanc\u0131<\/strong> konuyla ilgili yapt\u0131\u011f\u0131 a\u00e7\u0131klamada,<em> \u201cOk\u00e7uluk sporunun \u00fclkemizdeki geli\u015fimine ve gen\u00e7 yeteneklerin bu alandaki \u00e7al\u0131\u015fmalar\u0131na katk\u0131da bulunmay\u0131 s\u00fcrd\u00fcrece\u011fiz. Sab\u0131r, disiplin, konsantrasyon, odaklanma ve \u00f6zg\u00fcven geli\u015fimini destekleyen <strong>ok\u00e7uluk sporu<\/strong> ile<strong> \u00c7anakkale Ok\u00e7uluk Kul\u00fcb\u00fc<\/strong>, 200 \u00f6\u011frencisiyle ba\u015far\u0131lara imza atmaya devam ediyor. <strong>\u00c7anakkale \u0130l Yar\u0131\u015fmas\u0131 Elemeleri<\/strong> ve <strong>\u00c7anakkale Salon Ok\u00e7uluk \u0130l \u015eampiyonas\u0131\u2019ndan<\/strong> dereceyle d\u00f6nen <strong>6 sporcumuz<\/strong> ba\u015fta olmak \u00fczere, kat\u0131lan ve eme\u011fi ge\u00e7en t\u00fcm sporcular\u0131m\u0131z\u0131 ve antren\u00f6rlerimizi tebrik ediyorum. \u00c7anakkale Ok\u00e7uluk Kul\u00fcb\u00fc\u2019n\u00fcn \u00f6n\u00fcm\u00fczdeki d\u00f6nemde daha b\u00fcy\u00fck ba\u015far\u0131lar\u0131 \u00fclkemize getirece\u011fine y\u00f6nelik inanc\u0131m\u0131z tam\u201d<\/em> dedi.<\/p>","protected":false},"excerpt":{"rendered":"<p>Sorry, this entry is only available in Turkish. For the sake of viewer convenience, the content is shown below in the alternative language. You may click the link to switch the active language. ODA\u015e sponsorlu\u011fundaki \u00c7anakkale Ok\u00e7uluk Spor Kul\u00fcb\u00fc, 6 sporcusuyla 2024 Ok\u00e7uluk Federasyonu Kupas\u0131 \u00c7anakkale \u0130l Yar\u0131\u015fmas\u0131 Elemeleri ve \u00c7anakkale Salon Ok\u00e7uluk \u0130l \u015eampiyonas\u0131\u2019nda [&hellip;]<\/p>\n","protected":false},"author":1,"featured_media":182844,"comment_status":"open","ping_status":"open","sticky":false,"template":"","format":"standard","meta":[],"categories":[53],"tags":[111880,111879,24906,16376,111881],"views":39,"_links":{"self":[{"href":"https:\/\/www.enerjigazetesi.ist\/en\/wp-json\/wp\/v2\/posts\/182842"}],"collection":[{"href":"https:\/\/www.enerjigazetesi.ist\/en\/wp-json\/wp\/v2\/posts"}],"about":[{"href":"https:\/\/www.enerjigazetesi.ist\/en\/wp-json\/wp\/v2\/types\/post"}],"author":[{"embeddable":true,"href":"https:\/\/www.enerjigazetesi.ist\/en\/wp-json\/wp\/v2\/users\/1"}],"replies":[{"embeddable":true,"href":"https:\/\/www.enerjigazetesi.ist\/en\/wp-json\/wp\/v2\/comments?post=182842"}],"version-history":[{"count":0,"href":"https:\/\/www.enerjigazetesi.ist\/en\/wp-json\/wp\/v2\/posts\/182842\/revisions"}],"wp:featuredmedia":[{"embeddable":true,"href":"https:\/\/www.enerjigazetesi.ist\/en\/wp-json\/wp\/v2\/media\/182844"}],"wp:attachment":[{"href":"https:\/\/www.enerjigazetesi.ist\/en\/wp-json\/wp\/v2\/media?parent=182842"}],"wp:term":[{"taxonomy":"category","embeddable":true,"href":"https:\/\/www.enerjigazetesi.ist\/en\/wp-json\/wp\/v2\/categories?post=182842"},{"taxonomy":"post_tag","embeddable":true,"href":"https:\/\/www.enerjigazetesi.ist\/en\/wp-json\/wp\/v2\/tags?post=182842"}],"curies":[{"name":"wp","href":"https:\/\/api.w.org\/{rel}","templated":true}]}}