{"id":182816,"date":"2023-12-29T15:53:20","date_gmt":"2023-12-29T12:53:20","guid":{"rendered":"https:\/\/www.enerjigazetesi.ist\/?p=182816"},"modified":"2023-12-29T15:53:20","modified_gmt":"2023-12-29T12:53:20","slug":"stk-lardan-eksileri-ve-artilariyla-turkiye-nin-2023-iklim-karnesi","status":"publish","type":"post","link":"https:\/\/www.enerjigazetesi.ist\/en\/stk-lardan-eksileri-ve-artilariyla-turkiye-nin-2023-iklim-karnesi\/","title":{"rendered":"(Turkish) STK\u2019lardan Eksileri ve Art\u0131lar\u0131yla T\u00fcrkiye\u2019nin 2023 \u0130klim Karnesi"},"content":{"rendered":"<p class=\"qtranxs-available-languages-message qtranxs-available-languages-message-en\">Sorry, this entry is only available in <a href=\"https:\/\/www.enerjigazetesi.ist\/tr\/wp-json\/wp\/v2\/posts\/182816\" class=\"qtranxs-available-language-link qtranxs-available-language-link-tr\" title=\"Turkish\">Turkish<\/a>. For the sake of viewer convenience, the content is shown below in the alternative language. You may click the link to switch the active language.<\/p><p><\/p>\n<h2>2023 y\u0131l\u0131, rekor k\u0131ran k\u00fcresel s\u0131cakl\u0131klar ile tarihe ge\u00e7ti. Bu y\u0131l ya\u015fad\u0131\u011f\u0131m\u0131z sel felaketleri de iklim i\u00e7in harekete ge\u00e7medi\u011fimiz her saniye bizi daha b\u00fcy\u00fck felaketlerin bekledi\u011finin kan\u0131t\u0131. \u0130klim de\u011fi\u015fikli\u011fi alan\u0131nda \u00e7al\u0131\u015fan sivil toplum kurulu\u015flar\u0131, T\u00fcrkiye\u2019nin 2023 y\u0131l\u0131nda iklim alan\u0131nda att\u0131\u011f\u0131 olumlu ve olumsuz ad\u0131mlar\u0131 derleyerek T\u00fcrkiye\u2019nin \u201c2023 \u0130klim Karnesi\u201dni \u00e7\u0131kard\u0131.<\/h2>\n<p style=\"text-align: center;\"><img loading=\"lazy\" class=\"aligncenter wp-image-182819\" src=\"https:\/\/www.enerjigazetesi.ist\/wp-content\/uploads\/2023\/12\/stk-lardan-eksileri-ve-artilariyla-turkiye-nin-2023-iklim-karnesi-1.jpg\" alt=\"\" width=\"500\" height=\"301\" srcset=\"https:\/\/www.enerjigazetesi.ist\/wp-content\/uploads\/2023\/12\/stk-lardan-eksileri-ve-artilariyla-turkiye-nin-2023-iklim-karnesi-1.jpg 750w, https:\/\/www.enerjigazetesi.ist\/wp-content\/uploads\/2023\/12\/stk-lardan-eksileri-ve-artilariyla-turkiye-nin-2023-iklim-karnesi-1-300x181.jpg 300w, https:\/\/www.enerjigazetesi.ist\/wp-content\/uploads\/2023\/12\/stk-lardan-eksileri-ve-artilariyla-turkiye-nin-2023-iklim-karnesi-1-500x301.jpg 500w, https:\/\/www.enerjigazetesi.ist\/wp-content\/uploads\/2023\/12\/stk-lardan-eksileri-ve-artilariyla-turkiye-nin-2023-iklim-karnesi-1-80x48.jpg 80w\" sizes=\"(max-width: 500px) 100vw, 500px\" \/><\/p>\n<p>Karnede, T\u00fcrkiye\u2019nin 2023 y\u0131l\u0131nda <strong>yenilenebilir enerji<\/strong> alan\u0131ndaki <strong>hedefleri, adil ge\u00e7i\u015fin resmi belgelerde ilk kez yer almas\u0131<\/strong> olumlu olarak de\u011ferlendirildi.<\/p>\n<p>T\u00fcrkiye\u2019nin hala <strong>k\u00f6m\u00fcrde \u0131srar etmesi<\/strong>, yeni <strong>n\u00fckleer santraller kurma planlar\u0131<\/strong> yapmas\u0131, iklim hedefini iyile\u015ftirmemesi, \u0130klim Kanunu tasla\u011f\u0131n\u0131 sivil toplumla beraber haz\u0131rlamamas\u0131 ise karnede olumsuz olarak de\u011ferlendirildi.<\/p>\n<p>T\u00fcrkiye\u2019nin \u0130klim Karnesi \u015f\u00f6yle:<\/p>\n<h3><strong>Ulusal Enerji Plan\u0131nda \u00d6ncelik K\u00f6m\u00fcr ve N\u00fckleerde<\/strong><\/h3>\n<p>Bu sene ba\u015f\u0131nda Enerji ve Tabii Kaynaklar Bakanl\u0131\u011f\u0131 taraf\u0131ndan sunulan 2023-2035 Ulusal Enerji Plan\u0131\u2019nda, yenilenebilir enerjiye dair olumlu hedefler olsa da <strong>k\u00f6m\u00fcrden \u00e7\u0131k\u0131\u015f karar\u0131n\u0131n yer almamas\u0131<\/strong> T\u00fcrkiye\u2019nin <strong>2053 net s\u0131f\u0131r hedefi<\/strong> ile uyu\u015fmuyor. Di\u011fer yandan Bakanl\u0131\u011f\u0131n planda <strong>g\u00fcne\u015f ve r\u00fczgar yat\u0131r\u0131mlar\u0131<\/strong> yerine <strong>elektrik \u00fcretimi i\u00e7in n\u00fckleer santral yat\u0131r\u0131mlar\u0131n\u0131<\/strong> te\u015fvik edece\u011fini g\u00f6r\u00fcyoruz. Oysa EMBER\u2019in yeni raporuna g\u00f6re, T\u00fcrkiye\u2019nin sadece \u00e7at\u0131lar\u0131nda bile en az <strong>120 GW<\/strong>\u2019l\u0131k <strong>g\u00fcne\u015f enerjisi potansiyeli<\/strong> mevcut ve bu T\u00fcrkiye\u2019nin <strong>2022 y\u0131l\u0131 toplam elektrik t\u00fcketiminin<\/strong> <strong>%45<\/strong>\u2019ine\u00a0<a href=\"https:\/\/ember-climate.org\/tr\/analizler\/ara%C5%9Ft%C4%B1rma\/catilarda-120-gwtan-fazla-potansiyel-mevcut\/\">denk geliyor.<\/a><\/p>\n<h3><strong>\u0130klim Kanunu\u2019nda Sivil Toplum Yok<\/strong><\/h3>\n<p>T\u00fcrkiye\u2019nin y\u00fcr\u00fctece\u011fi iklim politikalar\u0131na hukuki zeminini olu\u015fturacak \u0130klim Kanunu tasla\u011f\u0131 \u0130klim De\u011fi\u015fikli\u011fi Ba\u015fkanl\u0131\u011f\u0131\u2019nca haz\u0131rland\u0131. 2024 y\u0131l\u0131nda Meclis\u2019e gelmesi beklenen taslak haz\u0131rlan\u0131rken maalesef iklim alan\u0131ndan sivil toplum kurulu\u015flar\u0131n\u0131n g\u00f6r\u00fc\u015f\u00fc al\u0131nmad\u0131. Uzman g\u00f6r\u00fc\u015fleri ile haz\u0131rlanmas\u0131 gereken bu kanunda 2030 y\u0131l\u0131na kadar <strong>% 35<\/strong> mutlak emisyon azalt\u0131m hedefi yer almal\u0131, <strong>k\u00f6m\u00fcrden adil bir \u00e7\u0131k\u0131\u015f<\/strong> hedeflenmeli. Kanunla, <strong>biyolojik \u00e7e\u015fitlilik ve do\u011fal sistemler korunmal\u0131, uyum mekanizmalar\u0131 kurulmal\u0131<\/strong> ve <strong>ba\u011f\u0131ms\u0131z bir bilim kurulu olu\u015fturularak<\/strong> s\u00fcre\u00e7 takip edilmeli.<\/p>\n<h3><strong>G\u00fc\u00e7l\u00fc Bir \u0130klim Hedefi Yok<\/strong><\/h3>\n<p>Sivil toplum \u00f6rg\u00fctleri, COP28 \u00f6ncesinde, g\u00fc\u00e7l\u00fc bir iklim hedefinin<strong>\u00a0<\/strong>ekonomik b\u00fcy\u00fcme, enflasyonla m\u00fccadele, yoksullu\u011fun giderilmesi, enerjide ba\u011f\u0131ms\u0131zl\u0131k gibi ekonomik faydalar getirece\u011fini belirterek T\u00fcrkiye\u2019nin iklim hedefini <strong>2030\u2019a kadar<\/strong> en az<strong> %35<\/strong> mutlak<strong> emisyon azalt\u0131m\u0131<\/strong> olarak g\u00fcncellemesini talep etmi\u015fti. <strong>\u0130klim De\u011fi\u015fikli\u011fi Ba\u015fkanl\u0131\u011f\u0131 2030 iklim hedefini<\/strong> g\u00fcncellemedi ve T\u00fcrkiye\u2019nin emisyonlar\u0131n\u0131 <strong>2030\u2019a<\/strong> kadar <strong>%30\u2019tan fazla<\/strong> art\u0131rma \u00f6ng\u00f6r\u00fcs\u00fcn\u00fc korudu. Ancak zirveden \u00e7\u0131kan karara g\u00f6re hedefini 2024 y\u0131l\u0131n\u0131n sonuna kadar g\u00fcncellemesi gerekiyor.<\/p>\n<h3><strong>Adil Ge\u00e7i\u015f, Planlara Girdi Ama Yetersiz<\/strong><\/h3>\n<p>Strateji ve B\u00fct\u00e7e Ba\u015fkanl\u0131\u011f\u0131\u2019n\u0131n Orta Vadeli Program\u0131nda ve 12.Kalk\u0131nma Plan\u0131nda ye\u015fil d\u00f6n\u00fc\u015f\u00fcmden etkilenecek sekt\u00f6r ve meslekler ele al\u0131nd\u0131 ve <strong>\u201cadil ge\u00e7i\u015f\u201d<\/strong> kavram\u0131na yer verildi. T\u00fcrkiye\u2019de ilk kez adil ge\u00e7i\u015f kavram\u0131n\u0131n resmi belgelerde yer almas\u0131 olumlu bir geli\u015fme olsa da bu ge\u00e7i\u015fin hangi alanlarda ve nas\u0131l olaca\u011f\u0131 hala net de\u011fil. Ye\u015fil d\u00f6n\u00fc\u015f\u00fcmden etkilenmesi beklenen sekt\u00f6rlerin ba\u015f\u0131nda <strong>k\u00f6m\u00fcrden elektrik \u00fcretimi<\/strong> geliyor. <strong>K\u00f6m\u00fcrl\u00fc termik santrallerin<\/strong> t\u00fcm d\u00fcnyada oldu\u011fu gibi T\u00fcrkiye\u2019de de a\u015famal\u0131 olarak kapanmas\u0131 gereklili\u011fi ka\u00e7\u0131n\u0131lmaz, bu s\u00fcre\u00e7te k\u00f6m\u00fcr b\u00f6lgelerinde <strong>ya\u015fayan madenciler<\/strong> ve <strong>aileleri ba\u015fta olmak \u00fczere<\/strong> kimsenin geride kalmad\u0131\u011f\u0131 bir adil ge\u00e7i\u015f i\u00e7in bug\u00fcn planlamaya ba\u015flamam\u0131z gerekiyor.<\/p>\n<h3><strong>\u0130mzac\u0131lar:<\/strong><\/h3>\n<p>Avrupa \u0130klim Eylem A\u011f\u0131 (CAN Europe)<\/p>\n<p>Fosil Yak\u0131tlar\u0131n \u00d6tesi (Beyond Fossil Fuels)<\/p>\n<p>Greenpeace Akdeniz<\/p>\n<p>\u0130klim \u0130\u00e7in 350 Derne\u011fi<\/p>\n<p>TEMA Vakf\u0131<\/p>\n<p>Ye\u015fil D\u00fc\u015f\u00fcnce Derne\u011fi<\/p>","protected":false},"excerpt":{"rendered":"<p>Sorry, this entry is only available in Turkish. For the sake of viewer convenience, the content is shown below in the alternative language. You may click the link to switch the active language. 2023 y\u0131l\u0131, rekor k\u0131ran k\u00fcresel s\u0131cakl\u0131klar ile tarihe ge\u00e7ti. Bu y\u0131l ya\u015fad\u0131\u011f\u0131m\u0131z sel felaketleri de iklim i\u00e7in harekete ge\u00e7medi\u011fimiz her saniye bizi [&hellip;]<\/p>\n","protected":false},"author":1,"featured_media":182820,"comment_status":"open","ping_status":"open","sticky":false,"template":"","format":"standard","meta":[],"categories":[53,24649,43],"tags":[111452,1999,18009,68470,111862],"views":33,"_links":{"self":[{"href":"https:\/\/www.enerjigazetesi.ist\/en\/wp-json\/wp\/v2\/posts\/182816"}],"collection":[{"href":"https:\/\/www.enerjigazetesi.ist\/en\/wp-json\/wp\/v2\/posts"}],"about":[{"href":"https:\/\/www.enerjigazetesi.ist\/en\/wp-json\/wp\/v2\/types\/post"}],"author":[{"embeddable":true,"href":"https:\/\/www.enerjigazetesi.ist\/en\/wp-json\/wp\/v2\/users\/1"}],"replies":[{"embeddable":true,"href":"https:\/\/www.enerjigazetesi.ist\/en\/wp-json\/wp\/v2\/comments?post=182816"}],"version-history":[{"count":0,"href":"https:\/\/www.enerjigazetesi.ist\/en\/wp-json\/wp\/v2\/posts\/182816\/revisions"}],"wp:featuredmedia":[{"embeddable":true,"href":"https:\/\/www.enerjigazetesi.ist\/en\/wp-json\/wp\/v2\/media\/182820"}],"wp:attachment":[{"href":"https:\/\/www.enerjigazetesi.ist\/en\/wp-json\/wp\/v2\/media?parent=182816"}],"wp:term":[{"taxonomy":"category","embeddable":true,"href":"https:\/\/www.enerjigazetesi.ist\/en\/wp-json\/wp\/v2\/categories?post=182816"},{"taxonomy":"post_tag","embeddable":true,"href":"https:\/\/www.enerjigazetesi.ist\/en\/wp-json\/wp\/v2\/tags?post=182816"}],"curies":[{"name":"wp","href":"https:\/\/api.w.org\/{rel}","templated":true}]}}