{"id":182801,"date":"2023-12-29T14:58:41","date_gmt":"2023-12-29T11:58:41","guid":{"rendered":"https:\/\/www.enerjigazetesi.ist\/?p=182801"},"modified":"2023-12-29T14:59:27","modified_gmt":"2023-12-29T11:59:27","slug":"karbonsuzlasma-planlari-buyume-icin-bir-firsat-olarak-goruluyor","status":"publish","type":"post","link":"https:\/\/www.enerjigazetesi.ist\/en\/karbonsuzlasma-planlari-buyume-icin-bir-firsat-olarak-goruluyor\/","title":{"rendered":"(Turkish) Karbonsuzla\u015fma Planlar\u0131 B\u00fcy\u00fcme \u0130\u00e7in Bir F\u0131rsat Olarak G\u00f6r\u00fcl\u00fcyor"},"content":{"rendered":"<p class=\"qtranxs-available-languages-message qtranxs-available-languages-message-en\">Sorry, this entry is only available in <a href=\"https:\/\/www.enerjigazetesi.ist\/tr\/wp-json\/wp\/v2\/posts\/182801\" class=\"qtranxs-available-language-link qtranxs-available-language-link-tr\" title=\"Turkish\">Turkish<\/a>. For the sake of viewer convenience, the content is shown below in the alternative language. You may click the link to switch the active language.<\/p><p><\/p>\n<h2><strong>KPMG&#8217;nin karbonsuzla\u015fma konusunda \u00fcst d\u00fczey y\u00f6neticilerin g\u00f6r\u00fc\u015flerini ald\u0131\u011f\u0131 \u201c2023 K\u00fcresel Madencilik ve Metal Sekt\u00f6r\u00fc Genel G\u00f6r\u00fcn\u00fcm\u00fc\u201d raporuna g\u00f6re k\u00fcresel ekonomi karbonsuz bir gelece\u011fe do\u011fru ilerlerken madencilik ve metal sekt\u00f6r\u00fc, bu d\u00f6n\u00fc\u015f\u00fcm i\u00e7in gerekli ham maddeleri kar\u015f\u0131layabilece\u011finden emin g\u00f6r\u00fcn\u00fcyor. Daha ye\u015fil bir gezegene ge\u00e7i\u015fte kullan\u0131lacak malzemelere olan talebi kar\u015f\u0131layabileceklerine g\u00fcvenenlerin oran\u0131 y\u00fczde 86&#8217;y\u0131 buluyor.<\/strong><\/h2>\n<p>Uluslararas\u0131 Enerji Ajans\u0131&#8217;na g\u00f6re, Paris Anla\u015fmas\u0131&#8217;n\u0131n hedefledi\u011fi iki santigrat derecenin alt\u0131nda bir s\u0131cakl\u0131k art\u0131\u015f\u0131 hedefine 2040 y\u0131l\u0131ndan \u00f6nce ula\u015f\u0131labilmesi i\u00e7in temiz enerji teknolojileri i\u00e7in gerekli olan <img loading=\"lazy\" class=\"alignright wp-image-182803\" src=\"https:\/\/www.enerjigazetesi.ist\/wp-content\/uploads\/2023\/12\/karbonsuzlasma-planlari-buyume-icin-bir-firsat-olarak-goruluyor.jpg\" alt=\"\" width=\"320\" height=\"225\" srcset=\"https:\/\/www.enerjigazetesi.ist\/wp-content\/uploads\/2023\/12\/karbonsuzlasma-planlari-buyume-icin-bir-firsat-olarak-goruluyor.jpg 550w, https:\/\/www.enerjigazetesi.ist\/wp-content\/uploads\/2023\/12\/karbonsuzlasma-planlari-buyume-icin-bir-firsat-olarak-goruluyor-300x211.jpg 300w, https:\/\/www.enerjigazetesi.ist\/wp-content\/uploads\/2023\/12\/karbonsuzlasma-planlari-buyume-icin-bir-firsat-olarak-goruluyor-500x351.jpg 500w, https:\/\/www.enerjigazetesi.ist\/wp-content\/uploads\/2023\/12\/karbonsuzlasma-planlari-buyume-icin-bir-firsat-olarak-goruluyor-71x50.jpg 71w\" sizes=\"(max-width: 320px) 100vw, 320px\" \/>maden talebi bug\u00fcnk\u00fcn\u00fcn d\u00f6rt kat\u0131na ula\u015facak. K\u00fcresel ekonomi karbonsuz bir gelece\u011fe do\u011fru ilerlerken madencilik ve metal \u015firketlerinin, net-s\u0131f\u0131r bir d\u00fcnyaya ge\u00e7i\u015fi desteklemek i\u00e7in <strong>r\u00fczg\u00e2r t\u00fcrbinleri, g\u00fcne\u015f panelleri ve elektrikli ara\u00e7lar<\/strong> i\u00e7in gerekli olan ve s\u00fcrekli talebi artan mineralleri kar\u015f\u0131lay\u0131p kar\u015f\u0131layamayacaklar\u0131 ak\u0131llardaki \u00f6nemli sorulardan biri.<\/p>\n<p>KPMG, bu sorunun cevab\u0131n\u0131 bulmak i\u00e7in \u00e7elikten k\u00f6m\u00fcre ve lityuma kadar geni\u015f bir yelpazede <strong>madencilik ve metal faaliyetlerini<\/strong> temsil eden 400&#8217;\u00fcn \u00fczerinde \u00fcst d\u00fczey y\u00f6netici ile bir anket \u00e7al\u0131\u015fmas\u0131 ger\u00e7ekle\u015ftirdi. Ankete g\u00f6re<strong> madencilik ve metal sekt\u00f6r\u00fc<\/strong>, d\u00f6n\u00fc\u015f\u00fcm i\u00e7in gerekli ham maddeleri kar\u015f\u0131layabileceklerinden emin g\u00f6r\u00fcn\u00fcyor. Daha ye\u015fil bir gezegene ge\u00e7i\u015fte kullan\u0131lacak malzemelere olan talebi kar\u015f\u0131layabileceklerine \u00e7ok g\u00fcvenen ve g\u00fcvenenlerin oran\u0131 <strong>y\u00fczde 86<\/strong>&#8216;y\u0131 buluyor. KPMG, y\u00f6neticilerin genel olarak neden iyimser oldu\u011funu ve bu hedefleri nas\u0131l ba\u015farmay\u0131 planlad\u0131klar\u0131n\u0131 anlamak i\u00e7in ise anket verilerini ayr\u0131nt\u0131l\u0131 olarak analiz etti. Ayr\u0131ca kritik madenleri \u00fcreten \u015firketlerin CEO&#8217;lar\u0131 ile g\u00f6r\u00fc\u015fmeler yap\u0131ld\u0131 ve sekt\u00f6rde geni\u015f deneyime sahip uzmanlar\u0131n \u00f6ng\u00f6r\u00fcleri de dikkate al\u0131nd\u0131.<\/p>\n<h3><strong>Karbonsuzla\u015fma Planlar\u0131 Bir Maliyet De\u011fil B\u00fcy\u00fcme \u0130\u00e7in F\u0131rsat <\/strong><\/h3>\n<p>Anket sonu\u00e7lar\u0131na g\u00f6re y\u00f6neticilerin \u00f6nemli bir \u00e7o\u011funlu\u011fu, \u015firketlerinin ve sekt\u00f6r\u00fcn genel olarak b\u00fcy\u00fcme potansiyeline g\u00fcveniyor. Metal ve madencilik sekt\u00f6r\u00fc y\u00f6neticilerinin gelecek konusunda g\u00fcvenli olmalar\u0131n\u0131n bir nedeni, karbonsuzla\u015fma planlar\u0131n\u0131 bir maliyet de\u011fil b\u00fcy\u00fcme i\u00e7in bir f\u0131rsat olarak g\u00f6rmeleri. <strong>\u201cKarbon ayak izini teknoloji yat\u0131r\u0131mlar\u0131 arac\u0131l\u0131\u011f\u0131yla d\u00f6n\u00fc\u015ft\u00fcrmek\u201d<\/strong> <strong>y\u00fczde 43<\/strong> ile \u00f6n\u00fcm\u00fczdeki be\u015f y\u0131l i\u00e7indeki en \u00f6nemli f\u0131rsat olarak de\u011ferlendiriliyor. Operasyonlar\u0131n maliyet verimlili\u011fini teknoloji yat\u0131r\u0131mlar\u0131yla iyile\u015ftirmek az farkla (y\u00fczde 41) ikinci s\u0131rada yer al\u0131yor. Kat\u0131l\u0131mc\u0131lar\u0131n \u00fc\u00e7te birinden fazlas\u0131 (y\u00fczde 36) ise faaliyetlerini sat\u0131n alma ve varl\u0131k sat\u0131\u015flar\u0131 yoluyla d\u00f6n\u00fc\u015ft\u00fcrmeyi planl\u0131yor.<\/p>\n<p>Madencilik \u015firketlerinin <strong>karbon emisyonunu azaltmak<\/strong> i\u00e7in \u015fimdiden g\u00f6sterdi\u011fi h\u0131zl\u0131 ilerleme, karbonsuzla\u015fma \u00e7abalar\u0131na daha fazla yat\u0131r\u0131m yapmalar\u0131 i\u00e7in onlar\u0131 cesaretlendiriyor. Anket, <strong>madencilik ve metal i\u015fleme sekt\u00f6r\u00fcn\u00fcn<\/strong> \u00e7evresel etkileriyle ba\u015fa \u00e7\u0131kmak i\u00e7in en y\u00fcksek \u00f6nceli\u011fin enerji t\u00fcketim verimlili\u011fini artt\u0131rmak oldu\u011funu g\u00f6steriyor (y\u00fczde 41). Bu, su (y\u00fczde 16) ve at\u0131k (y\u00fczde 21) y\u00f6netimini geli\u015ftirmekten neredeyse iki kat \u00f6nemli olarak de\u011ferlendiriliyor.<\/p>\n<h3><strong>ESG Hedeflerinde Sosyal Etki Daha Fazla \u00d6nem Kazan\u0131yor<\/strong><\/h3>\n<p>Madencilik ve metal \u015firketleri karbon ayak izlerini azaltmaya ciddi yat\u0131r\u0131m yaparken ayn\u0131 zamanda ESG (\u00e7evresel, sosyal, y\u00f6neti\u015fim) hedeflerine de odaklan\u0131yorlar. Ayn\u0131 zamanda, sekt\u00f6r ESG&#8217;deki \u201cS\u201d (sosyal) harfine de b\u00fcy\u00fck dikkat g\u00f6steriyor. ESG hedefleri daha temelde insan odakl\u0131 bir g\u00fcndem haline geliyor ve esas odak \u00e7al\u0131\u015fanlar ve yerel topluluklar gibi payda\u015flar oluyor. Anketteki y\u00f6neticiler, madencilik ve metal \u00fcretim faaliyetlerinin sosyal etkisi ile m\u00fccadele etmede en y\u00fcksek \u00f6nceli\u011fin, \u00e7al\u0131\u015fanlara sa\u011fl\u0131k hizmetleri, \u00fccretli izin ve emeklilik haklar\u0131 sunmak oldu\u011funu d\u00fc\u015f\u00fcn\u00fcyorlar (y\u00fczde 44). Bunu y\u00fczde 33 ile i\u015f\u00e7i g\u00fcvenli\u011fini geli\u015ftirmek ve y\u00fczde 32 ile ge\u00e7imi sa\u011flayacak maa\u015f \u00f6demek yan\u0131tlar\u0131 takip ediyor. Ankete kat\u0131lan y\u00f6neticilerin baz\u0131lar\u0131, <strong>metal ve madencilik \u015firketlerinin<\/strong> sadece yerel topluluklara de\u011fil genel halka da dikkat etmeleri gerekti\u011fine de inan\u0131yor.<\/p>\n<p>Yetenekli liderli\u011fi de ESG i\u00e7indeki insan unsurunun ba\u015fka bir y\u00f6n\u00fc olarak \u00f6ne \u00e7\u0131k\u0131yor. Ankete kat\u0131lanlar, \u015firketin net-s\u0131f\u0131r hedefi ve bu yoldaki ilerlemesi hakk\u0131nda payda\u015flarla a\u00e7\u0131k ve tam ileti\u015fimin sa\u011flanmas\u0131n\u0131 (y\u00fczde 46) \u015firketlerin ESG hedeflerine ula\u015fmalar\u0131na yard\u0131mc\u0131 olacak en etkili y\u00f6ntemin olarak g\u00f6steriyor. Bunu y\u00fczde 45 ile \u201cCEO ve y\u00f6netim kurulunun net-s\u0131f\u0131r hedeflerine kendilerini adamalar\u0131\u201d yan\u0131t\u0131 takip ediyor. \u00dc\u00e7\u00fcnc\u00fc s\u0131rada ise &#8220;net-s\u0131f\u0131r hedefimize ula\u015fma konusundaki ilerlemeyi \u00f6l\u00e7mek i\u00e7in do\u011fru \u00f6l\u00e7\u00fcm metriklerine sahip oldu\u011fumuzdan emin olmak&#8221; yan\u0131t\u0131 yer al\u0131yor.<\/p>\n<h3><strong>Teknoloji Yeni D\u00f6nemi \u015eekillendiren Ana \u0130tici G\u00fc\u00e7<\/strong><\/h3>\n<p>Yeni teknolojiler ve inovasyonlar\u0131n ortaya \u00e7\u0131kmas\u0131 ise metal ve madencilik sekt\u00f6r\u00fcn\u00fcn bu yeni d\u00f6nemini \u015fekillendiren de\u011fi\u015fimlerin ana itici g\u00fc\u00e7lerinden biri olarak g\u00f6steriliyor. Teknolojik geli\u015fmeler y\u00f6neticilerin be\u015f y\u0131ll\u0131k talep tahminlerini etkileyen en \u00f6nemli etken olarak g\u00f6r\u00fcl\u00fcyor. \u201c\u015eirketinizin \u00f6n\u00fcm\u00fczdeki be\u015f y\u0131l i\u00e7in talep tahminlerini etkileyen en \u00f6nemli etkenler nelerdir?\u201d sorusu y\u00f6neltildi\u011finde ilk s\u0131rada teknolojik de\u011fi\u015fimler (y\u00fczde 54) yan\u0131t\u0131 yer al\u0131yor. \u00d6n\u00fcm\u00fczdeki be\u015f y\u0131lda maden \u00fcretimini art\u0131rmaya en \u00e7ok etkisi olacak iki teknoloji hangileridir?\u201d sorusuna verilen yan\u0131tlar ise \u015fu \u015fekilde s\u0131ralan\u0131yor: 5G A\u011flar\u0131 (y\u00fczde 26), nesnelerin interneti (y\u00fczde 24), arama teknik ve teknolojilerindeki geli\u015fmeler (y\u00fczde 24), yeni \u00e7\u0131karma teknolojileri (y\u00fczde 24) ve yapay zek\u00e2 (y\u00fczde 23).<\/p>\n<h3>\u201cMadencilik ve Metal Sekt\u00f6r\u00fcn\u00fcn \u00dcretimlerini H\u0131zla Artt\u0131rmalar\u0131 Gerekiyor\u201d<\/h3>\n<p>Rapor sonu\u00e7lar\u0131n\u0131 de\u011ferlendiren <strong>KPMG T\u00fcrkiye Metal &amp; Maden Sekt\u00f6r Lideri ve \u015eirket Orta\u011f\u0131 Burak Y\u0131ld\u0131r\u0131m<\/strong>, <em>&#8220;E\u011fer iklim de\u011fi\u015fikli\u011fini yava\u015flatma ve sonunda tersine \u00e7evirme \u015fans\u0131n\u0131 yakalamak <strong><img loading=\"lazy\" class=\"alignleft wp-image-182804\" src=\"https:\/\/www.enerjigazetesi.ist\/wp-content\/uploads\/2023\/12\/karbonsuzlasma-planlari-buyume-icin-bir-firsat-olarak-goruluyor-1.jpg\" alt=\"\" width=\"320\" height=\"240\" srcset=\"https:\/\/www.enerjigazetesi.ist\/wp-content\/uploads\/2023\/12\/karbonsuzlasma-planlari-buyume-icin-bir-firsat-olarak-goruluyor-1.jpg 550w, https:\/\/www.enerjigazetesi.ist\/wp-content\/uploads\/2023\/12\/karbonsuzlasma-planlari-buyume-icin-bir-firsat-olarak-goruluyor-1-300x225.jpg 300w, https:\/\/www.enerjigazetesi.ist\/wp-content\/uploads\/2023\/12\/karbonsuzlasma-planlari-buyume-icin-bir-firsat-olarak-goruluyor-1-500x375.jpg 500w, https:\/\/www.enerjigazetesi.ist\/wp-content\/uploads\/2023\/12\/karbonsuzlasma-planlari-buyume-icin-bir-firsat-olarak-goruluyor-1-67x50.jpg 67w\" sizes=\"(max-width: 320px) 100vw, 320px\" \/><\/strong>istiyorsak d\u00fcnya ekonomisini karbonsuz hale getirmeliyiz. K\u00fcresel i\u015fletmelerin karbon n\u00f6tr bir gelece\u011fe ge\u00e7i\u015f i\u00e7in ihtiya\u00e7 duyduklar\u0131 malzemeleri tedarik etmek ad\u0131na madencilik ve metal sekt\u00f6r\u00fcn\u00fcn \u00fcretimlerini h\u0131zla artt\u0131rmalar\u0131 gerekiyor. Bununla birlikte, bu art\u0131\u015f\u0131 \u00e7evreye zarar vermeden ger\u00e7ekle\u015ftirmeli ve faaliyetlerini daha az karbon sal\u0131n\u0131m\u0131 sa\u011flayacak \u015fekilde yeniden yap\u0131land\u0131rmal\u0131d\u0131rlar. Bu d\u00f6n\u00fc\u015f\u00fcm ise raporumuzu haz\u0131rlamak i\u00e7in g\u00f6r\u00fc\u015flerine ba\u015fvurdu\u011fumuz y\u00f6neticilere ve sekt\u00f6r oyuncular\u0131na ba\u011fl\u0131 olacakt\u0131r. \u015eirket y\u00f6neticilerinin sorumluluklar\u0131, \u00f6ncelikle sekt\u00f6r\u00fc daha s\u00fcrd\u00fcr\u00fclebilir bir yola y\u00f6nlendirmek ve t\u00fcm payda\u015flar\u0131 s\u00fcrd\u00fcr\u00fclebilirlik konusunda ikna edebilmektir. Ankete kat\u0131lan bir sekt\u00f6r y\u00f6neticisinin belirtti\u011fi gibi, metal ve minerallere olan ihtiya\u00e7 hi\u00e7 bu kadar y\u00fcksek olmam\u0131\u015ft\u0131, ancak yeni madenler a\u00e7mak da hi\u00e7 bu kadar zor olmam\u0131\u015ft\u0131. Ayn\u0131 zorluk, karbon emisyonunu azaltacak yeni s\u00fcre\u00e7lere h\u0131zla yat\u0131r\u0131m yapmak zorunda olan \u00e7elik ve di\u011fer metal \u00fcreticileri i\u00e7in de ge\u00e7erli oldu\u011funu s\u00f6yleyebiliriz. Raporumuzda, bu zorluklar ve ortaya \u00e7\u0131kan f\u0131rsatlar hakk\u0131nda \u00f6ng\u00f6r\u00fcler sunmay\u0131 ama\u00e7lad\u0131k.&#8221;<\/em> dedi.<\/p>\n<p>Raporun tamam\u0131na ula\u015fmak i\u00e7in <strong><a href=\"https:\/\/kpmg.com\/tr\/tr\/home\/gorusler\/2023\/12\/2023-kuresel-madencilik-ve-metal-sektoru-genel-gorunumu.html\" target=\"_blank\" rel=\"noopener\">T\u0131klay\u0131n&gt;&gt;<\/a><\/strong><\/p>","protected":false},"excerpt":{"rendered":"<p>Sorry, this entry is only available in Turkish. For the sake of viewer convenience, the content is shown below in the alternative language. You may click the link to switch the active language. KPMG&#8217;nin karbonsuzla\u015fma konusunda \u00fcst d\u00fczey y\u00f6neticilerin g\u00f6r\u00fc\u015flerini ald\u0131\u011f\u0131 \u201c2023 K\u00fcresel Madencilik ve Metal Sekt\u00f6r\u00fc Genel G\u00f6r\u00fcn\u00fcm\u00fc\u201d raporuna g\u00f6re k\u00fcresel ekonomi karbonsuz bir [&hellip;]<\/p>\n","protected":false},"author":1,"featured_media":182803,"comment_status":"open","ping_status":"open","sticky":false,"template":"","format":"standard","meta":[],"categories":[53,52],"tags":[42274,31929,26456,44204,111853],"views":28,"_links":{"self":[{"href":"https:\/\/www.enerjigazetesi.ist\/en\/wp-json\/wp\/v2\/posts\/182801"}],"collection":[{"href":"https:\/\/www.enerjigazetesi.ist\/en\/wp-json\/wp\/v2\/posts"}],"about":[{"href":"https:\/\/www.enerjigazetesi.ist\/en\/wp-json\/wp\/v2\/types\/post"}],"author":[{"embeddable":true,"href":"https:\/\/www.enerjigazetesi.ist\/en\/wp-json\/wp\/v2\/users\/1"}],"replies":[{"embeddable":true,"href":"https:\/\/www.enerjigazetesi.ist\/en\/wp-json\/wp\/v2\/comments?post=182801"}],"version-history":[{"count":0,"href":"https:\/\/www.enerjigazetesi.ist\/en\/wp-json\/wp\/v2\/posts\/182801\/revisions"}],"wp:featuredmedia":[{"embeddable":true,"href":"https:\/\/www.enerjigazetesi.ist\/en\/wp-json\/wp\/v2\/media\/182803"}],"wp:attachment":[{"href":"https:\/\/www.enerjigazetesi.ist\/en\/wp-json\/wp\/v2\/media?parent=182801"}],"wp:term":[{"taxonomy":"category","embeddable":true,"href":"https:\/\/www.enerjigazetesi.ist\/en\/wp-json\/wp\/v2\/categories?post=182801"},{"taxonomy":"post_tag","embeddable":true,"href":"https:\/\/www.enerjigazetesi.ist\/en\/wp-json\/wp\/v2\/tags?post=182801"}],"curies":[{"name":"wp","href":"https:\/\/api.w.org\/{rel}","templated":true}]}}