{"id":182773,"date":"2023-12-28T16:31:52","date_gmt":"2023-12-28T13:31:52","guid":{"rendered":"https:\/\/www.enerjigazetesi.ist\/?p=182773"},"modified":"2023-12-28T16:31:52","modified_gmt":"2023-12-28T13:31:52","slug":"inci-holding-te-cihan-elbirlik-donemi-basladi","status":"publish","type":"post","link":"https:\/\/www.enerjigazetesi.ist\/en\/inci-holding-te-cihan-elbirlik-donemi-basladi\/","title":{"rendered":"(Turkish) &#8217;\u0130nci Holding\u2019te Cihan Elbirlik D\u00f6nemi Ba\u015flad\u0131"},"content":{"rendered":"<p class=\"qtranxs-available-languages-message qtranxs-available-languages-message-en\">Sorry, this entry is only available in <a href=\"https:\/\/www.enerjigazetesi.ist\/tr\/wp-json\/wp\/v2\/posts\/182773\" class=\"qtranxs-available-language-link qtranxs-available-language-link-tr\" title=\"Turkish\">Turkish<\/a>. For the sake of viewer convenience, the content is shown below in the alternative language. You may click the link to switch the active language.<\/p><p><\/p>\n<h2>T\u00fcrkiye\u2019nin k\u00f6kl\u00fc kurulu\u015flar\u0131ndan \u0130nci Holding\u2019in y\u00f6neticileri ve \u00e7al\u0131\u015fanlar\u0131, Cevdet \u0130nci Onur Gecesi ve Ba\u015fkanl\u0131k Devir T\u00f6reni etkinli\u011finde bir araya geldi. Kurucu Cevdet \u0130nci\u2019nin an\u0131ld\u0131\u011f\u0131 gecede, y\u00f6netim kurulu ba\u015fkanl\u0131\u011f\u0131nda 8 y\u0131l\u0131n\u0131 tamamlayan Ne\u015fe G\u00f6k, d\u00fczenlenen t\u00f6renle g\u00f6revi kendisi gibi \u00fc\u00e7\u00fcnc\u00fc ku\u015fa\u011f\u0131n temsilcisi olan Cihan Elbirlik\u2019e devretti. Devir, geleneksel bir \u015fekilde Ba\u015fkanl\u0131k Devir sembol\u00fcn\u00fcn el de\u011fi\u015ftirmesiyle birlikte ger\u00e7ekle\u015ftirildi.<\/h2>\n<p style=\"text-align: center;\"><img loading=\"lazy\" class=\"aligncenter wp-image-182776\" src=\"https:\/\/www.enerjigazetesi.ist\/wp-content\/uploads\/2023\/12\/inci-holding-te-cihan-elbirlik-donemi-basladi-1.jpg\" alt=\"\" width=\"500\" height=\"281\" srcset=\"https:\/\/www.enerjigazetesi.ist\/wp-content\/uploads\/2023\/12\/inci-holding-te-cihan-elbirlik-donemi-basladi-1.jpg 550w, https:\/\/www.enerjigazetesi.ist\/wp-content\/uploads\/2023\/12\/inci-holding-te-cihan-elbirlik-donemi-basladi-1-300x169.jpg 300w, https:\/\/www.enerjigazetesi.ist\/wp-content\/uploads\/2023\/12\/inci-holding-te-cihan-elbirlik-donemi-basladi-1-500x281.jpg 500w, https:\/\/www.enerjigazetesi.ist\/wp-content\/uploads\/2023\/12\/inci-holding-te-cihan-elbirlik-donemi-basladi-1-80x45.jpg 80w\" sizes=\"(max-width: 500px) 100vw, 500px\" \/><\/p>\n<h3><strong>Daha B\u00fcy\u00fck \u0130\u015fler Ba\u015faraca\u011f\u0131z<\/strong><\/h3>\n<p>Veda konu\u015fmas\u0131nda 8 y\u0131l boyunca t\u00fcm \u00e7al\u0131\u015fma arkada\u015flar\u0131na emekleri i\u00e7in te\u015fekk\u00fcr eden G\u00f6k, kurucu merhum Cevdet \u0130nci\u2019den sonra en uzun ba\u015fkanl\u0131k yapan y\u00f6netici oldu\u011funu belirtti. T\u00fcm ge\u00e7mi\u015f d\u00f6nem Y\u00f6netim Kurulu Ba\u015fkanlar\u0131\u2019n\u0131n da Ne\u015fe G\u00f6k\u2019e te\u015fekk\u00fcr ettikleri, Cihan Elbirlik\u2019e el verdikleri t\u00f6rende <strong>\u0130nci Holding Yeni Y\u00f6netim Kurulu Ba\u015fkan\u0131 Cihan Elbirlik<\/strong>, <em>\u201c\u0130nci Holding olarak, d\u00fcnya otomotiv sekt\u00f6r\u00fcn\u00fcn \u00f6nde gelen \u015firketleri aras\u0131nda yer al\u0131yorsak kurucumuz Cevdet \u0130nci\u2019den devrald\u0131\u011f\u0131m\u0131z de\u011ferler sayesindedir. Onun giri\u015fimci ruhu ve vizyonu, kurumsal yap\u0131m\u0131z, demokratik ve \u015feffaf y\u00f6netim anlay\u0131\u015f\u0131m\u0131z bizi bug\u00fcnlere ta\u015f\u0131d\u0131. 3 nesildir de\u011fi\u015fiyor, geli\u015fiyor ve b\u00fcy\u00fcyoruz. Global i\u015f ortaklar\u0131m\u0131zla birlikte bilgi ve tecr\u00fcbelerimizi payla\u015f\u0131yor, yetenek ve altyap\u0131m\u0131z\u0131 g\u00fc\u00e7lendirmeye devam ediyoruz. Y\u0131llar \u00f6nce lasti\u011fe bak\u0131nca jant\u0131 ve ak\u00fcy\u00fc de i\u015f f\u0131rsat\u0131 olarak g\u00f6ren dedemizden \u00f6\u011frendiklerimiz \u00e7ok. Bug\u00fcn \u00fc\u00e7\u00fcnc\u00fc ku\u015fa\u011f\u0131n bir temsilcisi olarak ba\u015fkanl\u0131k bayra\u011f\u0131n\u0131 b\u00fcy\u00fck bir mutlulukla, gururla devral\u0131yorum. \u00a0\u0130nci Holding k\u00fclt\u00fcr\u00fcnden, deneyimlerinden ald\u0131\u011f\u0131m g\u00fc\u00e7le sizlerle birlikte daha b\u00fcy\u00fck i\u015fler ba\u015faraca\u011f\u0131m\u0131za y\u00fcrekten inan\u0131yorum\u201d<\/em> diye konu\u015ftu.<\/p>\n<h3><strong>S\u00fcrd\u00fcr\u00fclebilir ve Karl\u0131 B\u00fcy\u00fcmeye Devam Edece\u011fiz<\/strong><\/h3>\n<p><strong>\u0130nci Holding CEO ve Y\u00f6netim Kurulu \u00dcyesi Zeki \u015eafak Ozan<\/strong> ise Cevdet \u0130nci \u00d6d\u00fclleri\u2019nin genel \u015firket ba\u015far\u0131s\u0131na olumlu etkilerine vurgu yaparak,<em> \u201cCumhuriyetimizin 100. y\u0131l\u0131nda, 11 \u015firket, 9 fabrika ve 3 bin 200 \u00e7al\u0131\u015fan\u0131m\u0131z, 35 y\u0131lda kurdu\u011fumuz g\u00fc\u00e7l\u00fc global ortakl\u0131klar, yapt\u0131\u011f\u0131m\u0131z yat\u0131r\u0131mlar, sa\u011flad\u0131\u011f\u0131m\u0131z istihdam ile T\u00fcrkiye ekonomisi i\u00e7in de\u011fer yaratmaya, de\u011fi\u015fim ve geli\u015fim felsefemizi s\u00fcrd\u00fcrerek yeni yat\u0131r\u0131mlarla b\u00fcy\u00fcmeye devam ediyoruz. Son 5 y\u0131lda yapt\u0131\u011f\u0131m\u0131z yat\u0131r\u0131m tutar\u0131 250 milyon dolar\u0131 a\u015fm\u0131\u015f durumda. \u0130kinci 5 y\u0131lda ana faaliyet alanlar\u0131m\u0131zdaki s\u00fcrd\u00fcr\u00fclebilir karl\u0131 b\u00fcy\u00fcmenin artarak devam etmesinin yan\u0131nda bilhassa, teknoloji yat\u0131r\u0131mlar\u0131n\u0131n artt\u0131\u011f\u0131 ve giri\u015fim ekosistemiyle entegrasyon \u00e7al\u0131\u015fmalar\u0131n daha da h\u0131zland\u0131\u011f\u0131 bir d\u00f6nem olacak. Bize g\u00fc\u00e7 veren, pusulam\u0131z olan de\u011ferlerimiz ve e\u015fsiz insan kayna\u011f\u0131m\u0131z sayesinde yeni y\u0131lda da i\u015f ba\u015far\u0131lar\u0131m\u0131z\u0131n artarak devam edece\u011fine olan inanc\u0131m\u0131z tam\u201d<\/em> \u015feklinde konu\u015ftu.<\/p>\n<h3><strong>\u00d6d\u00fcller Sahiplerini Buldu<\/strong><\/h3>\n<p>Konu\u015fmalar\u0131n ard\u0131ndan<strong> \u201cCevdet \u0130nci Te\u015fvik \u00d6d\u00fclleri\u201d, \u201cToplumsal Mesaj \u00d6d\u00fclleri\u201d, \u201c\u0130\u00e7 Denetim \u00d6d\u00fclleri\u201d ve \u201c\u0130\u015f Sa\u011fl\u0131\u011f\u0131 ve G\u00fcvenli\u011fi \u00d6d\u00fcl\u00fc\u201d<\/strong> takdim edildi. <strong>\u201cCevdet \u0130nci Te\u015fvik \u00d6d\u00fclleri\u201d<\/strong> 2005 y\u0131l\u0131ndan bu yana \u0130nci Vakf\u0131 taraf\u0131ndan grup \u015firketlerinde \u00e7al\u0131\u015fan ve \u015firketinin veya biriminin \u00fcretimini, verimlili\u011fini ve hizmet kalitesini art\u0131ran ekiplere ve \u00e7al\u0131\u015fanlar\u0131na veriliyor. \u00a0AR-GE \/ \u00dcrge, \u00dcretim, Hizmet, \u0130novasyon ve Kurumsal Sosyal Sorumluluk kategorilerinde verilen Cevdet \u0130nci Te\u015fvik \u00d6d\u00fclleri\u2019nde bu y\u0131l 21 proje de\u011ferlendirildi. \u00a0T\u00fcm aday projeler, \u00d6n J\u00fcri ve Final J\u00fcri olmak \u00fczere 2 a\u015famal\u0131 bir de\u011ferlendirmeden ge\u00e7ti. \u00dcretim, Hizmet, AR-GE, ve Kurumsal Sosyal Sorumluluk kategorilerinde ba\u015fvuru yapan projeler aras\u0131ndan verimlilik a\u00e7\u0131s\u0131ndan en b\u00fcy\u00fck katk\u0131s\u0131 olan projeler \u00f6d\u00fcl\u00fcn sahibi oluyor. \u0130novasyon \u00d6zel \u00d6d\u00fcl\u00fc\u2019n\u00fcn sahibi ise di\u011fer kategorilere ba\u015fvuran projeler aras\u0131ndan j\u00fcri taraf\u0131ndan belirleniyor.<\/p>\n<p>\u0130nci Holding\u2019in \u00e7al\u0131\u015fanlar\u0131n \u00f6nerisi aras\u0131ndan se\u00e7ti\u011fi bu y\u0131lki Toplumsal Mesaj\u2019\u0131 da<strong> \u201cS\u00fcrd\u00fcr\u00fclebilir bir gelecek i\u00e7in \u00fcretimde sorumluluk, t\u00fcketimde fark\u0131ndal\u0131k.\u201d<\/strong> olarak belirlendi.<\/p>\n<p>\u0130zmir\u2019de \u0130stinyePark i\u00e7erisinde yer alan \u0130stinyeArt %100 Performans Arena\u2019da ger\u00e7ekle\u015fen gece Emir Ersoy ve Orkestras\u0131n\u0131n verdi\u011fi konserle sona erdi.<\/p>","protected":false},"excerpt":{"rendered":"<p>Sorry, this entry is only available in Turkish. For the sake of viewer convenience, the content is shown below in the alternative language. You may click the link to switch the active language. T\u00fcrkiye\u2019nin k\u00f6kl\u00fc kurulu\u015flar\u0131ndan \u0130nci Holding\u2019in y\u00f6neticileri ve \u00e7al\u0131\u015fanlar\u0131, Cevdet \u0130nci Onur Gecesi ve Ba\u015fkanl\u0131k Devir T\u00f6reni etkinli\u011finde bir araya geldi. Kurucu Cevdet [&hellip;]<\/p>\n","protected":false},"author":1,"featured_media":182775,"comment_status":"open","ping_status":"open","sticky":false,"template":"","format":"standard","meta":[],"categories":[51,53],"tags":[111850,111849,111848,40891,2257,37274,111626],"views":21,"_links":{"self":[{"href":"https:\/\/www.enerjigazetesi.ist\/en\/wp-json\/wp\/v2\/posts\/182773"}],"collection":[{"href":"https:\/\/www.enerjigazetesi.ist\/en\/wp-json\/wp\/v2\/posts"}],"about":[{"href":"https:\/\/www.enerjigazetesi.ist\/en\/wp-json\/wp\/v2\/types\/post"}],"author":[{"embeddable":true,"href":"https:\/\/www.enerjigazetesi.ist\/en\/wp-json\/wp\/v2\/users\/1"}],"replies":[{"embeddable":true,"href":"https:\/\/www.enerjigazetesi.ist\/en\/wp-json\/wp\/v2\/comments?post=182773"}],"version-history":[{"count":0,"href":"https:\/\/www.enerjigazetesi.ist\/en\/wp-json\/wp\/v2\/posts\/182773\/revisions"}],"wp:featuredmedia":[{"embeddable":true,"href":"https:\/\/www.enerjigazetesi.ist\/en\/wp-json\/wp\/v2\/media\/182775"}],"wp:attachment":[{"href":"https:\/\/www.enerjigazetesi.ist\/en\/wp-json\/wp\/v2\/media?parent=182773"}],"wp:term":[{"taxonomy":"category","embeddable":true,"href":"https:\/\/www.enerjigazetesi.ist\/en\/wp-json\/wp\/v2\/categories?post=182773"},{"taxonomy":"post_tag","embeddable":true,"href":"https:\/\/www.enerjigazetesi.ist\/en\/wp-json\/wp\/v2\/tags?post=182773"}],"curies":[{"name":"wp","href":"https:\/\/api.w.org\/{rel}","templated":true}]}}