{"id":182750,"date":"2023-12-28T15:19:04","date_gmt":"2023-12-28T12:19:04","guid":{"rendered":"https:\/\/www.enerjigazetesi.ist\/?p=182750"},"modified":"2023-12-28T15:19:04","modified_gmt":"2023-12-28T12:19:04","slug":"sedas-teknik-ekipleri-kacak-tuketim-ve-mevzuat-egitimi-ne-katildi","status":"publish","type":"post","link":"https:\/\/www.enerjigazetesi.ist\/en\/sedas-teknik-ekipleri-kacak-tuketim-ve-mevzuat-egitimi-ne-katildi\/","title":{"rendered":"(Turkish) SEDA\u015e Teknik Ekipleri &#8220;Ka\u00e7ak T\u00fcketim ve Mevzuat&#8221; E\u011fitimine Kat\u0131ld\u0131"},"content":{"rendered":"<p class=\"qtranxs-available-languages-message qtranxs-available-languages-message-en\">Sorry, this entry is only available in <a href=\"https:\/\/www.enerjigazetesi.ist\/tr\/wp-json\/wp\/v2\/posts\/182750\" class=\"qtranxs-available-language-link qtranxs-available-language-link-tr\" title=\"Turkish\">Turkish<\/a>. For the sake of viewer convenience, the content is shown below in the alternative language. You may click the link to switch the active language.<\/p><p><\/p>\n<h2><strong>SEDA\u015e e\u011fitim salonunda <\/strong><strong>ELDER taraf\u0131ndan ger\u00e7ekle\u015ftirilen e\u011fitimde m\u00fchendislere, elektrik enerjisinin yasal olmayan yollarla t\u00fcketilmesine y\u00f6nelik uygulama ve teorik y\u00f6ntemlerle ilgili bilgileri peki\u015ftirildi.<\/strong><\/h2>\n<p style=\"text-align: center;\"><img loading=\"lazy\" class=\"aligncenter wp-image-182753\" src=\"https:\/\/www.enerjigazetesi.ist\/wp-content\/uploads\/2023\/12\/sedas-teknik-ekipleri-kacak-tuketim-ve-mevzuat-egitimi-ne-katildi-1.jpg\" alt=\"\" width=\"500\" height=\"195\" srcset=\"https:\/\/www.enerjigazetesi.ist\/wp-content\/uploads\/2023\/12\/sedas-teknik-ekipleri-kacak-tuketim-ve-mevzuat-egitimi-ne-katildi-1.jpg 550w, https:\/\/www.enerjigazetesi.ist\/wp-content\/uploads\/2023\/12\/sedas-teknik-ekipleri-kacak-tuketim-ve-mevzuat-egitimi-ne-katildi-1-300x117.jpg 300w, https:\/\/www.enerjigazetesi.ist\/wp-content\/uploads\/2023\/12\/sedas-teknik-ekipleri-kacak-tuketim-ve-mevzuat-egitimi-ne-katildi-1-500x195.jpg 500w, https:\/\/www.enerjigazetesi.ist\/wp-content\/uploads\/2023\/12\/sedas-teknik-ekipleri-kacak-tuketim-ve-mevzuat-egitimi-ne-katildi-1-80x31.jpg 80w\" sizes=\"(max-width: 500px) 100vw, 500px\" \/><\/p>\n<p>Elektrik Da\u011f\u0131t\u0131m Hizmetleri Derne\u011fi (ELDER), 20 bin kilometrekarelik alanda 2 milyonu a\u015fk\u0131n m\u00fc\u015fteriye enerji da\u011f\u0131t\u0131m hizmeti sunan <strong>Sakarya Elektrik Da\u011f\u0131t\u0131m A.\u015e. (SEDA\u015e) m\u00fchendisleri<\/strong> i\u00e7in <strong>\u201cKa\u00e7ak T\u00fcketimi ve Mevzuat E\u011fitimi\u201d<\/strong> d\u00fczenledi. SEDA\u015e e\u011fitim salonunda ger\u00e7ekle\u015fen e\u011fitime, <strong>al\u00e7ak gerilim-orta gerilim (AG-OG) da\u011f\u0131t\u0131m \u015febekesi<\/strong>nde, <strong>i\u015fletme bak\u0131m-onar\u0131m \u00e7al\u0131\u015fmalar\u0131<\/strong> ile <strong>\u00f6l\u00e7\u00fc devre saha \u00e7al\u0131\u015fmalar\u0131nda<\/strong> g\u00f6rev alan <strong>17 elektrik<\/strong> ve <strong>elektrik-elektronik m\u00fchendisi, elektrik teknikeri<\/strong> ve <strong>teknisyenleri<\/strong> kat\u0131ld\u0131.<\/p>\n<p>Ka\u00e7ak elektrik ve usuls\u00fcz kullan\u0131ma kar\u015f\u0131 m\u00fccadelesini ba\u015far\u0131yla s\u00fcrd\u00fcren SEDA\u015e ekipleri, yapt\u0131klar\u0131 denetimlerde tespit edilen ka\u00e7ak kullan\u0131mlar\u0131 tutanakla kay\u0131t alt\u0131na al\u0131rken vatanda\u015flara y\u00f6nelik hayati riskleri azaltmak amac\u0131yla <strong>\u015febekede g\u00f6r\u00fclen ka\u00e7ak elektrik ba\u011flant\u0131lar\u0131n\u0131 iptal ediyor<\/strong>. Ka\u00e7ak elektrik kullan\u0131m\u0131yla ilgili periyodik denetim ve bilin\u00e7lendirme \u00e7al\u0131\u015fmalar\u0131n\u0131 y\u0131l boyu s\u00fcrd\u00fcren SEDA\u015e, ELDER\u2019in <strong>\u201cKa\u00e7ak T\u00fcketimi ve Mevzuat E\u011fitimi\u201d<\/strong> ile yetkinliklerini daha da g\u00fc\u00e7lendiriyor.<\/p>\n<p>Elektrik enerjisinin yasal olmayan yollarla t\u00fcketilmesinin \u00f6n\u00fcne ge\u00e7meleri, uygulama ve teorik konulardaki mevzuat do\u011frultusunda tespit yapabilmeleri amac\u0131yla verilen 2 g\u00fcnl\u00fck e\u011fitimde SEDA\u015e teknik ekiplerinin bilgi ve deneyimleri payla\u015f\u0131l\u0131rken, <strong>ka\u00e7ak t\u00fcketiminin tan\u0131t\u0131m\u0131<\/strong> ve<strong> \u00e7e\u015fitleri<\/strong> anlat\u0131ld\u0131.<\/p>\n<p>T\u00fcketime esas elektrik saya\u00e7lar\u0131, saya\u00e7 \u00f6l\u00e7\u00fc devrelerinde m\u00fch\u00fcrleme \u00e7e\u015fitleri ve saha uygulamalar\u0131n\u0131n yap\u0131ld\u0131\u011f\u0131n\u0131 aktaran SEDA\u015e y\u00f6neticileri, <em>\u201cE\u011fitimler ile elektrik da\u011f\u0131t\u0131m sekt\u00f6r\u00fcn\u00fcn g\u00fcncel ihtiya\u00e7lar\u0131na uygun nitelikli i\u015fg\u00fcc\u00fcne ve ara kademe teknik \u00e7al\u0131\u015fanlar\u0131na yat\u0131r\u0131m yap\u0131yor, gelece\u011fin elektrik da\u011f\u0131t\u0131m sekt\u00f6r\u00fc \u00e7al\u0131\u015fanlar\u0131n\u0131n kesintisiz enerjinin ana g\u00fcndem maddesi ka\u00e7akla m\u00fccadele konusunda fark\u0131ndal\u0131\u011f\u0131m\u0131z\u0131 art\u0131r\u0131yoruz. ELDER\u2019e enerji da\u011f\u0131t\u0131m\u0131nda kritik \u00f6neme sahip bilgilendiren ve fark\u0131ndal\u0131k yaratan e\u011fitimler i\u00e7in te\u015fekk\u00fcr ediyoruz\u201d<\/em> dedi.<\/p>","protected":false},"excerpt":{"rendered":"<p>Sorry, this entry is only available in Turkish. For the sake of viewer convenience, the content is shown below in the alternative language. You may click the link to switch the active language. SEDA\u015e e\u011fitim salonunda ELDER taraf\u0131ndan ger\u00e7ekle\u015ftirilen e\u011fitimde m\u00fchendislere, elektrik enerjisinin yasal olmayan yollarla t\u00fcketilmesine y\u00f6nelik uygulama ve teorik y\u00f6ntemlerle ilgili bilgileri peki\u015ftirildi. [&hellip;]<\/p>\n","protected":false},"author":1,"featured_media":182752,"comment_status":"open","ping_status":"open","sticky":false,"template":"","format":"standard","meta":[],"categories":[51,53],"tags":[1824,4546,111838,2444],"views":32,"_links":{"self":[{"href":"https:\/\/www.enerjigazetesi.ist\/en\/wp-json\/wp\/v2\/posts\/182750"}],"collection":[{"href":"https:\/\/www.enerjigazetesi.ist\/en\/wp-json\/wp\/v2\/posts"}],"about":[{"href":"https:\/\/www.enerjigazetesi.ist\/en\/wp-json\/wp\/v2\/types\/post"}],"author":[{"embeddable":true,"href":"https:\/\/www.enerjigazetesi.ist\/en\/wp-json\/wp\/v2\/users\/1"}],"replies":[{"embeddable":true,"href":"https:\/\/www.enerjigazetesi.ist\/en\/wp-json\/wp\/v2\/comments?post=182750"}],"version-history":[{"count":0,"href":"https:\/\/www.enerjigazetesi.ist\/en\/wp-json\/wp\/v2\/posts\/182750\/revisions"}],"wp:featuredmedia":[{"embeddable":true,"href":"https:\/\/www.enerjigazetesi.ist\/en\/wp-json\/wp\/v2\/media\/182752"}],"wp:attachment":[{"href":"https:\/\/www.enerjigazetesi.ist\/en\/wp-json\/wp\/v2\/media?parent=182750"}],"wp:term":[{"taxonomy":"category","embeddable":true,"href":"https:\/\/www.enerjigazetesi.ist\/en\/wp-json\/wp\/v2\/categories?post=182750"},{"taxonomy":"post_tag","embeddable":true,"href":"https:\/\/www.enerjigazetesi.ist\/en\/wp-json\/wp\/v2\/tags?post=182750"}],"curies":[{"name":"wp","href":"https:\/\/api.w.org\/{rel}","templated":true}]}}