{"id":182730,"date":"2023-12-27T16:53:24","date_gmt":"2023-12-27T13:53:24","guid":{"rendered":"https:\/\/www.enerjigazetesi.ist\/?p=182730"},"modified":"2023-12-27T16:53:46","modified_gmt":"2023-12-27T13:53:46","slug":"cin-in-yenilenebilir-enerji-kapasitesi-termik-enerjiyi-gecti","status":"publish","type":"post","link":"https:\/\/www.enerjigazetesi.ist\/en\/cin-in-yenilenebilir-enerji-kapasitesi-termik-enerjiyi-gecti\/","title":{"rendered":"(Turkish) \u00c7in\u2019in Yenilenebilir Enerji Kapasitesi Termik Enerjiyi Ge\u00e7ti"},"content":{"rendered":"<p class=\"qtranxs-available-languages-message qtranxs-available-languages-message-en\">Sorry, this entry is only available in <a href=\"https:\/\/www.enerjigazetesi.ist\/tr\/wp-json\/wp\/v2\/posts\/182730\" class=\"qtranxs-available-language-link qtranxs-available-language-link-tr\" title=\"Turkish\">Turkish<\/a>. For the sake of viewer convenience, the content is shown below in the alternative language. You may click the link to switch the active language.<\/p><p><\/p>\n<h2>\u00c7in\u2019in yenilenebilir enerji kapasitesi ilk kez termik enerjiyi ge\u00e7erek \u00fclkenin kurulu elektrik \u00fcretim kapasitesinin yar\u0131s\u0131ndan fazlas\u0131n\u0131 olu\u015fturdu.<\/h2>\n<p style=\"text-align: center;\"><img loading=\"lazy\" class=\"aligncenter wp-image-182732\" src=\"https:\/\/www.enerjigazetesi.ist\/wp-content\/uploads\/2023\/12\/cin-in-yenilenebilir-enerji-kapasitesi-termik-enerjiyi-gecti.jpg\" alt=\"\" width=\"500\" height=\"321\" srcset=\"https:\/\/www.enerjigazetesi.ist\/wp-content\/uploads\/2023\/12\/cin-in-yenilenebilir-enerji-kapasitesi-termik-enerjiyi-gecti.jpg 550w, https:\/\/www.enerjigazetesi.ist\/wp-content\/uploads\/2023\/12\/cin-in-yenilenebilir-enerji-kapasitesi-termik-enerjiyi-gecti-300x193.jpg 300w, https:\/\/www.enerjigazetesi.ist\/wp-content\/uploads\/2023\/12\/cin-in-yenilenebilir-enerji-kapasitesi-termik-enerjiyi-gecti-500x321.jpg 500w, https:\/\/www.enerjigazetesi.ist\/wp-content\/uploads\/2023\/12\/cin-in-yenilenebilir-enerji-kapasitesi-termik-enerjiyi-gecti-78x50.jpg 78w\" sizes=\"(max-width: 500px) 100vw, 500px\" \/><\/p>\n<p>Ulusal Enerji \u0130daresi\u2019nin verilerine g\u00f6re, r\u00fczgar enerjisi, g\u00fcne\u015f enerjisi, hidroelektrik ve biyok\u00fctle enerjisini i\u00e7eren yenilenebilir enerjinin kurulu elektrik \u00fcretim kapasitesi bu y\u0131l \u015fimdiye kadar<strong> 1,45 milyar kW\u2019ye<\/strong> ula\u015ft\u0131.<\/p>\n<p>\u00c7in&#8217;in toplam elektrik \u00fcretim kapasitesi bir \u00f6nceki y\u0131la g\u00f6re<strong> y\u00fczde 12,9<\/strong> art\u0131\u015fla yakla\u015f\u0131k <strong>2,9 milyar kW\u2019ye<\/strong> \u00e7\u0131kt\u0131. \u0130dareye g\u00f6re, \u00fclkenin r\u00fczgar enerjisi ve g\u00fcne\u015f enerjisinin geli\u015fimini h\u0131zland\u0131rma \u00e7abalar\u0131 devam ederken, bu ikisinin birle\u015fik elektrik \u00fcretim kapasitesi bir milyar kilovat\u0131 a\u015farak \u00fclkenin yeni kurulan enerji \u00fcretim kapasitesinde \u00f6nemli bir paya sahip oldu.<\/p>\n<p>Verilere g\u00f6re, <strong>yenilenebilir enerji<\/strong> \u015fu anda \u00fclkenin toplam enerji t\u00fcketiminin<strong> yakla\u015f\u0131k \u00fc\u00e7te birini<\/strong> sa\u011flarken, <strong>r\u00fczgar enerjisi ve g\u00fcne\u015f enerjisi<\/strong> toplam enerji kullan\u0131m\u0131n\u0131n<strong> y\u00fczde 15&#8217;inden<\/strong> fazlas\u0131n\u0131 olu\u015fturuyor.<\/p>\n<p><strong>Kaynak:\u00a0<\/strong><a href=\"https:\/\/www.sondakika.com\/guncel\/haber-cin-in-yenilenebilir-enerji-kapasitesi-termik-ener-16652855\/#google_vignette\" target=\"_blank\" rel=\"noopener\"><strong>Son Dakika<\/strong><\/a><\/p>","protected":false},"excerpt":{"rendered":"<p>Sorry, this entry is only available in Turkish. For the sake of viewer convenience, the content is shown below in the alternative language. You may click the link to switch the active language. \u00c7in\u2019in yenilenebilir enerji kapasitesi ilk kez termik enerjiyi ge\u00e7erek \u00fclkenin kurulu elektrik \u00fcretim kapasitesinin yar\u0131s\u0131ndan fazlas\u0131n\u0131 olu\u015fturdu. Ulusal Enerji \u0130daresi\u2019nin verilerine g\u00f6re, [&hellip;]<\/p>\n","protected":false},"author":1,"featured_media":182732,"comment_status":"open","ping_status":"open","sticky":false,"template":"","format":"standard","meta":[],"categories":[53,50],"tags":[1678,886,4996,13,70,16,105],"views":52,"_links":{"self":[{"href":"https:\/\/www.enerjigazetesi.ist\/en\/wp-json\/wp\/v2\/posts\/182730"}],"collection":[{"href":"https:\/\/www.enerjigazetesi.ist\/en\/wp-json\/wp\/v2\/posts"}],"about":[{"href":"https:\/\/www.enerjigazetesi.ist\/en\/wp-json\/wp\/v2\/types\/post"}],"author":[{"embeddable":true,"href":"https:\/\/www.enerjigazetesi.ist\/en\/wp-json\/wp\/v2\/users\/1"}],"replies":[{"embeddable":true,"href":"https:\/\/www.enerjigazetesi.ist\/en\/wp-json\/wp\/v2\/comments?post=182730"}],"version-history":[{"count":0,"href":"https:\/\/www.enerjigazetesi.ist\/en\/wp-json\/wp\/v2\/posts\/182730\/revisions"}],"wp:featuredmedia":[{"embeddable":true,"href":"https:\/\/www.enerjigazetesi.ist\/en\/wp-json\/wp\/v2\/media\/182732"}],"wp:attachment":[{"href":"https:\/\/www.enerjigazetesi.ist\/en\/wp-json\/wp\/v2\/media?parent=182730"}],"wp:term":[{"taxonomy":"category","embeddable":true,"href":"https:\/\/www.enerjigazetesi.ist\/en\/wp-json\/wp\/v2\/categories?post=182730"},{"taxonomy":"post_tag","embeddable":true,"href":"https:\/\/www.enerjigazetesi.ist\/en\/wp-json\/wp\/v2\/tags?post=182730"}],"curies":[{"name":"wp","href":"https:\/\/api.w.org\/{rel}","templated":true}]}}