{"id":182718,"date":"2023-12-27T16:02:23","date_gmt":"2023-12-27T13:02:23","guid":{"rendered":"https:\/\/www.enerjigazetesi.ist\/?p=182718"},"modified":"2023-12-27T16:03:19","modified_gmt":"2023-12-27T13:03:19","slug":"24-aralikta-ulusal-elektrigin-yuzde-52-si-yenilenebilir-enerji-ile-uretildi","status":"publish","type":"post","link":"https:\/\/www.enerjigazetesi.ist\/en\/24-aralikta-ulusal-elektrigin-yuzde-52-si-yenilenebilir-enerji-ile-uretildi\/","title":{"rendered":"(Turkish) 24 Aral\u0131k&#8217;ta Ulusal Elektri\u011fin % 52\u2019si Yenilenebilir Enerji ile \u00dcretildi"},"content":{"rendered":"<p class=\"qtranxs-available-languages-message qtranxs-available-languages-message-en\">Sorry, this entry is only available in <a href=\"https:\/\/www.enerjigazetesi.ist\/tr\/wp-json\/wp\/v2\/posts\/182718\" class=\"qtranxs-available-language-link qtranxs-available-language-link-tr\" title=\"Turkish\">Turkish<\/a>. For the sake of viewer convenience, the content is shown below in the alternative language. You may click the link to switch the active language.<\/p><p><\/p>\n<h2><strong>T\u00fcrkiye Elektrik \u0130letim A.\u015e. (TE\u0130A\u015e) verilerine g\u00f6re 24 Aral\u0131k Pazar g\u00fcn\u00fc \u00fclke genelindeki t\u00fcm kaynaklardan 759 GWh elektrik \u00fcretildi. Bu rakam\u0131n alt\u0131na en son 19 Kas\u0131m tarihli 752 GWh\u2019lik \u00fcretim ile inilmi\u015fti.<\/strong><\/h2>\n<p style=\"text-align: center;\"><img loading=\"lazy\" class=\"aligncenter wp-image-182720\" src=\"https:\/\/www.enerjigazetesi.ist\/wp-content\/uploads\/2023\/12\/24-aralikta-ulusal-elektrigin-yuzde-52-si-yenilenebilir-enerji-ile-uretildi.jpg\" alt=\"\" width=\"500\" height=\"365\" srcset=\"https:\/\/www.enerjigazetesi.ist\/wp-content\/uploads\/2023\/12\/24-aralikta-ulusal-elektrigin-yuzde-52-si-yenilenebilir-enerji-ile-uretildi.jpg 550w, https:\/\/www.enerjigazetesi.ist\/wp-content\/uploads\/2023\/12\/24-aralikta-ulusal-elektrigin-yuzde-52-si-yenilenebilir-enerji-ile-uretildi-300x219.jpg 300w, https:\/\/www.enerjigazetesi.ist\/wp-content\/uploads\/2023\/12\/24-aralikta-ulusal-elektrigin-yuzde-52-si-yenilenebilir-enerji-ile-uretildi-500x365.jpg 500w, https:\/\/www.enerjigazetesi.ist\/wp-content\/uploads\/2023\/12\/24-aralikta-ulusal-elektrigin-yuzde-52-si-yenilenebilir-enerji-ile-uretildi-69x50.jpg 69w\" sizes=\"(max-width: 500px) 100vw, 500px\" \/><\/p>\n<p>Montel-Foreks\u2019in haberine g\u00f6re ayn\u0131 g\u00fcn k\u00fcm\u00fclatif olarak <strong>395 GWh<\/strong> elektrik \u00fcreten yenilenebilir enerji filosu, ulusal \u00fcretimin <strong>%52,06<\/strong>\u2019l\u0131k b\u00f6l\u00fcm\u00fcn\u00fc olu\u015fturdu.<\/p>\n<p>Pazar g\u00fcn\u00fc toplam <strong>364 GWh<\/strong>\u2019e yak\u0131n elektrik \u00fcreten fosil yak\u0131tlara dayal\u0131 tesisler ise ulusal \u00fcretimde <strong>%47,94<\/strong>\u2019l\u00fck bir paya sahip oldu.<\/p>\n<p>TE\u0130A\u015e verilerine g\u00f6re Pazar g\u00fcn\u00fc \u00fclke genelinde<strong> 774 GWh\u2019e<\/strong> yak\u0131n elektrik t\u00fcketildi. Bu rakam\u0131n alt\u0131na en son <strong>3 Aral\u0131k<\/strong> tarihli <strong>772 GWh\u2019lik<\/strong> t\u00fcketim ile inilmi\u015fti.<\/p>","protected":false},"excerpt":{"rendered":"<p>Sorry, this entry is only available in Turkish. For the sake of viewer convenience, the content is shown below in the alternative language. You may click the link to switch the active language. T\u00fcrkiye Elektrik \u0130letim A.\u015e. (TE\u0130A\u015e) verilerine g\u00f6re 24 Aral\u0131k Pazar g\u00fcn\u00fc \u00fclke genelindeki t\u00fcm kaynaklardan 759 GWh elektrik \u00fcretildi. Bu rakam\u0131n alt\u0131na [&hellip;]<\/p>\n","protected":false},"author":1,"featured_media":182720,"comment_status":"open","ping_status":"open","sticky":false,"template":"","format":"standard","meta":[],"categories":[51,53],"tags":[18,1582,4309,105],"views":37,"_links":{"self":[{"href":"https:\/\/www.enerjigazetesi.ist\/en\/wp-json\/wp\/v2\/posts\/182718"}],"collection":[{"href":"https:\/\/www.enerjigazetesi.ist\/en\/wp-json\/wp\/v2\/posts"}],"about":[{"href":"https:\/\/www.enerjigazetesi.ist\/en\/wp-json\/wp\/v2\/types\/post"}],"author":[{"embeddable":true,"href":"https:\/\/www.enerjigazetesi.ist\/en\/wp-json\/wp\/v2\/users\/1"}],"replies":[{"embeddable":true,"href":"https:\/\/www.enerjigazetesi.ist\/en\/wp-json\/wp\/v2\/comments?post=182718"}],"version-history":[{"count":0,"href":"https:\/\/www.enerjigazetesi.ist\/en\/wp-json\/wp\/v2\/posts\/182718\/revisions"}],"wp:featuredmedia":[{"embeddable":true,"href":"https:\/\/www.enerjigazetesi.ist\/en\/wp-json\/wp\/v2\/media\/182720"}],"wp:attachment":[{"href":"https:\/\/www.enerjigazetesi.ist\/en\/wp-json\/wp\/v2\/media?parent=182718"}],"wp:term":[{"taxonomy":"category","embeddable":true,"href":"https:\/\/www.enerjigazetesi.ist\/en\/wp-json\/wp\/v2\/categories?post=182718"},{"taxonomy":"post_tag","embeddable":true,"href":"https:\/\/www.enerjigazetesi.ist\/en\/wp-json\/wp\/v2\/tags?post=182718"}],"curies":[{"name":"wp","href":"https:\/\/api.w.org\/{rel}","templated":true}]}}