{"id":182689,"date":"2023-12-27T14:32:32","date_gmt":"2023-12-27T11:32:32","guid":{"rendered":"https:\/\/www.enerjigazetesi.ist\/?p=182689"},"modified":"2023-12-27T14:37:40","modified_gmt":"2023-12-27T11:37:40","slug":"gunes-panelleri-nin-vizesi-tuv-austria-turk-ten-geciyor","status":"publish","type":"post","link":"https:\/\/www.enerjigazetesi.ist\/en\/gunes-panelleri-nin-vizesi-tuv-austria-turk-ten-geciyor\/","title":{"rendered":"(Turkish) G\u00fcne\u015f Panellerinin Vizesi &#8216;T\u00dcV AUSTRIA TURK&#8217;ten Ge\u00e7iyor"},"content":{"rendered":"<p class=\"qtranxs-available-languages-message qtranxs-available-languages-message-en\">Sorry, this entry is only available in <a href=\"https:\/\/www.enerjigazetesi.ist\/tr\/wp-json\/wp\/v2\/posts\/182689\" class=\"qtranxs-available-language-link qtranxs-available-language-link-tr\" title=\"Turkish\">Turkish<\/a>. For the sake of viewer convenience, the content is shown below in the alternative language. You may click the link to switch the active language.<\/p><p><\/p>\n<h2><strong>T\u00fcrkiye G\u00fcne\u015f paneli \u00fcretim \u00fcss\u00fcne d\u00f6n\u00fc\u015f\u00fcrken bu panellerin istenilen verime ve dayan\u0131kl\u0131l\u0131\u011fa sahip olmas\u0131, santral projelerinin verimli bir \u015fekilde i\u015flemesi i\u00e7in akredite bir denetime ve belgelendirmeye ihtiya\u00e7 duyuluyor. K\u00fcresel \u00f6l\u00e7ekte g\u00fc\u00e7l\u00fc bir belgelendirme kurulu\u015fu olan T\u00dcV AUSTRIA TURK, panelleri ve santralleri belgelendirirken yenilenebilir enerji sekt\u00f6r\u00fcn\u00fcn verimlili\u011fine katk\u0131 sa\u011fl\u0131yor.<\/strong><\/h2>\n<p>Jeopolitik geli\u015fmelerin \u00fclkelerin arz g\u00fcvenli\u011fine yaratt\u0131\u011f\u0131 tehditler, iklim krizinin y\u0131k\u0131c\u0131 etkileri, g\u00fcne\u015f ve r\u00fczg\u00e2r gibi yenilenebilir enerji kaynaklar\u0131na olan ilgiyi daha da art\u0131r\u0131yor. Solar Power Europe\u2019un ge\u00e7ti\u011fimiz Haziran ay\u0131nda a\u00e7\u0131klad\u0131\u011f\u0131<strong> \u2018G\u00fcne\u015f Enerjisi K\u00fcresel Piyasa G\u00f6r\u00fcn\u00fcm\u00fc 2023-2027\u2019<\/strong> raporuna g\u00f6re, ge\u00e7ti\u011fimiz y\u0131l k\u00fcresel \u00f6l\u00e7ekte elektrik \u00fcretimi <strong>1040<\/strong> teravatsaatten <strong>1289<\/strong> teravatsaate y\u00fckseldi. Yine ayn\u0131 rapora g\u00f6re 2027 y\u0131l\u0131na kadar d\u00fcnya genelinde <strong>800 gigavat<\/strong> b\u00fcy\u00fckl\u00fc\u011f\u00fcnde <strong>yeni g\u00fcne\u015f santralleri<\/strong> devreye girecek. T\u00fcrkiye\u2019de de son y\u0131llarda artan g\u00fcne\u015f santrali yat\u0131r\u0131mlar\u0131 sayesinde toplam kurulu g\u00fc\u00e7<strong> 10 bin megavat (MW) b\u00fcy\u00fckl\u00fc\u011fe<\/strong> yakla\u015fm\u0131\u015f durumda. \u00d6zellikle Avrupa Ye\u015fil Mutabakat\u0131 ve S\u0131n\u0131rda Karbon Vergisi D\u00fczenlemesi nedeniyle \u015firketlerin karbon emisyonlar\u0131n\u0131 azaltmak i\u00e7in g\u00fcne\u015f santralleri yat\u0131r\u0131mlar\u0131na y\u00f6nelmesi, kurulu g\u00fcne\u015f santrali g\u00fcc\u00fcn\u00fc h\u0131zl\u0131 bir \u015fekilde art\u0131racak gibi g\u00f6r\u00fcn\u00fcyor. T\u00fcrkiye santral yat\u0131r\u0131mlar\u0131n\u0131n yan\u0131 s\u0131ra g\u00fcne\u015f paneli \u00fcretimiyle de<strong><img loading=\"lazy\" class=\"alignright wp-image-182692\" src=\"https:\/\/www.enerjigazetesi.ist\/wp-content\/uploads\/2023\/12\/gunes-panelleri-nin-vizesi-tuv-austria-turk-ten-geciyor-1.jpg\" alt=\"\" width=\"320\" height=\"213\" srcset=\"https:\/\/www.enerjigazetesi.ist\/wp-content\/uploads\/2023\/12\/gunes-panelleri-nin-vizesi-tuv-austria-turk-ten-geciyor-1.jpg 550w, https:\/\/www.enerjigazetesi.ist\/wp-content\/uploads\/2023\/12\/gunes-panelleri-nin-vizesi-tuv-austria-turk-ten-geciyor-1-300x200.jpg 300w, https:\/\/www.enerjigazetesi.ist\/wp-content\/uploads\/2023\/12\/gunes-panelleri-nin-vizesi-tuv-austria-turk-ten-geciyor-1-500x333.jpg 500w, https:\/\/www.enerjigazetesi.ist\/wp-content\/uploads\/2023\/12\/gunes-panelleri-nin-vizesi-tuv-austria-turk-ten-geciyor-1-75x50.jpg 75w, https:\/\/www.enerjigazetesi.ist\/wp-content\/uploads\/2023\/12\/gunes-panelleri-nin-vizesi-tuv-austria-turk-ten-geciyor-1-450x300.jpg 450w\" sizes=\"(max-width: 320px) 100vw, 320px\" \/><\/strong> dikkat \u00e7ekiyor. \u0130\u00e7 pazara ve daha \u00e7ok ihracata y\u00f6nelik \u00e7ok say\u0131da g\u00fcne\u015f paneli \u00fcreticisi T\u00fcrkiye pazar\u0131nda yer al\u0131yor. T\u00fcrkiye\u2019nin b\u00fcy\u00fcyen panel \u00fcretimi ve i\u00e7 talebine dikkat \u00e7eken <strong>T\u00dcV AUSTRIA TURK Enerji ve Teknoloji B\u00f6l\u00fcm M\u00fcd\u00fcr\u00fc M\u00fcge Okumu\u015f<\/strong>:<em> \u201cG\u00fcne\u015f santralleri kurulumunda yerlilik oran\u0131 artt\u0131k\u00e7a kamudan al\u0131nan te\u015fvik miktar\u0131 da art\u0131yor. T\u00fcrkiye \u00e7ok \u00f6nemli bir panel \u00fcreticisi konumunda geldi ve pazarda \u00e7ok say\u0131da panel \u00fcreticisi bulunuyor. T\u00dcV AUSTRIA TURK olarak bu panellerin ve kurulan santrallerin belgelendirilmesine talibiz. Son d\u00f6nemde bu y\u00f6nde talep artt\u0131\u011f\u0131n\u0131 s\u00f6yleyebiliriz. \u015eirket olarak <strong>g\u00fcne\u015f panelleri ve santrallerin belgelendirmesini<\/strong> sa\u011fl\u0131yoruz\u201d<\/em> diyor.<\/p>\n<h3><strong>40 M\u0130LYON DOLARA KURULAN B\u0130R SANTRAL \u0130\u015eLEVS\u0130Z HALE GELEB\u0130L\u0130YOR\u00a0 <\/strong><\/h3>\n<p>G\u00fcne\u015f santrallerinin verimli \u00e7al\u0131\u015fmas\u0131 panellerin dayanakl\u0131l\u0131\u011f\u0131, g\u00fcvenli\u011fi ve performans\u0131n\u0131n yan\u0131 s\u0131ra santrali olu\u015fturan b\u00fct\u00fcn par\u00e7alar\u0131n birbiriyle uyumlu olmas\u0131nda ge\u00e7iyor. Panellerin istenilen standartlarda olabilmesi i\u00e7in <strong>\u00e7ok say\u0131da testten ge\u00e7mesi<\/strong> ve<strong> belgelendirilmesi<\/strong> b\u00fcy\u00fck \u00f6nem ta\u015f\u0131yor. Her ne kadar bir g\u00fcne\u015f paneli k\u00fc\u00e7\u00fck g\u00f6r\u00fcnse de bu panellerin testlerinin maliyetli bir i\u015f oldu\u011funa dikkat \u00e7eken M\u00fcge Okumu\u015f, <em>\u201cT\u00fcrkiye\u2019den panel ihracat\u0131 yapmak istiyorsan\u0131z b\u00fct\u00fcn bu testlerin yap\u0131l\u0131p belgelendirilmesi gerekiyor. G\u00fcne\u015f santrali yat\u0131r\u0131mc\u0131lar\u0131 D\u00fcnya Bankas\u0131, EBRD gibi kurulu\u015flardan kredi alabilmesi i\u00e7in de bu belgelere ihtiya\u00e7 duyuyor. Uluslararas\u0131 akredite g\u00fc\u00e7l\u00fc bir \u015firket olarak belgelendirmede \u00e7\u00f6z\u00fcm orta\u011f\u0131 oluyoruz diyor ve ekliyor: \u201cBir end\u00fcstri tesisi i\u00e7in 10 MW b\u00fcy\u00fckl\u00fc\u011f\u00fcndeki g\u00fcne\u015f santrali 6-7 milyon dolara mal oluyor. Bu santrali kurulmas\u0131 esnas\u0131nda panellerde ya da sistemin b\u00fct\u00fcn\u00fcnde yap\u0131lacak bir hata b\u00fct\u00fcn bu yat\u0131r\u0131m\u0131n bo\u015fa \u00e7\u0131kmas\u0131na neden oluyor. 40 milyon dolara mal olmu\u015f bir santralin adeta \u00e7\u00f6p oldu\u011funu g\u00f6rd\u00fck. B\u00f6yle bir durumda Santral in\u015fa eden \u015firketle yat\u0131r\u0131mc\u0131 daval\u0131k oluyor. Ayr\u0131ca milli servet bo\u015fa harcan\u0131yor. <strong>T\u00dcV Austria<\/strong> olarak bu olumsuzluklar\u0131n ya\u015fanmamas\u0131 i\u00e7in <strong>g\u00fcne\u015f enerji sistemlerinin belgelendirilmesi<\/strong> i\u00e7in \u00e7\u00f6z\u00fcm orta\u011f\u0131 olmak istiyoruz.\u201d<\/em><\/p>\n<h3><strong>YE\u015e\u0130L H\u0130DROJENLE \u0130LG\u0130L\u0130 ALTYAPI \u00c7ALI\u015eMALARINA DEVAM ED\u0130YOR<\/strong><\/h3>\n<p><strong>Yenilenebilir enerji kaynaklar\u0131nda<\/strong> elde edilen <strong>ye\u015fil hidrojen<\/strong> yak\u0131n gelece\u011fin en \u00f6nemli yak\u0131t\u0131 olacak. Ba\u015fta ula\u015f\u0131m sekt\u00f6r\u00fc olmak \u00fczere fosil yak\u0131tlar\u0131n yerini almas\u0131 beklenen ye\u015fil hidrojen teknolojileri de h\u0131zl\u0131 geli\u015fiyor. G\u00fcne\u015ften sonra en \u00f6nemli yenilenebilir enerji kayna\u011f\u0131 olarak hidrojenin \u00f6n plana \u00e7\u0131kaca\u011f\u0131n\u0131 belirten M\u00fcge Okumu\u015f, <em>\u201cT\u00dcV AUSTRIA TURK olarak ye\u015fil hidrojenle ilgili belgelendirme inceleme konusunda e\u011fitimler veriyoruz ve bununla ilgili g\u00fc\u00e7l\u00fc bir altyap\u0131 kuruyoruz. <strong>Ye\u015fil hidrojenle ilgili belgelendirme<\/strong> konusunda da en \u00f6nemli uluslararas\u0131 belgelendirme kurulu\u015fu olaca\u011f\u0131z\u201d<\/em> diyor.<\/p>","protected":false},"excerpt":{"rendered":"<p>Sorry, this entry is only available in Turkish. For the sake of viewer convenience, the content is shown below in the alternative language. You may click the link to switch the active language. T\u00fcrkiye G\u00fcne\u015f paneli \u00fcretim \u00fcss\u00fcne d\u00f6n\u00fc\u015f\u00fcrken bu panellerin istenilen verime ve dayan\u0131kl\u0131l\u0131\u011fa sahip olmas\u0131, santral projelerinin verimli bir \u015fekilde i\u015flemesi i\u00e7in akredite [&hellip;]<\/p>\n","protected":false},"author":1,"featured_media":182691,"comment_status":"open","ping_status":"open","sticky":false,"template":"","format":"standard","meta":[],"categories":[53,49],"tags":[111822,2206,142,1657,8255,68469,3940,53137],"views":62,"_links":{"self":[{"href":"https:\/\/www.enerjigazetesi.ist\/en\/wp-json\/wp\/v2\/posts\/182689"}],"collection":[{"href":"https:\/\/www.enerjigazetesi.ist\/en\/wp-json\/wp\/v2\/posts"}],"about":[{"href":"https:\/\/www.enerjigazetesi.ist\/en\/wp-json\/wp\/v2\/types\/post"}],"author":[{"embeddable":true,"href":"https:\/\/www.enerjigazetesi.ist\/en\/wp-json\/wp\/v2\/users\/1"}],"replies":[{"embeddable":true,"href":"https:\/\/www.enerjigazetesi.ist\/en\/wp-json\/wp\/v2\/comments?post=182689"}],"version-history":[{"count":0,"href":"https:\/\/www.enerjigazetesi.ist\/en\/wp-json\/wp\/v2\/posts\/182689\/revisions"}],"wp:featuredmedia":[{"embeddable":true,"href":"https:\/\/www.enerjigazetesi.ist\/en\/wp-json\/wp\/v2\/media\/182691"}],"wp:attachment":[{"href":"https:\/\/www.enerjigazetesi.ist\/en\/wp-json\/wp\/v2\/media?parent=182689"}],"wp:term":[{"taxonomy":"category","embeddable":true,"href":"https:\/\/www.enerjigazetesi.ist\/en\/wp-json\/wp\/v2\/categories?post=182689"},{"taxonomy":"post_tag","embeddable":true,"href":"https:\/\/www.enerjigazetesi.ist\/en\/wp-json\/wp\/v2\/tags?post=182689"}],"curies":[{"name":"wp","href":"https:\/\/api.w.org\/{rel}","templated":true}]}}