{"id":182684,"date":"2023-12-26T16:31:48","date_gmt":"2023-12-26T13:31:48","guid":{"rendered":"https:\/\/www.enerjigazetesi.ist\/?p=182684"},"modified":"2023-12-26T16:32:11","modified_gmt":"2023-12-26T13:32:11","slug":"dunyada-degisen-enerji-jeopolitigi-iklim-krizi-ve-turkiye-konferansi-hk","status":"publish","type":"post","link":"https:\/\/www.enerjigazetesi.ist\/en\/dunyada-degisen-enerji-jeopolitigi-iklim-krizi-ve-turkiye-konferansi-hk\/","title":{"rendered":"(Turkish) \u201cD\u00fcnyada De\u011fi\u015fen Enerji Jeopoliti\u011fi, \u0130klim Krizi ve T\u00fcrkiye\u201d Konferans\u0131 Hk."},"content":{"rendered":"<p class=\"qtranxs-available-languages-message qtranxs-available-languages-message-en\">Sorry, this entry is only available in <a href=\"https:\/\/www.enerjigazetesi.ist\/tr\/wp-json\/wp\/v2\/posts\/182684\" class=\"qtranxs-available-language-link qtranxs-available-language-link-tr\" title=\"Turkish\">Turkish<\/a>. For the sake of viewer convenience, the content is shown below in the alternative language. You may click the link to switch the active language.<\/p><p><\/p>\n<h2><strong>D\u00fcnya ve T\u00fcrkiye g\u00fcndeminin g\u00fcncel konular\u0131na mercek tutan Sabanc\u0131 \u00dcniversitesi \u0130stanbul Uluslararas\u0131 Enerji ve \u0130klim Merkezi (IICEC), bu kez de\u011fi\u015fen enerji jeopoliti\u011fini ele ald\u0131. Sabanc\u0131 Center\u2019da d\u00fczenlenen \u201cD\u00fcnyada De\u011fi\u015fen Enerji Jeopoliti\u011fi, \u0130klim Krizi ve T\u00fcrkiye\u201d temal\u0131 konferans ve panelde, yeni geli\u015fmeler \u0131\u015f\u0131\u011f\u0131nda de\u011fi\u015fen enerji jeopoliti\u011fi, insanl\u0131\u011f\u0131n \u00f6n\u00fcndeki en \u00f6nemli sorun iklim krizi ve t\u00fcm bunlar\u0131n T\u00fcrkiye\u2019ye etkileri konu\u015fuldu. Konferans kapsam\u0131nda ayr\u0131ca, IICEC taraf\u0131ndan haz\u0131rlanan \u201cIICEC \u2013 T\u00fcrkiye Ye\u015fil Hidrojen Raporu 2023\u201d lansman sunumu da yap\u0131ld\u0131.<\/strong><\/h2>\n<p style=\"text-align: center;\"><img loading=\"lazy\" class=\"aligncenter wp-image-182687\" src=\"https:\/\/www.enerjigazetesi.ist\/wp-content\/uploads\/2023\/12\/dunyada-degisen-enerji-jeopolitigi-iklim-krizi-ve-turkiye-konferansi-hk-1.jpg\" alt=\"\" width=\"500\" height=\"157\" srcset=\"https:\/\/www.enerjigazetesi.ist\/wp-content\/uploads\/2023\/12\/dunyada-degisen-enerji-jeopolitigi-iklim-krizi-ve-turkiye-konferansi-hk-1.jpg 550w, https:\/\/www.enerjigazetesi.ist\/wp-content\/uploads\/2023\/12\/dunyada-degisen-enerji-jeopolitigi-iklim-krizi-ve-turkiye-konferansi-hk-1-300x94.jpg 300w, https:\/\/www.enerjigazetesi.ist\/wp-content\/uploads\/2023\/12\/dunyada-degisen-enerji-jeopolitigi-iklim-krizi-ve-turkiye-konferansi-hk-1-500x157.jpg 500w, https:\/\/www.enerjigazetesi.ist\/wp-content\/uploads\/2023\/12\/dunyada-degisen-enerji-jeopolitigi-iklim-krizi-ve-turkiye-konferansi-hk-1-80x25.jpg 80w\" sizes=\"(max-width: 500px) 100vw, 500px\" \/><\/p>\n<p><strong>Enerji ve Tabii Kaynaklar\u0131 Bakan\u0131 Dr. Alparslan Bayraktar<\/strong>, T\u00fcrkiye\u2019nin enerjide d\u0131\u015fa ba\u011f\u0131ml\u0131l\u0131\u011f\u0131n\u0131n azald\u0131\u011f\u0131n\u0131 belirterek, <em>\u201cT\u00fcrkiye\u2019nin 2022 y\u0131l\u0131nda enerjide d\u0131\u015fa ba\u011f\u0131ml\u0131l\u0131\u011f\u0131 y\u00fczde 67,8\u2019e d\u00fc\u015ft\u00fc. Ulusal enerji plan\u0131 ile hedefimiz, \u00f6n\u00fcm\u00fczdeki 30 y\u0131l i\u00e7erisinde d\u0131\u015fa ba\u011f\u0131ml\u0131l\u0131ktan kurtarmak ve net s\u0131f\u0131r emisyonlu bir \u00fclke haline getirmek\u201d<\/em> dedi.<\/p>\n<p><strong>Sabanc\u0131 \u00dcniversitesi Kurucu M\u00fctevelli Heyeti Ba\u015fkan\u0131 G\u00fcler Sabanc\u0131,<\/strong> T\u00fcrkiye\u2019nin enerji talebinde g\u00fc\u00e7l\u00fc geli\u015fim potansiyeline sahip oldu\u011funu vurgulayarak, <em>\u201cAvrupa\u2019n\u0131n en b\u00fcy\u00fck, d\u00fcnyan\u0131n da en dinamik enerji sekt\u00f6rlerinden biri konumuna ula\u015ft\u0131k. Enerjide son d\u00f6nemde pek \u00e7ok alanda Enerji Bakanl\u0131\u011f\u0131m\u0131z ve \u00f6zel sekt\u00f6r taraf\u0131ndan \u00f6nemli ad\u0131mlar at\u0131l\u0131yor. Yenilenebilir enerji kurulu g\u00fcc\u00fcnde Avrupa\u2019n\u0131n lider \u00fclkelerinden biri konumuna ula\u015ft\u0131k\u201d<\/em> diye konu\u015ftu.<\/p>\n<p><strong>Uluslararas\u0131 Enerji Ajans\u0131 (IEA) Ba\u015fkan\u0131 ve IICEC Onursal Ba\u015fkan\u0131 Dr. Fatih Birol<\/strong>, y\u0131llar \u00f6nceki toplant\u0131larda n\u00fckleerin T\u00fcrkiye i\u00e7in olmazsa olmaz oldu\u011funu s\u00f6yledi\u011fini hat\u0131rlatarak, <em>\u201cT\u00fcrkiye\u2019nin mevcut enerji durumuna bak\u0131nca, co\u011frafik durumuna bak\u0131nca olmazsa olmaz bir teknoloji oldu\u011funu d\u00fc\u015f\u00fcn\u00fcyorum. D\u00fcnyada da son iki y\u0131l i\u00e7erisinde, hatta 1,5 y\u0131l i\u00e7erisinde n\u00fckleer enerjide h\u0131zl\u0131 bir geri d\u00f6n\u00fc\u015f var. Ancak n\u00fckleer santrali beraber in\u015fa edece\u011finiz partner \u00fclkeyi \u00e7ok iyi se\u00e7meniz laz\u0131m. T\u00fcrkiye \u015fu anda n\u00fckleer santral \u00e7al\u0131\u015fmalar\u0131na ba\u015flad\u0131. Umuyorum T\u00fcrkiye bu konudaki \u00e7al\u0131\u015fmalar\u0131n\u0131 daha da art\u0131racak ve ba\u015fka n\u00fckleer santraller de yapacak\u201d<\/em> \u015feklinde konu\u015ftu.<\/p>\n<p><strong>Konferansta \u2018IICEC \u2013 T\u00fcrkiye Ye\u015fil Hidrojen Raporu 2023\u2019 lansman sunumunu<\/strong> yapan <strong>IICEC Direkt\u00f6r\u00fc Bora \u015eekip G\u00fcray<\/strong> da, <em>\u201cYe\u015fil hidrojende \u00fclke olarak, \u00e7ok y\u00f6nl\u00fc f\u0131rsatlar\u0131m\u0131z ve geli\u015fim alanlar\u0131m\u0131z var\u201d<\/em> diyerek, ye\u015fil hidrojende s\u00fcrd\u00fcr\u00fclebilir b\u00fcy\u00fcmeyi destekleyecek IICEC \u00f6nerilerini payla\u015ft\u0131.<\/p>","protected":false},"excerpt":{"rendered":"<p>Sorry, this entry is only available in Turkish. For the sake of viewer convenience, the content is shown below in the alternative language. You may click the link to switch the active language. D\u00fcnya ve T\u00fcrkiye g\u00fcndeminin g\u00fcncel konular\u0131na mercek tutan Sabanc\u0131 \u00dcniversitesi \u0130stanbul Uluslararas\u0131 Enerji ve \u0130klim Merkezi (IICEC), bu kez de\u011fi\u015fen enerji jeopoliti\u011fini [&hellip;]<\/p>\n","protected":false},"author":1,"featured_media":182686,"comment_status":"open","ping_status":"open","sticky":false,"template":"","format":"standard","meta":[],"categories":[53],"tags":[111819,5232,111821,111820,53137],"views":33,"_links":{"self":[{"href":"https:\/\/www.enerjigazetesi.ist\/en\/wp-json\/wp\/v2\/posts\/182684"}],"collection":[{"href":"https:\/\/www.enerjigazetesi.ist\/en\/wp-json\/wp\/v2\/posts"}],"about":[{"href":"https:\/\/www.enerjigazetesi.ist\/en\/wp-json\/wp\/v2\/types\/post"}],"author":[{"embeddable":true,"href":"https:\/\/www.enerjigazetesi.ist\/en\/wp-json\/wp\/v2\/users\/1"}],"replies":[{"embeddable":true,"href":"https:\/\/www.enerjigazetesi.ist\/en\/wp-json\/wp\/v2\/comments?post=182684"}],"version-history":[{"count":0,"href":"https:\/\/www.enerjigazetesi.ist\/en\/wp-json\/wp\/v2\/posts\/182684\/revisions"}],"wp:featuredmedia":[{"embeddable":true,"href":"https:\/\/www.enerjigazetesi.ist\/en\/wp-json\/wp\/v2\/media\/182686"}],"wp:attachment":[{"href":"https:\/\/www.enerjigazetesi.ist\/en\/wp-json\/wp\/v2\/media?parent=182684"}],"wp:term":[{"taxonomy":"category","embeddable":true,"href":"https:\/\/www.enerjigazetesi.ist\/en\/wp-json\/wp\/v2\/categories?post=182684"},{"taxonomy":"post_tag","embeddable":true,"href":"https:\/\/www.enerjigazetesi.ist\/en\/wp-json\/wp\/v2\/tags?post=182684"}],"curies":[{"name":"wp","href":"https:\/\/api.w.org\/{rel}","templated":true}]}}