{"id":182622,"date":"2023-12-25T16:16:15","date_gmt":"2023-12-25T13:16:15","guid":{"rendered":"https:\/\/www.enerjigazetesi.ist\/?p=182622"},"modified":"2023-12-25T16:16:15","modified_gmt":"2023-12-25T13:16:15","slug":"ab-de-karbon-emisyonu-14-yilda-yuzde-22-azaldi","status":"publish","type":"post","link":"https:\/\/www.enerjigazetesi.ist\/en\/ab-de-karbon-emisyonu-14-yilda-yuzde-22-azaldi\/","title":{"rendered":"(Turkish) &#8217;AB&#8217;de Karbon Emisyonu 14 Y\u0131lda % 22 Azald\u0131"},"content":{"rendered":"<p class=\"qtranxs-available-languages-message qtranxs-available-languages-message-en\">Sorry, this entry is only available in <a href=\"https:\/\/www.enerjigazetesi.ist\/tr\/wp-json\/wp\/v2\/posts\/182622\" class=\"qtranxs-available-language-link qtranxs-available-language-link-tr\" title=\"Turkish\">Turkish<\/a>. For the sake of viewer convenience, the content is shown below in the alternative language. You may click the link to switch the active language.<\/p><p><\/p>\n<h2 class=\"spot-title\">Avrupa Birli\u011fi\u2019nde (AB) karbon emisyonu, 2008\u2019den ge\u00e7en y\u0131l\u0131n sonuna kadar y\u00fczde 22 azald\u0131.<\/h2>\n<p style=\"text-align: center;\"><img loading=\"lazy\" class=\"aligncenter wp-image-182624\" src=\"https:\/\/www.enerjigazetesi.ist\/wp-content\/uploads\/2023\/12\/ab-de-karbon-emisyonu-14-yilda-yuzde-22-azaldi.jpg\" alt=\"\" width=\"500\" height=\"289\" srcset=\"https:\/\/www.enerjigazetesi.ist\/wp-content\/uploads\/2023\/12\/ab-de-karbon-emisyonu-14-yilda-yuzde-22-azaldi.jpg 550w, https:\/\/www.enerjigazetesi.ist\/wp-content\/uploads\/2023\/12\/ab-de-karbon-emisyonu-14-yilda-yuzde-22-azaldi-300x173.jpg 300w, https:\/\/www.enerjigazetesi.ist\/wp-content\/uploads\/2023\/12\/ab-de-karbon-emisyonu-14-yilda-yuzde-22-azaldi-500x289.jpg 500w, https:\/\/www.enerjigazetesi.ist\/wp-content\/uploads\/2023\/12\/ab-de-karbon-emisyonu-14-yilda-yuzde-22-azaldi-80x46.jpg 80w\" sizes=\"(max-width: 500px) 100vw, 500px\" \/><\/p>\n<p>Avrupa \u0130statistik Ofisinden yap\u0131lan a\u00e7\u0131klamaya g\u00f6re, 2022\u2019de AB\u2019de ekonomik faaliyetlerden kaynaklanan sera gaz\u0131 emisyonu, 3,6 milyar ton CO2 e\u015f de\u011feri seviyesinde ger\u00e7ekle\u015fti.<\/p>\n<p>Bu seviye, karbon emisyonunda 2008\u2019e k\u0131yasla y\u00fczde 22 azalmaya i\u015faret ederken, imalat, elektrik, gaz \u00fcretimi ve havaland\u0131rma kullan\u0131m\u0131 kaynakl\u0131 emisyonlar 745 milyon ton karbondioksit e\u015f de\u011feriyle toplam sera gaz\u0131 emisyonlar\u0131n\u0131n y\u00fczde 21\u2019ini olu\u015fturdu.<\/p>\n<p>718 milyon ton karbondioksit e\u015f de\u011feri emisyon da hane halk\u0131n\u0131n ula\u015f\u0131m, \u0131s\u0131nma ve di\u011fer nedenlerle kulland\u0131\u011f\u0131 enerji t\u00fcketiminden kaynakland\u0131.<\/p>\n<p>Kaynak:\u00a0<a href=\"https:\/\/www.bloomberght.com\/ab-de-karbon-emisyonu-14-yilda-yuzde-22-azaldi-2344407\" target=\"_blank\" rel=\"noopener\" data-wpel-link=\"external\">BLOOMBERG<\/a><\/p>","protected":false},"excerpt":{"rendered":"<p>Sorry, this entry is only available in Turkish. For the sake of viewer convenience, the content is shown below in the alternative language. You may click the link to switch the active language. Avrupa Birli\u011fi\u2019nde (AB) karbon emisyonu, 2008\u2019den ge\u00e7en y\u0131l\u0131n sonuna kadar y\u00fczde 22 azald\u0131. Avrupa \u0130statistik Ofisinden yap\u0131lan a\u00e7\u0131klamaya g\u00f6re, 2022\u2019de AB\u2019de ekonomik [&hellip;]<\/p>\n","protected":false},"author":1,"featured_media":182624,"comment_status":"open","ping_status":"open","sticky":false,"template":"","format":"standard","meta":[],"categories":[53,52],"tags":[2132,111799,3344,442],"views":46,"_links":{"self":[{"href":"https:\/\/www.enerjigazetesi.ist\/en\/wp-json\/wp\/v2\/posts\/182622"}],"collection":[{"href":"https:\/\/www.enerjigazetesi.ist\/en\/wp-json\/wp\/v2\/posts"}],"about":[{"href":"https:\/\/www.enerjigazetesi.ist\/en\/wp-json\/wp\/v2\/types\/post"}],"author":[{"embeddable":true,"href":"https:\/\/www.enerjigazetesi.ist\/en\/wp-json\/wp\/v2\/users\/1"}],"replies":[{"embeddable":true,"href":"https:\/\/www.enerjigazetesi.ist\/en\/wp-json\/wp\/v2\/comments?post=182622"}],"version-history":[{"count":0,"href":"https:\/\/www.enerjigazetesi.ist\/en\/wp-json\/wp\/v2\/posts\/182622\/revisions"}],"wp:featuredmedia":[{"embeddable":true,"href":"https:\/\/www.enerjigazetesi.ist\/en\/wp-json\/wp\/v2\/media\/182624"}],"wp:attachment":[{"href":"https:\/\/www.enerjigazetesi.ist\/en\/wp-json\/wp\/v2\/media?parent=182622"}],"wp:term":[{"taxonomy":"category","embeddable":true,"href":"https:\/\/www.enerjigazetesi.ist\/en\/wp-json\/wp\/v2\/categories?post=182622"},{"taxonomy":"post_tag","embeddable":true,"href":"https:\/\/www.enerjigazetesi.ist\/en\/wp-json\/wp\/v2\/tags?post=182622"}],"curies":[{"name":"wp","href":"https:\/\/api.w.org\/{rel}","templated":true}]}}