{"id":182596,"date":"2023-12-25T14:53:51","date_gmt":"2023-12-25T11:53:51","guid":{"rendered":"https:\/\/www.enerjigazetesi.ist\/?p=182596"},"modified":"2023-12-25T14:54:15","modified_gmt":"2023-12-25T11:54:15","slug":"oedas-in-hayata-dokunan-projelerine-1-yilda-6-odul","status":"publish","type":"post","link":"https:\/\/www.enerjigazetesi.ist\/en\/oedas-in-hayata-dokunan-projelerine-1-yilda-6-odul\/","title":{"rendered":"(Turkish) &#8217;OEDA\u015e&#8217;\u0131n Hayata Dokunan Projelerine 1 Y\u0131lda 6 \u00d6d\u00fcl"},"content":{"rendered":"<p class=\"qtranxs-available-languages-message qtranxs-available-languages-message-en\">Sorry, this entry is only available in <a href=\"https:\/\/www.enerjigazetesi.ist\/tr\/wp-json\/wp\/v2\/posts\/182596\" class=\"qtranxs-available-language-link qtranxs-available-language-link-tr\" title=\"Turkish\">Turkish<\/a>. For the sake of viewer convenience, the content is shown below in the alternative language. You may click the link to switch the active language.<\/p><p><\/p>\n<h2><strong>Elektrik da\u011f\u0131t\u0131m \u015firketi OEDA\u015e<\/strong><strong>, gelece\u011fin ak\u0131ll\u0131 teknolojilerinden toplumsal cinsiyet e\u015fitli\u011fine uzanan projeleriyle 2023 y\u0131l\u0131nda da hizmet verdi\u011fi b\u00f6lgeden ba\u015flayarak \u00e7evreye, topluma ve ekonomiye s\u00fcrd\u00fcr\u00fclebilir de\u011fer katmaya devam etti. D\u00f6rt farkl\u0131 projeyle ulusal ve uluslararas\u0131 arenada toplam alt\u0131 \u00f6d\u00fcl kazand\u0131klar\u0131n\u0131 s\u00f6yleyen OEDA\u015e Direkt\u00f6r\u00fc Muzaffer Yal\u00e7\u0131n, <em>\u201c2024 y\u0131l\u0131nda da m\u00fc\u015fteri memnuniyetini esas alan, topluma ve \u00e7evreye duyarl\u0131l\u0131kla \u015fekillenen \u00e7al\u0131\u015fmalar\u0131m\u0131z\u0131 daha da ileri ta\u015f\u0131yarak, gelecek nesiller i\u00e7in ya\u015fanabilir bir d\u00fcnya b\u0131rakma kararl\u0131l\u0131\u011f\u0131m\u0131z\u0131 s\u00fcrd\u00fcrece\u011fiz.\u201d<\/em> dedi. OEDA\u015e 2023 y\u0131l\u0131nda ayr\u0131ca tarihi b\u00f6lgelerin ayd\u0131nlat\u0131lmas\u0131ndan karbon ayak izi ve at\u0131klar\u0131n azalt\u0131lmas\u0131na uzanan pek \u00e7ok proje ger\u00e7ekle\u015ftirdi.<\/strong><\/h2>\n<p style=\"text-align: center;\"><img loading=\"lazy\" class=\"aligncenter wp-image-182599\" src=\"https:\/\/www.enerjigazetesi.ist\/wp-content\/uploads\/2023\/12\/oedas-in-hayata-dokunan-projelerine-1-yilda-6-odul-1.jpg\" alt=\"\" width=\"500\" height=\"331\" srcset=\"https:\/\/www.enerjigazetesi.ist\/wp-content\/uploads\/2023\/12\/oedas-in-hayata-dokunan-projelerine-1-yilda-6-odul-1.jpg 550w, https:\/\/www.enerjigazetesi.ist\/wp-content\/uploads\/2023\/12\/oedas-in-hayata-dokunan-projelerine-1-yilda-6-odul-1-300x199.jpg 300w, https:\/\/www.enerjigazetesi.ist\/wp-content\/uploads\/2023\/12\/oedas-in-hayata-dokunan-projelerine-1-yilda-6-odul-1-500x331.jpg 500w, https:\/\/www.enerjigazetesi.ist\/wp-content\/uploads\/2023\/12\/oedas-in-hayata-dokunan-projelerine-1-yilda-6-odul-1-76x50.jpg 76w\" sizes=\"(max-width: 500px) 100vw, 500px\" \/><\/p>\n<p>Afyonkarahisar, Bilecik, Eski\u015fehir, K\u00fctahya ve U\u015fak\u2019a elektrik da\u011f\u0131t\u0131m hizmetini sa\u011flayan <strong>Osmangazi Elektrik Da\u011f\u0131t\u0131m A\u015e (OEDA\u015e)<\/strong>, ana faaliyet alan\u0131nda yapt\u0131\u011f\u0131 \u00e7al\u0131\u015fmalar\u0131n yan\u0131 s\u0131ra y\u00fcr\u00fctt\u00fc\u011f\u00fc Ar-Ge ve kurumsal sosyal sorumluluk (KSS) projeleriyle de s\u00fcrd\u00fcr\u00fclebilir de\u011fer yaratmaya odaklan\u0131yor. 2023 y\u0131l\u0131nda da bu vizyon do\u011frultusunda faaliyetlerini \u015fekillendiren OEDA\u015e\u2019\u0131n ba\u015far\u0131lar\u0131, ulusal ve uluslararas\u0131 arenada birbirinden prestijli \u00f6d\u00fcllere lay\u0131k g\u00f6r\u00fcld\u00fc.<\/p>\n<h3><strong>M\u00fc\u015fteri Memnuniyeti \u00c7al\u0131\u015fmalar\u0131na Uluslararas\u0131 \u00d6d\u00fcl<\/strong><\/h3>\n<p>Hizmet b\u00f6lgesinde hayat\u0131na dokundu\u011fu 3 milyon ki\u015fiye verdi\u011fi hizmet kalitesini s\u00fcrekli olarak geli\u015ftiren OEDA\u015e\u2019\u0131n 2021 y\u0131l\u0131nda hayata ge\u00e7irdi\u011fi Memnuniyet 4.0 Projesi, uluslararas\u0131 arenada i\u015f d\u00fcnyas\u0131n\u0131n en prestijli \u00f6d\u00fcllerinden biri olarak kabul edilen Stevie International Business Awards\u2019ta da \u2018En \u0130yi Teknik Destek \u00c7\u00f6z\u00fcmleri\u2019 kategorisinde \u00f6d\u00fcle lay\u0131k g\u00f6r\u00fcld\u00fc.<\/p>\n<h3><strong>FlexiGrid\u2019e Vizyoner Proje \u00d6d\u00fcl\u00fc<\/strong><\/h3>\n<p>OEDA\u015e\u2019\u0131n <strong>Avrupa Birli\u011fi Horizon 2020 \u00c7er\u00e7eve Program\u0131<\/strong> kapsam\u0131nda desteklenen, ayn\u0131 zamanda EPDK\u2019n\u0131n da destek verdi\u011fi Gelece\u011fin Da\u011f\u0131t\u0131m \u015eebekeleri i\u00e7in Esnekli\u011fin Sa\u011flanmas\u0131 (FlexiGrid) Projesi, EPDK ve Elder taraf\u0131ndan <strong>\u2018Vizyoner Proje J\u00fcri \u00d6zel \u00d6d\u00fcl\u00fc\u2019ne<\/strong> lay\u0131k g\u00f6r\u00fcld\u00fc. D\u00f6rt y\u0131l s\u00fcren ve 2023 y\u0131l\u0131 i\u00e7erisinde tamamlanan proje kapsam\u0131nda elektrikli ara\u00e7tan \u015febekeye enerji transferi de dahil olmak \u00fczere mikro \u015febeke \u00e7\u00f6z\u00fcmleri \u00fczerine \u00e7al\u0131\u015fmalar y\u00fcr\u00fct\u00fcld\u00fc.<\/p>\n<h3><strong>Enerjimiz E\u015fit Projesi\u2019ne Bir Y\u0131lda \u0130ki \u00d6d\u00fcl<\/strong><\/h3>\n<p>Kad\u0131n istihdam\u0131n\u0131n az oldu\u011fu enerji sekt\u00f6r\u00fcnde fark\u0131ndal\u0131k yaratmay\u0131 hedefleyen OEDA\u015e\u2019\u0131n 2019 y\u0131l\u0131nda ba\u015flatt\u0131\u011f\u0131 Enerjimiz E\u015fit Projesi, Kad\u0131n Dostu Markalar Platformu taraf\u0131ndan Kad\u0131n Dostu Markalar 2023 Fark\u0131ndal\u0131k \u00d6d\u00fcl\u00fc\u2019ne lay\u0131k g\u00f6r\u00fcld\u00fc. Proje ayr\u0131ca D\u00fcnya Gazetesi taraf\u0131ndan bu y\u0131l ilk kez d\u00fczenlenen Toplumsal Fayda \u00d6d\u00fclleri\u2019nde J\u00fcri \u00d6zel \u00d6d\u00fcl\u00fc\u2019n\u00fc kazand\u0131. Projeye ba\u015flad\u0131\u011f\u0131 y\u0131l<strong> \u2018beyaz yaka\u2019<\/strong> kad\u0131n \u00e7al\u0131\u015fan oran\u0131<strong> y\u00fczde 28<\/strong> olan OEDA\u015e, 2023 y\u0131l sonu itibar\u0131yla bu oran\u0131 y\u00fczde 35\u2019e; y\u00fczde 14 olan kad\u0131n m\u00fchendis oran\u0131n\u0131 ise y\u00fczde 21\u2019e y\u00fckseltti.<\/p>\n<h3><strong>Can Dostlar\u2019a \u0130ki Uluslararas\u0131 \u00d6d\u00fcl<\/strong><\/h3>\n<p>Sokak hayvanlar\u0131n\u0131n beslenme, bar\u0131nma, k\u0131s\u0131rla\u015ft\u0131rma, bak\u0131m ve tedavi ihtiya\u00e7lar\u0131n\u0131 kar\u015f\u0131lamak \u00fczere 2021 y\u0131l\u0131nda hayata ge\u00e7irilen Can Dostlar sosyal sorumluluk projesi ise bu y\u0131l iki uluslararas\u0131 \u00f6d\u00fclde zirveye yerle\u015fti. OEDA\u015e, bu projeyle \u0130ngiltere\u2019nin en prestijli \u00f6d\u00fcllerinden biri olan Best Business Awards\u2019ta, Kurumsal Sosyal Sorumluluk kategorisinde En \u0130yi \u0130\u015fletme \u00f6d\u00fcl\u00fcn\u00fcn sahibi oldu. Proje ayr\u0131ca 61 \u00fclkeden 3.700 kurulu\u015fun ba\u015fvurdu\u011fu Stevie International Business Awards\u2019ta, Avrupa\u2019da Y\u0131l\u0131n Kurumsal Sosyal Sorumluluk Program\u0131 kategorisinde alt\u0131n \u00f6d\u00fcle lay\u0131k g\u00f6r\u00fcld\u00fc.<\/p>\n<h3><strong>Tarih Ayd\u0131nlat\u0131ld\u0131, Karbon Ayak \u0130zi Azalt\u0131ld\u0131<\/strong><\/h3>\n<p>OEDA\u015e bu \u00f6d\u00fcll\u00fc projelerinin yan\u0131 s\u0131ra ge\u00e7mi\u015f y\u0131llarda oldu\u011fu gibi 2023\u2019te de hayat\u0131n her alan\u0131na de\u011fer katan projelerine devam etti. Aizanoi Antik Kenti\u2019nde ger\u00e7ekle\u015ftirilen altyap\u0131 ve ayd\u0131nlatma \u00e7al\u0131\u015fmalar\u0131, omurilik fel\u00e7li bireylere destek olmak y\u00fcr\u00fct\u00fclen Plastik Kapaklar Tekerlekli Sandalyeye D\u00f6n\u00fc\u015f\u00fcyor kampanyas\u0131, Bilecik\u2019te olu\u015fturulan OEDA\u015e Hat\u0131ra Orman\u0131, ku\u015flar\u0131 elektrik ak\u0131m\u0131ndan korumak i\u00e7in yap\u0131lan <strong>izolat\u00f6r ve flexiglass \u00e7al\u0131\u015fmalar\u0131<\/strong>, ka\u011f\u0131t kullan\u0131m\u0131n\u0131, enerji t\u00fcketimini, karbon ayak izini ve at\u0131klar\u0131 azaltmaya y\u00f6nelik uygulamalar 2023 y\u0131l\u0131nda ger\u00e7ekle\u015ftirilen projeler aras\u0131nda yer ald\u0131.<\/p>\n<h3><strong>Muzaffer Yal\u00e7\u0131n: \u201cHayat\u0131n \u0130\u00e7inde Olmaya Devam Edece\u011fiz\u201d<\/strong><\/h3>\n<p><strong>Kurumsal sosyal sorumluluk ve Ar-Ge projelerine<\/strong> y\u00f6nelik yakla\u015f\u0131mlar\u0131 hakk\u0131nda bilgi veren <strong>OEDA\u015e Direkt\u00f6r\u00fc Muzaffer Yal\u00e7\u0131n, <\/strong><em>\u201cOEDA\u015e olarak gelece\u011fin ihtiya\u00e7lar\u0131na cevap veren, toplumun her kesimine dokunan ve s\u00fcrd\u00fcr\u00fclebilir bir d\u00fcnya i\u00e7in somut de\u011ferler yaratan projeler geli\u015ftirmeye odaklan\u0131yoruz. Bu do\u011frultudaki \u00e7al\u0131\u015fmalar\u0131m\u0131z\u0131n \u00f6d\u00fcle lay\u0131k g\u00f6r\u00fclmesi bize do\u011fru yolda oldu\u011fumuzu g\u00f6sterirken yeni \u00e7al\u0131\u015fmalar i\u00e7in de g\u00fc\u00e7 veriyor. 2024 y\u0131l\u0131nda da gerek mevcut projelerimiz gerek yeni \u00e7al\u0131\u015fmalar\u0131m\u0131zla hayat\u0131n i\u00e7inde olmaya devam edece\u011fiz. Yolumuza devam ederken y\u00fcksek standartlar\u0131m\u0131z\u0131 koruyacak, etik de\u011ferlerimizden \u00f6d\u00fcn vermeyecek, inovatif ve \u00e7evik bir yakla\u015f\u0131mla ilerleyece\u011fiz. M\u00fc\u015fteri memnuniyetini esas alan, topluma ve \u00e7evreye duyarl\u0131l\u0131kla \u015fekillenen \u00e7al\u0131\u015fmalar\u0131m\u0131z\u0131 daha da ileri ta\u015f\u0131yarak, gelecek nesiller i\u00e7in ya\u015fanabilir bir d\u00fcnya b\u0131rakma kararl\u0131l\u0131\u011f\u0131m\u0131z\u0131 s\u00fcrd\u00fcrece\u011fiz.\u201d<\/em><\/p>","protected":false},"excerpt":{"rendered":"<p>Sorry, this entry is only available in Turkish. For the sake of viewer convenience, the content is shown below in the alternative language. You may click the link to switch the active language. Elektrik da\u011f\u0131t\u0131m \u015firketi OEDA\u015e, gelece\u011fin ak\u0131ll\u0131 teknolojilerinden toplumsal cinsiyet e\u015fitli\u011fine uzanan projeleriyle 2023 y\u0131l\u0131nda da hizmet verdi\u011fi b\u00f6lgeden ba\u015flayarak \u00e7evreye, topluma ve [&hellip;]<\/p>\n","protected":false},"author":1,"featured_media":182598,"comment_status":"open","ping_status":"open","sticky":false,"template":"","format":"standard","meta":[],"categories":[51,53],"tags":[104203,104536,4546,111793,9749,7471],"views":39,"_links":{"self":[{"href":"https:\/\/www.enerjigazetesi.ist\/en\/wp-json\/wp\/v2\/posts\/182596"}],"collection":[{"href":"https:\/\/www.enerjigazetesi.ist\/en\/wp-json\/wp\/v2\/posts"}],"about":[{"href":"https:\/\/www.enerjigazetesi.ist\/en\/wp-json\/wp\/v2\/types\/post"}],"author":[{"embeddable":true,"href":"https:\/\/www.enerjigazetesi.ist\/en\/wp-json\/wp\/v2\/users\/1"}],"replies":[{"embeddable":true,"href":"https:\/\/www.enerjigazetesi.ist\/en\/wp-json\/wp\/v2\/comments?post=182596"}],"version-history":[{"count":0,"href":"https:\/\/www.enerjigazetesi.ist\/en\/wp-json\/wp\/v2\/posts\/182596\/revisions"}],"wp:featuredmedia":[{"embeddable":true,"href":"https:\/\/www.enerjigazetesi.ist\/en\/wp-json\/wp\/v2\/media\/182598"}],"wp:attachment":[{"href":"https:\/\/www.enerjigazetesi.ist\/en\/wp-json\/wp\/v2\/media?parent=182596"}],"wp:term":[{"taxonomy":"category","embeddable":true,"href":"https:\/\/www.enerjigazetesi.ist\/en\/wp-json\/wp\/v2\/categories?post=182596"},{"taxonomy":"post_tag","embeddable":true,"href":"https:\/\/www.enerjigazetesi.ist\/en\/wp-json\/wp\/v2\/tags?post=182596"}],"curies":[{"name":"wp","href":"https:\/\/api.w.org\/{rel}","templated":true}]}}