{"id":182580,"date":"2023-12-23T16:20:47","date_gmt":"2023-12-23T13:20:47","guid":{"rendered":"https:\/\/www.enerjigazetesi.ist\/?p=182580"},"modified":"2023-12-23T16:21:40","modified_gmt":"2023-12-23T13:21:40","slug":"turkiye-de-elektrik-kaynakli-yanginlar-ve-guvenlik-cozumleri","status":"publish","type":"post","link":"https:\/\/www.enerjigazetesi.ist\/en\/turkiye-de-elektrik-kaynakli-yanginlar-ve-guvenlik-cozumleri\/","title":{"rendered":"(Turkish) T\u00fcrkiye&#8217;de Elektrik Kaynakl\u0131 Yang\u0131nlar ve G\u00fcvenlik \u00c7\u00f6z\u00fcmleri"},"content":{"rendered":"<p class=\"qtranxs-available-languages-message qtranxs-available-languages-message-en\">Sorry, this entry is only available in <a href=\"https:\/\/www.enerjigazetesi.ist\/tr\/wp-json\/wp\/v2\/posts\/182580\" class=\"qtranxs-available-language-link qtranxs-available-language-link-tr\" title=\"Turkish\">Turkish<\/a>. For the sake of viewer convenience, the content is shown below in the alternative language. You may click the link to switch the active language.<\/p><p><\/p>\n<h2>\u0130stanbul \u0130tfaiyesi\u2019nin verilerine g\u00f6re, i\u00e7inde bulundu\u011fumuz y\u0131l\u0131n\u00a0Ocak-Kas\u0131m aylar\u0131 aras\u0131nda \u0130stanbul\u2019da tam 22.413 yang\u0131n meydana geldi. Cenevre\u00a0Derne\u011fi, Risk ve Sigorta Ekonomisi taraf\u0131ndan payla\u015f\u0131lan verilere g\u00f6re,\u00a0Avrupa\u2019da meydana gelen yang\u0131nlar\u0131n yakla\u015f\u0131k %25\u2019ini elektrik ar\u0131zas\u0131 kaynakl\u0131\u00a0yang\u0131nlar olu\u015fturuyor. T\u00fcrkiye&#8217;de elektrik kaynakl\u0131 yang\u0131nlar, end\u00fcstriyel\u00a0tesislerden evlere kadar geni\u015f bir yelpazede ciddi g\u00fcvenlik riskleri te\u015fkil\u00a0ediyor. Dolay\u0131s\u0131yla, elektrik g\u00fcvenli\u011fi konusunda do\u011fru \u00e7\u00f6z\u00fcmlerin uygulanarak\u00a0s\u00f6z konusu riskleri en aza indirmek y\u00fcksek bir \u00f6neme sahiptir.<\/h2>\n<p style=\"text-align: center;\"><img loading=\"lazy\" class=\"aligncenter wp-image-182582\" src=\"https:\/\/www.enerjigazetesi.ist\/wp-content\/uploads\/2023\/12\/turkiye-de-elektrik-kaynakli-yanginlar-ve-guvenlik-cozumleri.jpg\" alt=\"\" width=\"500\" height=\"341\" srcset=\"https:\/\/www.enerjigazetesi.ist\/wp-content\/uploads\/2023\/12\/turkiye-de-elektrik-kaynakli-yanginlar-ve-guvenlik-cozumleri.jpg 550w, https:\/\/www.enerjigazetesi.ist\/wp-content\/uploads\/2023\/12\/turkiye-de-elektrik-kaynakli-yanginlar-ve-guvenlik-cozumleri-300x205.jpg 300w, https:\/\/www.enerjigazetesi.ist\/wp-content\/uploads\/2023\/12\/turkiye-de-elektrik-kaynakli-yanginlar-ve-guvenlik-cozumleri-500x341.jpg 500w, https:\/\/www.enerjigazetesi.ist\/wp-content\/uploads\/2023\/12\/turkiye-de-elektrik-kaynakli-yanginlar-ve-guvenlik-cozumleri-73x50.jpg 73w\" sizes=\"(max-width: 500px) 100vw, 500px\" \/><\/p>\n<p>Elektrik kaynakl\u0131 yang\u0131n nedenleri aras\u0131nda a\u015f\u0131r\u0131\u00a0\u0131s\u0131nma, k\u0131sa devre, a\u015f\u0131r\u0131 y\u00fcklenme ve d\u00fc\u015f\u00fck kaliteli elektrik ekipmanlar\u0131 ile\u00a0do\u011fal afetler gibi fakt\u00f6rler bulunmaktad\u0131r. Bu potansiyel tehlikeler kar\u015f\u0131s\u0131nda\u00a0g\u00fcvenli\u011fi art\u0131rmak ve riski azaltmak i\u00e7in \u00e7e\u015fitli y\u00f6ntemler kullan\u0131labilir.<\/p>\n<h3><strong>Elektrik Kaynakl\u0131 Yang\u0131nlar\u0131 \u00d6nlemek\u00a0Kullan\u0131labilecek \u00dcr\u00fcn Gruplar\u0131 <\/strong><\/h3>\n<p>Bir yang\u0131n\u0131n tetikleyicileri, termal veya elektrikli\u00a0cihazlardan, sistemlerden bireysel uygulamalar\u0131n bile\u015fenlerine kadar uzan\u0131r.\u00a0Evde bunlar genellikle buzdolab\u0131, \u00e7ama\u015f\u0131r makinesi veya televizyon gibi b\u00fcy\u00fck\u00a0cihazlar\u0131n yan\u0131 s\u0131ra sa\u00e7 ma\u015fas\u0131, su \u0131s\u0131t\u0131c\u0131s\u0131, \u00fct\u00fc veya elektrikli s\u00fcp\u00fcrge gibi\u00a0k\u00fc\u00e7\u00fck cihazlard\u0131r. Bununla birlikte, elektrik kablolar\u0131ndaki veya prizlerdeki\u00a0ar\u0131zalar da yang\u0131na neden olabilir. Bu soruna uygun bir \u00e7\u00f6z\u00fcm bulmak i\u00e7in\u00a0\u00f6ncelikle bu yang\u0131nlar\u0131n kayna\u011f\u0131n\u0131 anlamak gerekir.<\/p>\n<p>Elektrik kaynakl\u0131 yang\u0131nlar genellikle aniden meydana\u00a0gelebilen ve insanlar i\u00e7in gizli bir tehlike olu\u015fturabilen elektriksel ark\u00a0hatalar\u0131ndan kaynaklan\u0131r. Bu nedenle ark ar\u0131zalar\u0131n\u0131 m\u00fcmk\u00fcn olan en k\u0131sa s\u00fcrede\u00a0tespit etmek \u00f6zellikle \u00f6nemlidir. Devre kesiciler gibi koruyucu cihazlar\u00a0genellikle t\u00fcm ark hatalar\u0131n\u0131 tespit edemez. Seri ve paralel ark hatalar\u0131, ark\u00a0hatas\u0131 alg\u0131lama teknolojisine sahip ark hatas\u0131 alg\u0131lama cihazlar\u0131 taraf\u0131ndan\u00a0tespit edilebilmektedir.<\/p>\n<p>Eaton&#8217;\u0131n <strong>AFDD+ cihaz\u0131<\/strong>, hassas ark hatas\u0131n\u0131\u00a0alg\u0131layabilme i\u00e7in b\u00fct\u00fcnle\u015fik i\u015fleme \u00f6zelli\u011fine sahip dijital teknolojiyi ve\u00a0ak\u0131m sinyallerinin ak\u0131ll\u0131 \u015fekilde de\u011ferlendirilmesini kullan\u0131r. AFDD+ \u00fcr\u00fcn\u00fc,\u00a0tesisattaki di\u011fer y\u00fcksek frekansl\u0131 sinyallerin alg\u0131lama yeteneklerine m\u00fcdahale\u00a0etmeyecek \u015fekilde tasarlanm\u0131\u015ft\u0131r.<\/p>\n<p>Ark hatas\u0131 koruma fonksiyonuna ek olarak, AFDD+, <strong>devre\u00a0kesicinin<\/strong> ve <strong>ka\u00e7ak ak\u0131m koruma cihaz\u0131n\u0131n i\u015flevlerini de<\/strong> tek bir cihazda\u00a0birle\u015ftirerek <strong>ark hatalar\u0131na, ka\u00e7ak ak\u0131mlara, a\u015f\u0131r\u0131 ak\u0131mlara<\/strong> ve <strong>k\u0131sa devrelere\u00a0kar\u015f\u0131 koruma<\/strong> sa\u011flar. Dijital teknolojinin kullan\u0131m\u0131 sayesinde bu cihaz, \u00fcr\u00fcn\u00a0standartlar\u0131n\u0131n gerektirdi\u011finden daha hassast\u0131r ve daha \u00f6nce cihaz taraf\u0131ndan\u00a0\u00f6nlenen ar\u0131za t\u00fcr\u00fcn\u00fc g\u00f6stererek kolay sorun giderme sa\u011flar. Eaton&#8217;\u0131n AFDD+\u00a0\u00fcr\u00fcn\u00fc uygun maliyetli, sa\u011flam ve kurulumu kolay olup insanlar\u0131n g\u00fcvenli\u011fini art\u0131rmaya\u00a0yard\u0131mc\u0131 olur.<\/p>\n<h3><strong>Y\u0131ld\u0131r\u0131m D\u00fc\u015fmesi de Yang\u0131nlara Neden Olabilir<\/strong><\/h3>\n<p>Y\u0131ld\u0131r\u0131m d\u00fc\u015fmesi sonucu meydana gelebilecek yang\u0131nlar\u0131 ise ayr\u0131 bir kategoride de\u011ferlendirebiliriz. Y\u0131ld\u0131r\u0131m d\u00fc\u015fmesi olay\u0131 \u00e7ok s\u0131k meydana gelmese de ormanlarda oldu\u011fu gibi konutlarda da yang\u0131n \u00e7\u0131kmas\u0131na neden olabilirler ve bu a\u00e7\u0131dan bir risk ta\u015f\u0131maktad\u0131rlar. Bir binaya y\u0131ld\u0131r\u0131m d\u00fc\u015ft\u00fc\u011f\u00fcnde direkt veya dolayl\u0131 olarak elektrik tesisat\u0131na ge\u00e7ebilir. Bu olay normalin \u00e7ok \u00fczerinde bir enerji ak\u0131\u015f\u0131 ya\u015fanmas\u0131na neden olur ve dolay\u0131s\u0131yla elektrikli ekipmanda hasara ve hatta yang\u0131nlara bile neden olabilir. Y\u0131ld\u0131r\u0131m\u0131n bina yak\u0131n\u0131na d\u00fc\u015ft\u00fc\u011f\u00fc durumlarda dahi ekipman\u0131n zarar g\u00f6rebilece\u011fini s\u00f6yleyebiliriz. B\u00f6yle bir durumda hasar\u0131n kendisi az olsa bile maddi zarar\u0131 y\u00fcksek olabilir. Y\u0131ld\u0131r\u0131ma kar\u015f\u0131 koruma sa\u011flamak \u00fczere bina tesisat\u0131nda <strong>Eaton\u2019\u0131n Tip III (D S\u0131n\u0131f\u0131) parafudrlar\u0131<\/strong> veya <strong>priz tipi Protection Box tipi parafudurlar\u0131<\/strong> kullan\u0131labilir. Bu parafudrlar, tesisatlar\u0131 anl\u0131k y\u0131ld\u0131r\u0131m darbelerine kar\u015f\u0131 korumaktad\u0131r.<\/p>\n<p>T\u00fcrkiye&#8217;deki elektrik kaynakl\u0131 yang\u0131nlar hem maddi\u00a0kay\u0131plara hem de can kay\u0131plar\u0131na yol a\u00e7abilen ciddi bir sorundur. Elektrik\u00a0g\u00fcvenli\u011fi konusunda kapsaml\u0131 \u00e7\u00f6z\u00fcmler kullanmak hem ev hem de i\u015f yerlerini daha\u00a0g\u00fcvenli ortamlar haline getirecektir. Elektrik sistemlerinin do\u011fru tasar\u0131m\u0131,\u00a0d\u00fczenli bak\u0131m\u0131 ve g\u00fcvenilir ekipman kullan\u0131m\u0131, yang\u0131n riskini azaltmada kritik\u00a0\u00f6neme sahiptir.<\/p>","protected":false},"excerpt":{"rendered":"<p>Sorry, this entry is only available in Turkish. For the sake of viewer convenience, the content is shown below in the alternative language. You may click the link to switch the active language. \u0130stanbul \u0130tfaiyesi\u2019nin verilerine g\u00f6re, i\u00e7inde bulundu\u011fumuz y\u0131l\u0131n\u00a0Ocak-Kas\u0131m aylar\u0131 aras\u0131nda \u0130stanbul\u2019da tam 22.413 yang\u0131n meydana geldi. Cenevre\u00a0Derne\u011fi, Risk ve Sigorta Ekonomisi taraf\u0131ndan payla\u015f\u0131lan [&hellip;]<\/p>\n","protected":false},"author":1,"featured_media":182582,"comment_status":"open","ping_status":"open","sticky":false,"template":"","format":"standard","meta":[],"categories":[51,53],"tags":[111786,45735,111785,96530],"views":35,"_links":{"self":[{"href":"https:\/\/www.enerjigazetesi.ist\/en\/wp-json\/wp\/v2\/posts\/182580"}],"collection":[{"href":"https:\/\/www.enerjigazetesi.ist\/en\/wp-json\/wp\/v2\/posts"}],"about":[{"href":"https:\/\/www.enerjigazetesi.ist\/en\/wp-json\/wp\/v2\/types\/post"}],"author":[{"embeddable":true,"href":"https:\/\/www.enerjigazetesi.ist\/en\/wp-json\/wp\/v2\/users\/1"}],"replies":[{"embeddable":true,"href":"https:\/\/www.enerjigazetesi.ist\/en\/wp-json\/wp\/v2\/comments?post=182580"}],"version-history":[{"count":0,"href":"https:\/\/www.enerjigazetesi.ist\/en\/wp-json\/wp\/v2\/posts\/182580\/revisions"}],"wp:featuredmedia":[{"embeddable":true,"href":"https:\/\/www.enerjigazetesi.ist\/en\/wp-json\/wp\/v2\/media\/182582"}],"wp:attachment":[{"href":"https:\/\/www.enerjigazetesi.ist\/en\/wp-json\/wp\/v2\/media?parent=182580"}],"wp:term":[{"taxonomy":"category","embeddable":true,"href":"https:\/\/www.enerjigazetesi.ist\/en\/wp-json\/wp\/v2\/categories?post=182580"},{"taxonomy":"post_tag","embeddable":true,"href":"https:\/\/www.enerjigazetesi.ist\/en\/wp-json\/wp\/v2\/tags?post=182580"}],"curies":[{"name":"wp","href":"https:\/\/api.w.org\/{rel}","templated":true}]}}