{"id":182504,"date":"2023-12-21T16:00:33","date_gmt":"2023-12-21T13:00:33","guid":{"rendered":"https:\/\/www.enerjigazetesi.ist\/?p=182504"},"modified":"2023-12-21T16:00:33","modified_gmt":"2023-12-21T13:00:33","slug":"oedas-ta-cumhuriyet-tarihine-yolculuk-yapildi","status":"publish","type":"post","link":"https:\/\/www.enerjigazetesi.ist\/en\/oedas-ta-cumhuriyet-tarihine-yolculuk-yapildi\/","title":{"rendered":"(Turkish) &#8217;OEDA\u015e\u2019ta Cumhuriyet Tarihine Yolculuk Yap\u0131ld\u0131"},"content":{"rendered":"<p class=\"qtranxs-available-languages-message qtranxs-available-languages-message-en\">Sorry, this entry is only available in <a href=\"https:\/\/www.enerjigazetesi.ist\/tr\/wp-json\/wp\/v2\/posts\/182504\" class=\"qtranxs-available-language-link qtranxs-available-language-link-tr\" title=\"Turkish\">Turkish<\/a>. For the sake of viewer convenience, the content is shown below in the alternative language. You may click the link to switch the active language.<\/p><p><\/p>\n<h2><strong>Elektrik da\u011f\u0131t\u0131m \u015firketi OEDA\u015e, BizEnerji Bulu\u015fmalar\u0131 kapsam\u0131nda 2017-2023 y\u0131llar\u0131 aras\u0131nda Tarih Vakf\u0131\u2019n\u0131n ba\u015fkanl\u0131\u011f\u0131n\u0131 \u00fcstlenen \u0130stanbul \u00dcniversitesi Siyasal Bilgiler Fak\u00fcltesi Siyasi Tarih Anabilim Dal\u0131 Ba\u015fkan\u0131 Prof. Dr. Mehmet \u00d6. Alkan\u2019\u0131 a\u011f\u0131rlad\u0131. 1. D\u00fcnya Sava\u015f\u0131\u2019ndan ba\u015flayarak Cumhuriyetin kurulu\u015funa kadar olan d\u00f6nemi, 1927 y\u0131l\u0131nda bas\u0131lan orijinal Nutuk ba\u015fta olmak \u00fczere bilgi, belge ve foto\u011fraflar ile anlatan Alkan, T\u00fcrkiye\u2019nin yak\u0131n \u00e7evresindeki en uzun rejimin T\u00fcrkiye Cumhuriyeti oldu\u011funu s\u00f6yleyerek, Cumhuriyetin kal\u0131c\u0131 de\u011ferlerine vurgu yapt\u0131. <\/strong><\/h2>\n<p>\u00c7al\u0131\u015fanlar\u0131n\u0131 alan\u0131nda uzman isimlerle bir araya getirdi\u011fi BizEnerji bulu\u015fmalar\u0131 kapsam\u0131nda gelecek, finans, teknoloji gibi konulara yer veren elektrik da\u011f\u0131t\u0131m \u015firketi <strong>Osmangazi Elektrik Da\u011f\u0131t\u0131m A\u015e <img loading=\"lazy\" class=\"alignright wp-image-182506\" src=\"https:\/\/www.enerjigazetesi.ist\/wp-content\/uploads\/2023\/12\/oedas-ta-cumhuriyet-tarihine-yolculuk-yapildi.jpg\" alt=\"\" width=\"320\" height=\"271\" srcset=\"https:\/\/www.enerjigazetesi.ist\/wp-content\/uploads\/2023\/12\/oedas-ta-cumhuriyet-tarihine-yolculuk-yapildi.jpg 550w, https:\/\/www.enerjigazetesi.ist\/wp-content\/uploads\/2023\/12\/oedas-ta-cumhuriyet-tarihine-yolculuk-yapildi-300x254.jpg 300w, https:\/\/www.enerjigazetesi.ist\/wp-content\/uploads\/2023\/12\/oedas-ta-cumhuriyet-tarihine-yolculuk-yapildi-472x400.jpg 472w, https:\/\/www.enerjigazetesi.ist\/wp-content\/uploads\/2023\/12\/oedas-ta-cumhuriyet-tarihine-yolculuk-yapildi-59x50.jpg 59w, https:\/\/www.enerjigazetesi.ist\/wp-content\/uploads\/2023\/12\/oedas-ta-cumhuriyet-tarihine-yolculuk-yapildi-500x424.jpg 500w\" sizes=\"(max-width: 320px) 100vw, 320px\" \/>(OEDA\u015e)<\/strong>, Cumhuriyetin 100. y\u0131l\u0131 kapsam\u0131nda bu kez ge\u00e7mi\u015fe uzand\u0131. \u0130stanbul \u00dcniversitesi Siyasal Bilgiler Fak\u00fcltesi Siyasi Tarih Anabilim Dal\u0131 Ba\u015fkan\u0131 Prof. Dr. Mehmet \u00d6. Alkan\u2019\u0131n konuk oldu\u011fu etkinlikte 1. D\u00fcnya Sava\u015f\u0131\u2019ndan ba\u015flayarak Cumhuriyetin kurulu\u015funa uzanan d\u00f6nem anlat\u0131ld\u0131.<\/p>\n<p>Ayn\u0131 zamanda 2017-2023 y\u0131llar\u0131 aras\u0131nda Tarih Vakf\u0131\u2019n\u0131n ba\u015fkanl\u0131\u011f\u0131n\u0131 da \u00fcstlenen Prof. Dr. Mehmet \u00d6. Alkan\u2019\u0131n 1927 y\u0131l\u0131nda Osmanl\u0131ca olarak bas\u0131lan orijinal Nutuk ba\u015fta olmak \u00fczere bilgi, belge ve foto\u011fraflar e\u015fli\u011finde yapt\u0131\u011f\u0131 sunum OEDA\u015e \u00e7al\u0131\u015fanlar\u0131 taraf\u0131ndan b\u00fcy\u00fck ilgi g\u00f6rd\u00fc. T\u00fcrkiye\u2019nin yak\u0131n \u00e7evresindeki en uzun rejimin T\u00fcrkiye Cumhuriyeti oldu\u011funu s\u00f6yleyen Prof. Dr. Alkan, Cumhuriyetin kal\u0131c\u0131 de\u011ferlerinin <strong>\u2018kad\u0131n haklar\u0131\u2019, \u2018laiklik\u2019, \u2018\u00e7a\u011fda\u015f uygarl\u0131k\u2019, \u2018e\u011fitimde f\u0131rsat e\u015fitli\u011fi\u2019, \u2018kendi kaynaklar\u0131na dayanan bir ekonomi\u2019, \u2018toplumsal yard\u0131m ve dayan\u0131\u015fma\u2019<\/strong> ile <strong>\u2018\u00fclkemize ve insanl\u0131\u011fa olan borcumuz\u2019<\/strong> oldu\u011funu ifade etti.<\/p>\n<p>Alkan sunumunun ard\u0131ndan OEDA\u015e \u00e7al\u0131\u015fanlar\u0131n\u0131n sorular\u0131n\u0131 yan\u0131tlad\u0131. Etkinli\u011fe kat\u0131lanlara Prof. Dr. Alkan\u2019\u0131n \u2018Cumhuriyet: Bir As\u0131rl\u0131k Muhasebe\u2019 kitab\u0131 hediye edildi.<\/p>\n<p>Pandemi d\u00f6neminde ba\u015flat\u0131lan BizEnerji Bulu\u015fmalar\u0131, 2024 y\u0131l\u0131nda da farkl\u0131 konu ve konuklarla devam edecek.<\/p>","protected":false},"excerpt":{"rendered":"<p>Sorry, this entry is only available in Turkish. For the sake of viewer convenience, the content is shown below in the alternative language. You may click the link to switch the active language. Elektrik da\u011f\u0131t\u0131m \u015firketi OEDA\u015e, BizEnerji Bulu\u015fmalar\u0131 kapsam\u0131nda 2017-2023 y\u0131llar\u0131 aras\u0131nda Tarih Vakf\u0131\u2019n\u0131n ba\u015fkanl\u0131\u011f\u0131n\u0131 \u00fcstlenen \u0130stanbul \u00dcniversitesi Siyasal Bilgiler Fak\u00fcltesi Siyasi Tarih Anabilim [&hellip;]<\/p>\n","protected":false},"author":1,"featured_media":182506,"comment_status":"open","ping_status":"open","sticky":false,"template":"","format":"standard","meta":[],"categories":[51,53],"tags":[101864,4546,9749,7471,111760],"views":34,"_links":{"self":[{"href":"https:\/\/www.enerjigazetesi.ist\/en\/wp-json\/wp\/v2\/posts\/182504"}],"collection":[{"href":"https:\/\/www.enerjigazetesi.ist\/en\/wp-json\/wp\/v2\/posts"}],"about":[{"href":"https:\/\/www.enerjigazetesi.ist\/en\/wp-json\/wp\/v2\/types\/post"}],"author":[{"embeddable":true,"href":"https:\/\/www.enerjigazetesi.ist\/en\/wp-json\/wp\/v2\/users\/1"}],"replies":[{"embeddable":true,"href":"https:\/\/www.enerjigazetesi.ist\/en\/wp-json\/wp\/v2\/comments?post=182504"}],"version-history":[{"count":0,"href":"https:\/\/www.enerjigazetesi.ist\/en\/wp-json\/wp\/v2\/posts\/182504\/revisions"}],"wp:featuredmedia":[{"embeddable":true,"href":"https:\/\/www.enerjigazetesi.ist\/en\/wp-json\/wp\/v2\/media\/182506"}],"wp:attachment":[{"href":"https:\/\/www.enerjigazetesi.ist\/en\/wp-json\/wp\/v2\/media?parent=182504"}],"wp:term":[{"taxonomy":"category","embeddable":true,"href":"https:\/\/www.enerjigazetesi.ist\/en\/wp-json\/wp\/v2\/categories?post=182504"},{"taxonomy":"post_tag","embeddable":true,"href":"https:\/\/www.enerjigazetesi.ist\/en\/wp-json\/wp\/v2\/tags?post=182504"}],"curies":[{"name":"wp","href":"https:\/\/api.w.org\/{rel}","templated":true}]}}