{"id":182499,"date":"2023-12-21T15:50:20","date_gmt":"2023-12-21T12:50:20","guid":{"rendered":"https:\/\/www.enerjigazetesi.ist\/?p=182499"},"modified":"2023-12-21T15:55:55","modified_gmt":"2023-12-21T12:55:55","slug":"turkiye-nin-ilk-yerli-ruzgar-turbini-ureticisi-50-inci-yilini-kutluyor","status":"publish","type":"post","link":"https:\/\/www.enerjigazetesi.ist\/en\/turkiye-nin-ilk-yerli-ruzgar-turbini-ureticisi-50-inci-yilini-kutluyor\/","title":{"rendered":"(Turkish) T\u00fcrkiye\u2019nin \u0130lk Yerli R\u00fczgar T\u00fcrbini \u00dcreticisi, 50&#8217;inci Y\u0131l\u0131n\u0131 Kutluyor"},"content":{"rendered":"<p class=\"qtranxs-available-languages-message qtranxs-available-languages-message-en\">Sorry, this entry is only available in <a href=\"https:\/\/www.enerjigazetesi.ist\/tr\/wp-json\/wp\/v2\/posts\/182499\" class=\"qtranxs-available-language-link qtranxs-available-language-link-tr\" title=\"Turkish\">Turkish<\/a>. For the sake of viewer convenience, the content is shown below in the alternative language. You may click the link to switch the active language.<\/p><p><\/p>\n<h2><strong>K\u00fcresel R\u00fczgar Enerjisi Konseyi 2023 sonunda k\u00fcresel r\u00fczgar enerjisi kurulu g\u00fcc\u00fcnde teravat \u00e7a\u011f\u0131n\u0131n ba\u015flayaca\u011f\u0131na i\u015faret ederken, T\u00fcrkiye Avrupa&#8217;n\u0131n en b\u00fcy\u00fck 5. r\u00fczgar sanayi olarak \u00f6ne \u00e7\u0131kt\u0131. T\u00fcrkiye\u2019nin r\u00fczgar enerjisi ekipman\u0131 \u00fcretimini ve ihracat\u0131n\u0131 ba\u015flatan \u015firket ise 2024\u2019te 50. y\u0131l\u0131n\u0131 kutlamaya haz\u0131rlan\u0131yor.<\/strong><\/h2>\n<p>T\u00fcrkiye\u2019de temiz ve yenilenebilir enerjiye y\u00f6nelik yat\u0131r\u0131mlar h\u0131z kazan\u0131rken, T\u00fcrkiye R\u00fczgar Enerjisi Birli\u011fi (T\u00dcREB) verilerine g\u00f6re, 12 gigavat\u0131 a\u015fk\u0131n kurulu g\u00fc\u00e7le r\u00fczgar enerjisinin elektrik \u00fcretimindeki pay\u0131 <strong>%11\u2019i<\/strong> ge\u00e7ti. Ayn\u0131 zamanda <strong>Avrupa&#8217;n\u0131n 5. b\u00fcy\u00fck r\u00fczgar sanayisine<\/strong> ev sahipli\u011fi yapan <img loading=\"lazy\" class=\"alignright wp-image-182502\" src=\"https:\/\/www.enerjigazetesi.ist\/wp-content\/uploads\/2023\/12\/turkiye-nin-ilk-yerli-ruzgar-turbini-ureticisi-50-inci-yilini-kutluyor-1.jpg\" alt=\"\" width=\"320\" height=\"261\" srcset=\"https:\/\/www.enerjigazetesi.ist\/wp-content\/uploads\/2023\/12\/turkiye-nin-ilk-yerli-ruzgar-turbini-ureticisi-50-inci-yilini-kutluyor-1.jpg 550w, https:\/\/www.enerjigazetesi.ist\/wp-content\/uploads\/2023\/12\/turkiye-nin-ilk-yerli-ruzgar-turbini-ureticisi-50-inci-yilini-kutluyor-1-300x244.jpg 300w, https:\/\/www.enerjigazetesi.ist\/wp-content\/uploads\/2023\/12\/turkiye-nin-ilk-yerli-ruzgar-turbini-ureticisi-50-inci-yilini-kutluyor-1-491x400.jpg 491w, https:\/\/www.enerjigazetesi.ist\/wp-content\/uploads\/2023\/12\/turkiye-nin-ilk-yerli-ruzgar-turbini-ureticisi-50-inci-yilini-kutluyor-1-61x50.jpg 61w, https:\/\/www.enerjigazetesi.ist\/wp-content\/uploads\/2023\/12\/turkiye-nin-ilk-yerli-ruzgar-turbini-ureticisi-50-inci-yilini-kutluyor-1-500x407.jpg 500w\" sizes=\"(max-width: 320px) 100vw, 320px\" \/>T\u00fcrkiye\u2019nin, r\u00fczgar enerjisi ekipmanlar\u0131n\u0131n ihracat\u0131yla da <strong>44 \u00fclkeye ula\u015ft\u0131\u011f\u0131<\/strong> g\u00f6r\u00fcld\u00fc. 2024 itibar\u0131yla <strong>50. y\u0131l\u0131n\u0131 dolduracak<\/strong> olan, T\u00fcrkiye\u2019de r\u00fczgar\u0131 enerjiye d\u00f6n\u00fc\u015ft\u00fcrmek konusunda \u00f6nc\u00fc rol \u00fcstlenen ve <strong>SoyutWind<\/strong> markas\u0131yla <strong>r\u00fczgar sanayinin geli\u015fimine<\/strong> kap\u0131 aralayan <strong>\u00c7olak Holding<\/strong>, bu ba\u015far\u0131n\u0131n mimarlar\u0131 aras\u0131nda \u00f6ne \u00e7\u0131kt\u0131.<\/p>\n<p>50. y\u0131l mesajlar\u0131n\u0131 payla\u015fan \u00c7olak Holding Kurucusu ve Onursal Ba\u015fkan\u0131 Hasan \u00c7olak, <em>\u201cMakine m\u00fchendisi oldu\u011fum i\u00e7in kuruldu\u011fu g\u00fcnden bu yana a\u011f\u0131rl\u0131kl\u0131 olarak <strong>makine \u00fcretimi<\/strong> ve <strong>m\u00fchendislik sekt\u00f6rleri<\/strong> ba\u015fta olmak \u00fczere<strong> in\u015faat &#8211; taahh\u00fct, enerji, finans ve d\u0131\u015f ticaret<\/strong> alanlar\u0131nda da faaliyet g\u00f6steren <strong>\u00c7olak Holding<\/strong> ve tescilli markam\u0131z <strong>\u201cSOYUT\u201d<\/strong>, 2024 itibar\u0131yla 50. y\u0131l\u0131n\u0131 kutluyor. 1974\u2019te kurulan ve hen\u00fcz yasal \u00e7er\u00e7eve \u00e7izilmemi\u015fken, 2000\u2019li y\u0131llar\u0131n ba\u015f\u0131nda r\u00fczgar enerjisinin \u00fclkemizdeki geli\u015fiminde lider rol \u00fcstlenen <strong>\u00c7olak Holding<\/strong> ve enerji alan\u0131ndaki i\u015ftirakimiz <strong>SoyutWind<\/strong> olarak, sekt\u00f6r\u00fcn ula\u015ft\u0131\u011f\u0131 konumdan mutluyuz. Cumhuriyetimizin yeni y\u00fczy\u0131l\u0131na girerken, 50. y\u0131l\u0131m\u0131z\u0131 kutlaman\u0131n gururunu ya\u015f\u0131yoruz\u201d<\/em> dedi.<\/p>\n<h3><strong>T\u00fcrkiye\u2019nin \u0130lk R\u00fczgar T\u00fcrbinini \u00dcretti ve \u0130hra\u00e7 Etti<\/strong><\/h3>\n<p>T\u00dcREB verilerinde, T\u00fcrkiye&#8217;nin \u00fcretti\u011fi r\u00fczgar ekipmanlar\u0131n\u0131n %75\u2019ini ihra\u00e7 etti\u011fi g\u00f6r\u00fcld\u00fc. \u00d6te yandan K\u00fcresel R\u00fczgar Enerjisi Konseyi (GWEC) taraf\u0131ndan, 2023 sonu itibar\u0131yla k\u00fcresel \u00e7apta kurulu g\u00fcc\u00fcn 1 teravata ula\u015farak r\u00fczgar enerjisinde teravat \u00e7a\u011f\u0131n\u0131n ba\u015flayaca\u011f\u0131 tahmin edildi. T\u00fcrkiye\u2019nin r\u00fczgar enerjisi ekipman\u0131 ihracat\u0131yla r\u00fczgardan elde edilen enerjinin pay\u0131n\u0131n artmas\u0131nda \u00f6nemli bir rol oynad\u0131\u011f\u0131n\u0131 belirten <strong>Hasan \u00c7olak,\u00a0<\/strong><\/p>\n<p><em>\u201c2000 y\u0131l\u0131nda r\u00fczgar t\u00fcrbini \u00fcretimine ba\u015flayan, SoyutWind markas\u0131yla 2004 y\u0131l\u0131nda 250 kilowatt g\u00fcc\u00fcndeki ilk lisanss\u0131z r\u00fczgar t\u00fcrbinini \u00fcreten, kuran ve bu \u00fcr\u00fcn\u00fcn ilk ihracat\u00e7\u0131s\u0131 olma ba\u015far\u0131s\u0131n\u0131 yakalayan \u00c7olak Holding olarak, 20 y\u0131l gibi k\u0131sa bir s\u00fcrede r\u00fczgar enerjisi alan\u0131nda \u00fclkemizin kat etti\u011fi yolu dikkate de\u011fer buluyoruz. \u00c7olak Holding\u2019in r\u00fczgar sanayine odaklanan SoyutWind markas\u0131, imzac\u0131lar\u0131ndan oldu\u011fu bu ba\u015far\u0131y\u0131 ilklerle ta\u00e7land\u0131r\u0131yor. 2020\u2019de 50 kilowatt g\u00fcc\u00fcndeki yerli sabit m\u0131knat\u0131s jenerat\u00f6r (PMG) \u00fcreten ilk \u015firket olduk. Ayn\u0131 y\u0131l artan kullan\u0131c\u0131 talebini kar\u015f\u0131lamak i\u00e7in<strong> ev tipi r\u00fczgar t\u00fcrbinlerinin imalat\u0131na<\/strong> ba\u015flad\u0131k. Ayn\u0131 zamanda, <strong>s\u0131f\u0131r r\u00fczgar t\u00fcrbini \u00fcretiminin<\/strong> artan maliyetleri dolay\u0131s\u0131yla r\u00fczgar enerjisi yat\u0131r\u0131m\u0131 yapmak isteyenlerin s\u0131k\u00e7a ba\u015fvurdu\u011fu <strong>ikinci el yenilenmi\u015f (refurbished) t\u00fcrbinlerin tamir, servis<\/strong> ve<strong> bak\u0131m hizmetlerini<\/strong> sa\u011fl\u0131yoruz\u201d<\/em> diye konu\u015ftu.<\/p>\n<h3><strong>\u201cBa\u011f\u0131ms\u0131z, S\u00fcrd\u00fcr\u00fclebilir, Temiz Bir Ya\u015fam\u201d<\/strong><\/h3>\n<p>1974\u2019ten bu yana k\u00f6m\u00fcr santrallari, hidroelektrik santrallar\u0131 ve g\u00fcne\u015f enerjisi gibi enerjinin farkl\u0131 alanlar\u0131nda \u00e7al\u0131\u015ft\u0131klar\u0131n\u0131 vurgulayan Hasan \u00c7olak, <em>\u201c1998\u2019de Alman bir ekiple Ar-Ge faaliyetlerine ba\u015flad\u0131k ve 2000 y\u0131l\u0131nda T\u00fcrkiye\u2019nin ilk r\u00fczgar t\u00fcrbinini \u00fcrettik. Test ve denemeler \u00e7ok me\u015fakkatli olsa da emeklerimizin kar\u015f\u0131l\u0131\u011f\u0131n\u0131 ald\u0131k. Son d\u00f6nemde, yakla\u015f\u0131k 2 y\u0131ll\u0131k Ar-Ge \u00e7al\u0131\u015fmas\u0131n\u0131n ard\u0131ndan SoyutWind markas\u0131yla k\u00fc\u00e7\u00fck g\u00fc\u00e7lerde ev tipi r\u00fczgar t\u00fcrbinlerinin imalat\u0131na y\u00f6neliyoruz. Zira bireysel kullan\u0131c\u0131lardan gelen talep art\u0131yor. Herkesin kendi evine <strong>3, 5, 10 kilowatt<\/strong> g\u00fcc\u00fcnde<strong> r\u00fczgar t\u00fcrbini kurarak<\/strong> temiz enerji \u00fcretmeye ba\u015flamas\u0131na olanak tan\u0131yan<strong> ev tipi t\u00fcrbinler<\/strong>, bireylerin daha <strong>ba\u011f\u0131ms\u0131z, s\u00fcrd\u00fcr\u00fclebilir<\/strong> ve <strong>temiz bir ya\u015fam s\u00fcrmelerine<\/strong> imkan sa\u011fl\u0131yor. Bunun yan\u0131 s\u0131ra <strong>Soyut WindMill<\/strong> markam\u0131zla evlerin, \u00e7ift\u00e7ilerin ve sulama kooperatiflerinin su ihtiyac\u0131n\u0131 r\u00fczgar g\u00fcc\u00fcyle kar\u015f\u0131layan <strong>mekanik su pompalar\u0131<\/strong> ve <strong>Soyut Karavan markas\u0131yla<\/strong> \u00fcretti\u011fimiz<strong> mobil ya\u015fam alanlar\u0131, ba\u011f\u0131ms\u0131z, \u00e7evreci, s\u00fcrd\u00fcr\u00fclebilir ve temiz ya\u015fam fikrini<\/strong> destekliyor\u201d<\/em> ifadelerini kulland\u0131.<\/p>\n<h3><strong>50. Y\u0131l\u0131nda R\u00fczgar Sanayisine Kad\u0131n M\u00fchendisler Kazand\u0131racak<\/strong><\/h3>\n<p>\u00c7olak Holding olarak 50 y\u0131la s\u0131\u011fd\u0131rd\u0131klar\u0131 ba\u015far\u0131lar\u0131n arkas\u0131nda, T\u00fcrkiye\u2019nin en iyi \u00fcniversitelerinden mezun olmu\u015f nitelikli m\u00fchendislerin \u00e7al\u0131\u015fkanl\u0131\u011f\u0131n\u0131n \u00f6nemli bir pay\u0131 oldu\u011funu vurgulayan <strong>\u00c7olak Holding Kurucusu ve Onursal Ba\u015fkan\u0131 Hasan \u00c7olak<\/strong>, 50. y\u0131l de\u011ferlendirmelerini \u015fu ifadelerle sonland\u0131rd\u0131:<\/p>\n<p><em>\u201cBenimsedi\u011fi etik de\u011ferler ve &#8216;temiz teknoloji, temiz toplum&#8217; yakla\u015f\u0131m\u0131yla faaliyet g\u00f6stermeye odaklanan ve s\u00fcrd\u00fcr\u00fclebilir refah\u0131n ancak bu \u015fekilde sa\u011flanabilece\u011fine inanan \u00c7olak Holding, 50. y\u0131l\u0131n\u0131 kutlayaca\u011f\u0131 2024 itibar\u0131yla T\u00fcrkiye ve d\u00fcnyan\u0131n farkl\u0131 b\u00f6lgelerinde <strong>temiz teknolojilere, \u00e7evreye duyarl\u0131 \u00fcr\u00fcnlerin Ar-Ge \u00e7al\u0131\u015fmalar\u0131na<\/strong> ve <strong>giri\u015fim sermayesi yat\u0131r\u0131mlar\u0131na<\/strong> a\u011f\u0131rl\u0131k verecek. Ayr\u0131ca 50. y\u0131l\u0131m\u0131zda, lider \u015firketlerin toplumsal sorumluluklar\u0131 oldu\u011fu bilinciyle, yerli teknolojiyle \u00fcretim yaparak istihdam yaratan <strong>\u00c7olak Holding<\/strong> olarak, <strong>T\u00fcrkiye\u2019deki kad\u0131n m\u00fchendis say\u0131s\u0131n\u0131 art\u0131rmaya<\/strong> y\u00f6nelik bir <strong>sosyal sorumluluk projesine<\/strong> imza ataca\u011f\u0131z. Kad\u0131nlar\u0131n m\u00fchendislik e\u011fitimi alarak T\u00fcrk sanayisine daha \u00e7ok katk\u0131da bulunmas\u0131n\u0131 \u00fcmit ediyoruz. Bu kapsamda <strong>sadece \u00fcniversite \u00f6ncesi k\u0131z \u00e7ocuklar\u0131na<\/strong> y\u00f6nelik <strong>r\u00fczgar t\u00fcrbini \u00fcretimini<\/strong> \u00f6\u011frenebilecekleri <strong>temel bir program<\/strong> haz\u0131rl\u0131yoruz.<strong> S\u00fcrd\u00fcr\u00fclebilir<\/strong> ve <strong>ye\u015fil gelecek<\/strong> i\u00e7in k\u00fcresel \u00e7abalar\u0131n artt\u0131\u011f\u0131 bu d\u00f6nemde, <strong>\u00c7olak Holding, SoyutWind<\/strong> ve di\u011fer i\u015ftiraklerimiz, hem \u00fclkemizin hem de d\u00fcnyan\u0131n kurulu <strong>r\u00fczgar enerjisi g\u00fcc\u00fcne \u00fcretim<\/strong> ve <strong>ihracatla destek olmay\u0131<\/strong> s\u00fcrd\u00fcrecek.&#8221;<\/em><\/p>","protected":false},"excerpt":{"rendered":"<p>Sorry, this entry is only available in Turkish. For the sake of viewer convenience, the content is shown below in the alternative language. You may click the link to switch the active language. K\u00fcresel R\u00fczgar Enerjisi Konseyi 2023 sonunda k\u00fcresel r\u00fczgar enerjisi kurulu g\u00fcc\u00fcnde teravat \u00e7a\u011f\u0131n\u0131n ba\u015flayaca\u011f\u0131na i\u015faret ederken, T\u00fcrkiye Avrupa&#8217;n\u0131n en b\u00fcy\u00fck 5. r\u00fczgar [&hellip;]<\/p>\n","protected":false},"author":1,"featured_media":182501,"comment_status":"open","ping_status":"open","sticky":false,"template":"","format":"standard","meta":[],"categories":[53,50],"tags":[111758,111757,111759,111755,5320,111756],"views":48,"_links":{"self":[{"href":"https:\/\/www.enerjigazetesi.ist\/en\/wp-json\/wp\/v2\/posts\/182499"}],"collection":[{"href":"https:\/\/www.enerjigazetesi.ist\/en\/wp-json\/wp\/v2\/posts"}],"about":[{"href":"https:\/\/www.enerjigazetesi.ist\/en\/wp-json\/wp\/v2\/types\/post"}],"author":[{"embeddable":true,"href":"https:\/\/www.enerjigazetesi.ist\/en\/wp-json\/wp\/v2\/users\/1"}],"replies":[{"embeddable":true,"href":"https:\/\/www.enerjigazetesi.ist\/en\/wp-json\/wp\/v2\/comments?post=182499"}],"version-history":[{"count":0,"href":"https:\/\/www.enerjigazetesi.ist\/en\/wp-json\/wp\/v2\/posts\/182499\/revisions"}],"wp:featuredmedia":[{"embeddable":true,"href":"https:\/\/www.enerjigazetesi.ist\/en\/wp-json\/wp\/v2\/media\/182501"}],"wp:attachment":[{"href":"https:\/\/www.enerjigazetesi.ist\/en\/wp-json\/wp\/v2\/media?parent=182499"}],"wp:term":[{"taxonomy":"category","embeddable":true,"href":"https:\/\/www.enerjigazetesi.ist\/en\/wp-json\/wp\/v2\/categories?post=182499"},{"taxonomy":"post_tag","embeddable":true,"href":"https:\/\/www.enerjigazetesi.ist\/en\/wp-json\/wp\/v2\/tags?post=182499"}],"curies":[{"name":"wp","href":"https:\/\/api.w.org\/{rel}","templated":true}]}}