{"id":182456,"date":"2023-12-20T16:21:28","date_gmt":"2023-12-20T13:21:28","guid":{"rendered":"https:\/\/www.enerjigazetesi.ist\/?p=182456"},"modified":"2023-12-20T16:21:48","modified_gmt":"2023-12-20T13:21:48","slug":"kas-in-toplam-sebeke-uzunlugu-yuzde-21-trafo-gucu-yuzde-46-artti","status":"publish","type":"post","link":"https:\/\/www.enerjigazetesi.ist\/en\/kas-in-toplam-sebeke-uzunlugu-yuzde-21-trafo-gucu-yuzde-46-artti\/","title":{"rendered":"(Turkish) Ka\u015f\u2019\u0131n Toplam \u015eebeke Uzunlu\u011fu % 21 Trafo G\u00fcc\u00fc % 46 Artt\u0131"},"content":{"rendered":"<p class=\"qtranxs-available-languages-message qtranxs-available-languages-message-en\">Sorry, this entry is only available in <a href=\"https:\/\/www.enerjigazetesi.ist\/tr\/wp-json\/wp\/v2\/posts\/182456\" class=\"qtranxs-available-language-link qtranxs-available-language-link-tr\" title=\"Turkish\">Turkish<\/a>. For the sake of viewer convenience, the content is shown below in the alternative language. You may click the link to switch the active language.<\/p><p><\/p>\n<h2><strong>AEDA\u015e\u2019\u0131n 2018-2023 y\u0131llar\u0131 aras\u0131nda Antalya\u2019n\u0131n g\u00f6zde turizm destinasyonu Ka\u015f\u2019a yapt\u0131\u011f\u0131 yat\u0131r\u0131mlar sonras\u0131nda b\u00f6lgedeki elektrik \u015febekesinin uzunlu\u011funda y\u00fczde 21, trafo g\u00fcc\u00fcnde ise y\u00fczde 46\u2019l\u0131k bir art\u0131\u015f sa\u011fland\u0131. \u015eirket b\u00f6lgenin ihtiya\u00e7lar\u0131na g\u00f6re haz\u0131rlad\u0131\u011f\u0131 2024 y\u0131l\u0131 yat\u0131r\u0131m planlamas\u0131n\u0131 da devreye alarak \u00e7al\u0131\u015fmalara ba\u015flad\u0131.<\/strong><\/h2>\n<p style=\"text-align: center;\"><img loading=\"lazy\" class=\"aligncenter wp-image-182460\" src=\"https:\/\/www.enerjigazetesi.ist\/wp-content\/uploads\/2023\/12\/kas-in-toplam-sebeke-uzunlugu-yuzde-21-trafo-gucu-yuzde-46-artti-1.jpg\" alt=\"\" width=\"500\" height=\"334\" srcset=\"https:\/\/www.enerjigazetesi.ist\/wp-content\/uploads\/2023\/12\/kas-in-toplam-sebeke-uzunlugu-yuzde-21-trafo-gucu-yuzde-46-artti-1.jpg 550w, https:\/\/www.enerjigazetesi.ist\/wp-content\/uploads\/2023\/12\/kas-in-toplam-sebeke-uzunlugu-yuzde-21-trafo-gucu-yuzde-46-artti-1-300x200.jpg 300w, https:\/\/www.enerjigazetesi.ist\/wp-content\/uploads\/2023\/12\/kas-in-toplam-sebeke-uzunlugu-yuzde-21-trafo-gucu-yuzde-46-artti-1-500x334.jpg 500w, https:\/\/www.enerjigazetesi.ist\/wp-content\/uploads\/2023\/12\/kas-in-toplam-sebeke-uzunlugu-yuzde-21-trafo-gucu-yuzde-46-artti-1-75x50.jpg 75w, https:\/\/www.enerjigazetesi.ist\/wp-content\/uploads\/2023\/12\/kas-in-toplam-sebeke-uzunlugu-yuzde-21-trafo-gucu-yuzde-46-artti-1-450x300.jpg 450w\" sizes=\"(max-width: 500px) 100vw, 500px\" \/><\/p>\n<p><strong>Antalya, Burdur ve Isparta<\/strong>\u2019da<strong> 2.3 milyonun \u00fczerinde abonesi<\/strong> bulunan Akdeniz Elektrik Da\u011f\u0131t\u0131m A.\u015e. (AEDA\u015e), \u00a0kesintisiz, kaliteli ve y\u00fcksek standartta elektrik da\u011f\u0131t\u0131m hizmeti i\u00e7in,<strong> bak\u0131m, onar\u0131m ve yat\u0131r\u0131m \u00e7al\u0131\u015fmalar\u0131na<\/strong> aral\u0131ks\u0131z devam ediyor. Her b\u00f6lgenin \u00f6zellikleri ve ihtiya\u00e7lar\u0131na g\u00f6re yat\u0131r\u0131m planlamas\u0131 yapan AEDA\u015e, T\u00fcrkiye\u2019nin turizm ba\u015fkenti Antalya\u2019da yerli ve yabanc\u0131 turistin yo\u011fun ilgi g\u00f6sterdi\u011fi destinasyonlara y\u00f6nelik \u00f6zel \u00e7al\u0131\u015fmalar ger\u00e7ekle\u015ftiriyor.<\/p>\n<p>AEDA\u015e\u2019\u0131n bu kapsamda e\u015fsiz do\u011fas\u0131 ile T\u00fcrkiye\u2019nin en g\u00f6zde tatil beldelerinden olan Ka\u015f\u2019\u0131n enerji altyap\u0131s\u0131na <strong>son 5 y\u0131lda yapt\u0131\u011f\u0131 yat\u0131r\u0131mlar\u0131n<\/strong> sonucunda b\u00f6lgenin trafo g\u00fcc\u00fc <strong>y\u00fczde 46<\/strong>\u2019n\u0131n \u00fczerinde artm\u0131\u015f durumda. Ka\u015f il\u00e7esinde <strong>2018 \u2013 2023 y\u0131llar\u0131<\/strong> aras\u0131ndaki <strong>5 y\u0131ll\u0131k d\u00f6nemde<\/strong> yap\u0131lan yat\u0131r\u0131m \u00e7al\u0131\u015fmalar\u0131 ile mevcut trafo g\u00fcc\u00fc <strong>137 bin kVA<\/strong>\u2019ya, toplam trafo say\u0131s\u0131 da<strong> 133 yeni trafo tesisi<\/strong> ile <strong>428<\/strong>\u2019e ula\u015ft\u0131. Yine ayn\u0131 d\u00f6nemde <strong>yenileme ve kapasite art\u0131\u015f\u0131 yat\u0131r\u0131mlar\u0131<\/strong> ile <strong>al\u00e7ak gerilim \u015febeke uzunlu\u011fu 1.240 km\u2019ye<\/strong>, <strong>orta gerilim \u015febeke uzunlu\u011fu ise 666 km\u2019ye<\/strong> \u00e7\u0131kar\u0131ld\u0131. Bu yat\u0131r\u0131mlar ile birlikte<strong> son 5 y\u0131lda Ka\u015f il\u00e7esindeki<\/strong> mevcut \u015febeke uzunlu\u011fu da <strong>y\u00fczde 21<\/strong> artt\u0131.<\/p>\n<h3><strong>2024 YATIRIM PLANLAMASI TAMAMLANDI<\/strong><\/h3>\n<p>Y\u0131l i\u00e7inde Ka\u015f\u2019ta yo\u011fun bir yat\u0131r\u0131m, bak\u0131m ve onar\u0131m \u00e7al\u0131\u015fmas\u0131 y\u00fcr\u00fcten AEDA\u015e, <strong>7<\/strong> trafo b\u00f6lgesinde <strong>97,8 km\u2019de<\/strong> <strong>al\u00e7ak gerilim hat bak\u0131m\u0131<\/strong> ger\u00e7ekle\u015ftirdi. Hat bak\u0131mlar\u0131 s\u0131ras\u0131nda <strong>422 dire\u011fi yenileyen<\/strong> \u015firket, <strong>26,9 km<\/strong>\u2019lik hatta <strong>yeni iletken \u00e7ekti<\/strong>,<strong> orta gerilim seviyesinde<\/strong> ise <strong>34 km\u2019lik hatta bak\u0131m<\/strong> yapt\u0131.<\/p>\n<p>2023\u2019\u00fcn bitmesine say\u0131l\u0131 g\u00fcnler kala AEDA\u015e, Ka\u015f\u2019a y\u00f6nelik 2024 y\u0131l\u0131 yat\u0131r\u0131m planlamas\u0131n\u0131 da tamamlayarak \u00e7al\u0131\u015fmalara ba\u015flad\u0131. Planlamalar do\u011frultusunda 2024 y\u0131l\u0131nda <strong>Ka\u015f il\u00e7esi<\/strong> i\u00e7in <strong>375 milyon TL yat\u0131r\u0131m<\/strong> b\u00fct\u00e7esi \u00f6ng\u00f6r\u00fcld\u00fc. \u00a0\u015eirket, <strong>2024<\/strong>\u2019te <strong>Ova, Belenli, Bezirgan, Akbel, K\u00f6rdere, \u0130slamlar, \u00dcz\u00fcml\u00fc, Kalamar, \u00c7ayk\u00f6y, \u00c7avd\u0131r ve K\u0131n\u0131k Mahalleleri<\/strong> ba\u015fta olmak \u00fczere tamamlanmas\u0131 \u00f6ng\u00f6r\u00fclen <strong>52<\/strong> adet ilave trafo, <strong>75 km<\/strong> havai al\u00e7ak gerilim \u015febeke,<strong> 62 km<\/strong> havai orta gerilim \u015febeke ile <strong>42 km<\/strong> yeralt\u0131 orta gerilim \u015febeke, <strong>10 km<\/strong> yeralt\u0131 al\u00e7ak \u015febeke tesis edilmesi i\u00e7in \u00e7al\u0131\u015fmalar\u0131n\u0131 aral\u0131ks\u0131z s\u00fcrd\u00fcr\u00fcyor.<\/p>\n<h3><strong>2013 YILINDAN BU YANA ABONE SAYISI Y\u00dcZDE 52 Y\u00dcKSELD\u0130<\/strong><\/h3>\n<p>AEDA\u015e, b\u00f6lgenin \u00f6rt\u00fc alt\u0131 serac\u0131l\u0131k faaliyeti ve il\u00e7e genelinde muhtelif lokasyonlarda g\u00fcn\u00fcbirlik turizm amac\u0131yla kiralama yap\u0131lan konutlar\u0131n yo\u011funlukta olmas\u0131 nedeniyle yat\u0131r\u0131mlar\u0131n\u0131 \u00f6zellikle ihtiyac\u0131n artt\u0131\u011f\u0131 noktalara g\u00f6re \u00f6nceliklendiriyor. B\u00f6lgedeki enerji talebinin art\u0131\u015f\u0131nda, Akdeniz b\u00f6lgesinde 2013 y\u0131l\u0131nda <strong>\u00f6zelle\u015ftirme s\u00fcrecinin tamamlanmas\u0131ndan<\/strong> <strong>sonra abone say\u0131s\u0131ndaki y\u00fckseli\u015f de etkili oluyor.<\/strong> AEDA\u015e\u2019\u0131n 2013 y\u0131l\u0131nda <strong>Ka\u015f<\/strong>\u2019ta <strong>37 bin 350<\/strong> olan abone say\u0131s\u0131 aradan ge\u00e7en s\u00fcrede <strong>y\u00fczde 52<\/strong>\u2019nin \u00fczerinde artarak <strong>2023 y\u0131l\u0131<\/strong> itibar\u0131yla <strong>56 bin 996\u2019ya<\/strong> ula\u015fm\u0131\u015f durumda.<\/p>","protected":false},"excerpt":{"rendered":"<p>Sorry, this entry is only available in Turkish. For the sake of viewer convenience, the content is shown below in the alternative language. You may click the link to switch the active language. AEDA\u015e\u2019\u0131n 2018-2023 y\u0131llar\u0131 aras\u0131nda Antalya\u2019n\u0131n g\u00f6zde turizm destinasyonu Ka\u015f\u2019a yapt\u0131\u011f\u0131 yat\u0131r\u0131mlar sonras\u0131nda b\u00f6lgedeki elektrik \u015febekesinin uzunlu\u011funda y\u00fczde 21, trafo g\u00fcc\u00fcnde ise y\u00fczde [&hellip;]<\/p>\n","protected":false},"author":1,"featured_media":182459,"comment_status":"open","ping_status":"open","sticky":false,"template":"","format":"standard","meta":[],"categories":[51,53],"tags":[31338,101448,102986,4546,111742,20596,111744,111743,109043],"views":34,"_links":{"self":[{"href":"https:\/\/www.enerjigazetesi.ist\/en\/wp-json\/wp\/v2\/posts\/182456"}],"collection":[{"href":"https:\/\/www.enerjigazetesi.ist\/en\/wp-json\/wp\/v2\/posts"}],"about":[{"href":"https:\/\/www.enerjigazetesi.ist\/en\/wp-json\/wp\/v2\/types\/post"}],"author":[{"embeddable":true,"href":"https:\/\/www.enerjigazetesi.ist\/en\/wp-json\/wp\/v2\/users\/1"}],"replies":[{"embeddable":true,"href":"https:\/\/www.enerjigazetesi.ist\/en\/wp-json\/wp\/v2\/comments?post=182456"}],"version-history":[{"count":0,"href":"https:\/\/www.enerjigazetesi.ist\/en\/wp-json\/wp\/v2\/posts\/182456\/revisions"}],"wp:featuredmedia":[{"embeddable":true,"href":"https:\/\/www.enerjigazetesi.ist\/en\/wp-json\/wp\/v2\/media\/182459"}],"wp:attachment":[{"href":"https:\/\/www.enerjigazetesi.ist\/en\/wp-json\/wp\/v2\/media?parent=182456"}],"wp:term":[{"taxonomy":"category","embeddable":true,"href":"https:\/\/www.enerjigazetesi.ist\/en\/wp-json\/wp\/v2\/categories?post=182456"},{"taxonomy":"post_tag","embeddable":true,"href":"https:\/\/www.enerjigazetesi.ist\/en\/wp-json\/wp\/v2\/tags?post=182456"}],"curies":[{"name":"wp","href":"https:\/\/api.w.org\/{rel}","templated":true}]}}