{"id":182447,"date":"2023-12-20T15:44:43","date_gmt":"2023-12-20T12:44:43","guid":{"rendered":"https:\/\/www.enerjigazetesi.ist\/?p=182447"},"modified":"2023-12-20T15:45:13","modified_gmt":"2023-12-20T12:45:13","slug":"elder-bm-iklim-degisikligi-konferanslari-nin-resmi-gozlemcisi-oldu","status":"publish","type":"post","link":"https:\/\/www.enerjigazetesi.ist\/en\/elder-bm-iklim-degisikligi-konferanslari-nin-resmi-gozlemcisi-oldu\/","title":{"rendered":"(Turkish) &#8217;Elder&#8217; BM \u0130klim De\u011fi\u015fikli\u011fi Konferanslar\u0131\u2019n\u0131n &#8220;Resmi G\u00f6zlemcisi&#8221; Oldu"},"content":{"rendered":"<p class=\"qtranxs-available-languages-message qtranxs-available-languages-message-en\">Sorry, this entry is only available in <a href=\"https:\/\/www.enerjigazetesi.ist\/tr\/wp-json\/wp\/v2\/posts\/182447\" class=\"qtranxs-available-language-link qtranxs-available-language-link-tr\" title=\"Turkish\">Turkish<\/a>. For the sake of viewer convenience, the content is shown below in the alternative language. You may click the link to switch the active language.<\/p><p><\/p>\n<h2>T\u00fcrkiye\u2019de elektrik da\u011f\u0131t\u0131m sekt\u00f6r\u00fcn\u00fcn \u00e7at\u0131 \u00f6rg\u00fct\u00fc Elektrik Da\u011f\u0131t\u0131m Hizmetleri Derne\u011fi (Elder), Birle\u015fmi\u015f Milletler \u0130klim De\u011fi\u015fikli\u011fi \u00c7er\u00e7eve S\u00f6zle\u015fmesi (UNFCCC) Taraflar Konferans\u0131\u2019n\u0131n (COP) resmi g\u00f6zlemcileri aras\u0131na kabul edildi. Birle\u015fmi\u015f Milletler (UN) taraf\u0131ndan 12 Aral\u0131k 2023 tarihinde a\u00e7\u0131klanan COP oturumlar\u0131nda resmi g\u00f6zlemci olarak kabul edilen kurumlar listesinde, T\u00fcrkiye enerji sekt\u00f6r\u00fcnden tek sivil toplum kurulu\u015fu (STK) olarak Elder yer ald\u0131.<\/h2>\n<p>\u0130klim De\u011fi\u015fikli\u011fi Konferanslar\u0131\u2019na Elder\u2019in g\u00f6zlemci stat\u00fcs\u00fc ile kat\u0131l\u0131m\u0131n\u0131n, k\u00fcresel d\u00fczeyde kamu ve \u00f6zel sekt\u00f6r\u00fcn t\u00fcm payda\u015flar\u0131yla bir araya gelme f\u0131rsat\u0131 verdi\u011fini kaydeden <em><strong>Elder Y\u00f6netim Kurulu <img loading=\"lazy\" class=\"alignright wp-image-182449\" src=\"https:\/\/www.enerjigazetesi.ist\/wp-content\/uploads\/2023\/12\/elder-bm-iklim-degisikligi-konferanslari-nin-resmi-gozlemcisi-oldu.jpg\" alt=\"\" width=\"320\" height=\"255\" srcset=\"https:\/\/www.enerjigazetesi.ist\/wp-content\/uploads\/2023\/12\/elder-bm-iklim-degisikligi-konferanslari-nin-resmi-gozlemcisi-oldu.jpg 550w, https:\/\/www.enerjigazetesi.ist\/wp-content\/uploads\/2023\/12\/elder-bm-iklim-degisikligi-konferanslari-nin-resmi-gozlemcisi-oldu-300x239.jpg 300w, https:\/\/www.enerjigazetesi.ist\/wp-content\/uploads\/2023\/12\/elder-bm-iklim-degisikligi-konferanslari-nin-resmi-gozlemcisi-oldu-500x398.jpg 500w, https:\/\/www.enerjigazetesi.ist\/wp-content\/uploads\/2023\/12\/elder-bm-iklim-degisikligi-konferanslari-nin-resmi-gozlemcisi-oldu-63x50.jpg 63w\" sizes=\"(max-width: 320px) 100vw, 320px\" \/>Ba\u015fkan\u0131 K\u0131van\u00e7 Zaimler,<\/strong><\/em> <em>\u201cB\u00f6ylelikle politika yap\u0131m s\u00fcre\u00e7lerinden teknolojik geli\u015fmelere kadar bir\u00e7ok alanda g\u00f6r\u00fc\u015f ve deneyim al\u0131\u015fveri\u015finde bulunabiliyoruz\u201d<\/em> de\u011ferlendirmesinde bulundu.<\/p>\n<h3><strong>\u201cK\u00dcRESEL B\u0130LG\u0130 B\u0130R\u0130K\u0130M\u0130NE KATKI YAPMAK EN B\u00dcY\u00dcK HEDEF\u0130M\u0130Z\u201d<\/strong><\/h3>\n<p><em>\u201cT\u00fcrkiye\u2019nin, 2053 Net S\u0131f\u0131r Emisyon taahh\u00fcd\u00fcne katk\u0131 sunmak i\u00e7in Orta Vadeli Programda yer alan <strong>Ye\u015fil Enerji<\/strong> ve <strong>Dijital D\u00f6n\u00fc\u015f\u00fcmden<\/strong> olu\u015fan <strong>ikiz d\u00f6n\u00fc\u015f\u00fcm\u00fcn<\/strong> \u00f6neminin fark\u0131nday\u0131z\u201d<\/em> diyen Zaimler \u015funlar\u0131 s\u00f6yledi. <em>\u201cDa\u011f\u0131t\u0131k \u00fcretim santralleri, elektrikli ara\u00e7lar, depolama birimleri ve \u0131s\u0131 pompalar\u0131 gibi yeni teknolojilerin zaman\u0131nda \u015febekeye ba\u011flanabilmesi i\u00e7in elektrik da\u011f\u0131t\u0131m \u015febekelerine her y\u0131l daha \u00e7ok yat\u0131r\u0131m yap\u0131yoruz. Bu varl\u0131klar\u0131n y\u00f6netimi i\u00e7in; dijital d\u00f6n\u00fc\u015f\u00fcm, siber g\u00fcvenlik ve yapay zeka gibi alanlarda yetkinliklerimizi geli\u015ftiriyoruz. Elder olarak, \u00fclkemizin<strong> 2053 Net S\u0131f\u0131r Emisyon hedefine<\/strong> ula\u015fabilmesinde <strong>da\u011f\u0131t\u0131m \u015febekelerinin geni\u015flemesinin<\/strong> ve <strong>yenilenmesinin<\/strong> yan\u0131 s\u0131ra \u00e7evreyle uyumlu ve ak\u0131ll\u0131 bir \u015fekilde y\u00f6netilmesini \u00f6nceliklendiriyoruz. Bu \u00e7er\u00e7evede, <strong>COP konferanslar\u0131n\u0131n<\/strong> \u00f6nemli bir payda\u015f\u0131 olmak ve k\u00fcresel bilgi birikimine katk\u0131 yapmak en b\u00fcy\u00fck hedefimiz.\u201d<\/em><\/p>\n<h3><strong>COP28\u2019TE T\u00dcRK\u0130YE ENERJ\u0130 SEKT\u00d6R\u00dcN\u00dc TEMS\u0130L EDEN TEK STK OLDU<\/strong><\/h3>\n<p>K\u00fcresel i\u015f birli\u011finin ve inisiyatifin \u00f6neminin bilincinde olan Elder,<strong> 30 Kas\u0131m-12 Aral\u0131k<\/strong> tarihlerinde Dubai&#8217;de d\u00fczenlenen <strong>COP28<\/strong>\u2019de g\u00f6zlemci olarak bulunmu\u015ftu. T\u00fcm d\u00fcnyan\u0131n en b\u00fcy\u00fck g\u00fcndem maddesi olan COP28\u2019de T\u00fcrkiye enerji sekt\u00f6r\u00fcn\u00fc temsil eden tek STK olan Elder, d\u00fcnya \u00e7ap\u0131nda geli\u015fen perspektifleri takip etmeye y\u00f6nelik proaktif yakla\u015f\u0131m\u0131n\u0131, yapt\u0131\u011f\u0131 ba\u015fvuru ve ald\u0131\u011f\u0131 sonu\u00e7 ile kan\u0131tlam\u0131\u015f oldu.<\/p>\n<p>Elektrik da\u011f\u0131t\u0131m hizmeti kapsam\u0131nda <strong>enerji d\u00f6n\u00fc\u015f\u00fcm\u00fcn\u00fcn kolayla\u015ft\u0131r\u0131c\u0131s\u0131, kay\u0131plar\u0131n azalt\u0131lmas\u0131<\/strong> ve <strong>karbonsuz tedarik temel alanlar\u0131na odaklanan<\/strong> sekt\u00f6r\u00fcn \u00e7at\u0131 derne\u011fi Elder, mevcut \u015febeke altyap\u0131s\u0131n\u0131 titizlikle de\u011ferlendiriyor ve gelecekteki ihtiya\u00e7lar\u0131 kar\u015f\u0131lamak i\u00e7in \u00e7al\u0131\u015fmalar yap\u0131yor, enerji kay\u0131plar\u0131n\u0131 \u00f6nlemek i\u00e7in teknolojik gereksinimleri yak\u0131ndan izliyor.<\/p>\n<h3><strong>\u201c2013-2022 ARASINDA 33 M\u0130LYON TON KARBON EM\u0130SYONU AZALTILDI\u201d<\/strong><\/h3>\n<p>S\u0131f\u0131r emisyonlu enerji \u00fcretiminin yayg\u0131n olarak benimsenmesine \u00f6nemli bir katk\u0131da bulunacak \u015fekilde konumlanan Elder, kamu ve \u00f6zel sekt\u00f6r olmak \u00fczere sekt\u00f6r\u00fcn t\u00fcm payda\u015flar\u0131yla proaktif ileti\u015fim kuruyor, y\u00f6netmelik ve standartlardaki g\u00fcncellemelere \u00f6nc\u00fcl\u00fck ediyor. Bu arada etkili e\u011fitim programlar\u0131 d\u00fczenlerken yenilik\u00e7i pilot projeler ve ortak Ar-Ge giri\u015fimleri arac\u0131l\u0131\u011f\u0131yla di\u011fer sekt\u00f6r payda\u015flar\u0131yla i\u015f birli\u011fini te\u015fvik ediyor.<\/p>\n<p>G\u00fcncel de\u011feri toplamda <strong>628 milyon TL<\/strong> tutar\u0131nda <strong>34 ulusal fonlu Ar-Ge projesinin<\/strong> koordinat\u00f6rl\u00fc\u011f\u00fcn\u00fc \u00fcstlenen Elder\u2019in <strong>uluslararas\u0131 fonlu 7 projede<\/strong> sadece kendi pay\u0131na d\u00fc\u015fen b\u00fct\u00e7esi <strong>1,5 milyon Euro\u2019ya<\/strong> ula\u015fm\u0131\u015f bulunuyor. \u00d6nde gelen projeler aras\u0131nda <strong>Milli Ak\u0131ll\u0131 Saya\u00e7 Sistemleri (MASS), Yerli Yaz\u0131l\u0131m Ekosistemi, Dijital D\u00f6n\u00fc\u015f\u00fcm, E-Mobilite ve Siber G\u00fcvenlik<\/strong> gibi t\u00fcm sekt\u00f6r\u00fc kapsayan projeler yer alan Elder, Avrupa Birli\u011fi (AB) taraf\u0131ndan finanse edilen <strong>Elektrik Sekt\u00f6r\u00fcnde SF6 Gaz\u0131 Kullan\u0131m\u0131<\/strong> ile <strong>&#8220;\u0130klim Projesi&#8221;<\/strong> bir proje konsorsiyumu i\u00e7erisinde de yer ald\u0131.<\/p>\n<p>Kollektif \u00e7er\u00e7evede <strong>elektrik da\u011f\u0131t\u0131m sekt\u00f6r\u00fc de<\/strong> yapt\u0131\u011f\u0131 \u00e7al\u0131\u015fmalar ile <strong>karbon emisyonun azalt\u0131lmas\u0131<\/strong> y\u00f6n\u00fcnde faydalar\u0131yla \u00f6ne \u00e7\u0131k\u0131yor. 2013 y\u0131l\u0131nda \u00f6zelle\u015ftirme s\u00fcrecinin tamamlanmas\u0131 ile at\u0131lan ad\u0131mlar\u0131n ard\u0131ndan hayata ge\u00e7irilen yat\u0131r\u0131mlar ve \u00e7al\u0131\u015fmalar ile 2013 y\u0131l\u0131nda <strong>y\u00fczde 18<\/strong> olan T\u00fcrkiye genelindeki kay\u0131p enerji oran\u0131 2022\u2019de <strong>y\u00fczde 11\u2019e<\/strong> d\u00fc\u015fm\u00fc\u015f durumda. Bu 2013-2022 y\u0131llar\u0131 aras\u0131nda <strong>37 milyon a\u011faca e\u015fde\u011fer bir enerji kazan\u0131m\u0131<\/strong> sa\u011fland\u0131\u011f\u0131 ve <strong>33 milyon ton karbon emisyonu azalt\u0131ld\u0131\u011f\u0131<\/strong> anlam\u0131na geliyor. Ayn\u0131 zamanda enerji \u00fcretiminde kullan\u0131lan <strong>do\u011fal gaz<\/strong> ve <strong>ithal k\u00f6m\u00fcr<\/strong> gibi <strong>kaynaklar\u0131n ithalat\u0131n\u0131n azalt\u0131larak<\/strong> milyarlarca dolarl\u0131k d\u0131\u015f ticaret a\u00e7\u0131\u011f\u0131n\u0131n \u00f6n\u00fcne ge\u00e7ilmesi, T\u00fcrkiye ekonomisine sa\u011flanan bir ba\u015fka katk\u0131.<\/p>","protected":false},"excerpt":{"rendered":"<p>Sorry, this entry is only available in Turkish. For the sake of viewer convenience, the content is shown below in the alternative language. You may click the link to switch the active language. T\u00fcrkiye\u2019de elektrik da\u011f\u0131t\u0131m sekt\u00f6r\u00fcn\u00fcn \u00e7at\u0131 \u00f6rg\u00fct\u00fc Elektrik Da\u011f\u0131t\u0131m Hizmetleri Derne\u011fi (Elder), Birle\u015fmi\u015f Milletler \u0130klim De\u011fi\u015fikli\u011fi \u00c7er\u00e7eve S\u00f6zle\u015fmesi (UNFCCC) Taraflar Konferans\u0131\u2019n\u0131n (COP) resmi [&hellip;]<\/p>\n","protected":false},"author":1,"featured_media":182449,"comment_status":"open","ping_status":"open","sticky":false,"template":"","format":"standard","meta":[],"categories":[51,53],"tags":[111466,51264,15016,4546,111740],"views":35,"_links":{"self":[{"href":"https:\/\/www.enerjigazetesi.ist\/en\/wp-json\/wp\/v2\/posts\/182447"}],"collection":[{"href":"https:\/\/www.enerjigazetesi.ist\/en\/wp-json\/wp\/v2\/posts"}],"about":[{"href":"https:\/\/www.enerjigazetesi.ist\/en\/wp-json\/wp\/v2\/types\/post"}],"author":[{"embeddable":true,"href":"https:\/\/www.enerjigazetesi.ist\/en\/wp-json\/wp\/v2\/users\/1"}],"replies":[{"embeddable":true,"href":"https:\/\/www.enerjigazetesi.ist\/en\/wp-json\/wp\/v2\/comments?post=182447"}],"version-history":[{"count":0,"href":"https:\/\/www.enerjigazetesi.ist\/en\/wp-json\/wp\/v2\/posts\/182447\/revisions"}],"wp:featuredmedia":[{"embeddable":true,"href":"https:\/\/www.enerjigazetesi.ist\/en\/wp-json\/wp\/v2\/media\/182449"}],"wp:attachment":[{"href":"https:\/\/www.enerjigazetesi.ist\/en\/wp-json\/wp\/v2\/media?parent=182447"}],"wp:term":[{"taxonomy":"category","embeddable":true,"href":"https:\/\/www.enerjigazetesi.ist\/en\/wp-json\/wp\/v2\/categories?post=182447"},{"taxonomy":"post_tag","embeddable":true,"href":"https:\/\/www.enerjigazetesi.ist\/en\/wp-json\/wp\/v2\/tags?post=182447"}],"curies":[{"name":"wp","href":"https:\/\/api.w.org\/{rel}","templated":true}]}}