{"id":182433,"date":"2023-12-20T14:54:08","date_gmt":"2023-12-20T11:54:08","guid":{"rendered":"https:\/\/www.enerjigazetesi.ist\/?p=182433"},"modified":"2023-12-20T14:54:38","modified_gmt":"2023-12-20T11:54:38","slug":"shell-madeni-yag-portfoyune-midel-ve-mivolt-ile-guc-katiyor","status":"publish","type":"post","link":"https:\/\/www.enerjigazetesi.ist\/en\/shell-madeni-yag-portfoyune-midel-ve-mivolt-ile-guc-katiyor\/","title":{"rendered":"(Turkish) &#8217;Shell&#8217; Madeni Ya\u011f Portf\u00f6y\u00fcne MIDEL ve MIVOLT ile G\u00fc\u00e7 Kat\u0131yor"},"content":{"rendered":"<p class=\"qtranxs-available-languages-message qtranxs-available-languages-message-en\">Sorry, this entry is only available in <a href=\"https:\/\/www.enerjigazetesi.ist\/tr\/wp-json\/wp\/v2\/posts\/182433\" class=\"qtranxs-available-language-link qtranxs-available-language-link-tr\" title=\"Turkish\">Turkish<\/a>. For the sake of viewer convenience, the content is shown below in the alternative language. You may click the link to switch the active language.<\/p><p><\/p>\n<h2><strong>Shell,\u00a0<\/strong><strong>\u0130ngiltere merkezli M&amp;I Materials\u2019a ait MIDEL ve MIVOLT\u2019u b\u00fcnyesine katmak \u00fczere anla\u015fma ger\u00e7ekle\u015ftirdi. 2023 y\u0131l\u0131n\u0131n son \u00e7eyre\u011finde tamamlanmas\u0131 planlanan sat\u0131n alma s\u00fcreciyle Shell, madeni ya\u011f portf\u00f6y\u00fcn\u00fc yeni \u00fcr\u00fcnler ile zenginle\u015ftirecek.<\/strong><\/h2>\n<p><strong>Shell, M&amp;I Materials<\/strong> ile yeni <strong>bir sat\u0131n alma anla\u015fmas\u0131<\/strong> imzalad\u0131\u011f\u0131n\u0131 duyurdu. Buna g\u00f6re Shell, \u0130ngiltere merkezli kurumun MIDEL ve MIVOLT adl\u0131 madeni ya\u011flar alan\u0131ndaki i\u015f kollar\u0131n\u0131 sat\u0131n alacak. <img loading=\"lazy\" class=\"alignright wp-image-182435\" src=\"https:\/\/www.enerjigazetesi.ist\/wp-content\/uploads\/2023\/12\/shell-madeni-yag-portfoyune-midel-ve-mivolt-ile-guc-katiyor.jpg\" alt=\"\" width=\"320\" height=\"203\" srcset=\"https:\/\/www.enerjigazetesi.ist\/wp-content\/uploads\/2023\/12\/shell-madeni-yag-portfoyune-midel-ve-mivolt-ile-guc-katiyor.jpg 1137w, https:\/\/www.enerjigazetesi.ist\/wp-content\/uploads\/2023\/12\/shell-madeni-yag-portfoyune-midel-ve-mivolt-ile-guc-katiyor-300x190.jpg 300w, https:\/\/www.enerjigazetesi.ist\/wp-content\/uploads\/2023\/12\/shell-madeni-yag-portfoyune-midel-ve-mivolt-ile-guc-katiyor-1024x648.jpg 1024w, https:\/\/www.enerjigazetesi.ist\/wp-content\/uploads\/2023\/12\/shell-madeni-yag-portfoyune-midel-ve-mivolt-ile-guc-katiyor-768x486.jpg 768w, https:\/\/www.enerjigazetesi.ist\/wp-content\/uploads\/2023\/12\/shell-madeni-yag-portfoyune-midel-ve-mivolt-ile-guc-katiyor-500x317.jpg 500w, https:\/\/www.enerjigazetesi.ist\/wp-content\/uploads\/2023\/12\/shell-madeni-yag-portfoyune-midel-ve-mivolt-ile-guc-katiyor-80x50.jpg 80w\" sizes=\"(max-width: 320px) 100vw, 320px\" \/>Y\u0131l\u0131n 4. \u00e7eyre\u011finde tamamlanmas\u0131 hedeflenen sat\u0131n alma s\u00fcreciyle birlikte Shell, her iki markan\u0131n \u00fcr\u00fcn portf\u00f6y\u00fcn\u00fc ve deneyimini b\u00fcnyesine katacak.<\/p>\n<p>K\u00fcresel madeni ya\u011f sekt\u00f6r\u00fcnde uzun y\u0131llard\u0131r liderli\u011fi \u00fcstlenen Shell, <strong>MIDEL<\/strong>&#8216;in premium \u00fcr\u00fcn portf\u00f6y\u00fc ile <strong>Trafo Ya\u011flar\u0131<\/strong> alan\u0131nda hizmet verdi\u011fi <strong>enerji da\u011f\u0131t\u0131m\u0131, a\u00e7\u0131k deniz r\u00fczgar parklar\u0131 ve \u00e7eki\u015f g\u00fcc\u00fc sistemleri<\/strong> gibi kritik alanlardaki \u00fcr\u00fcnlerini zenginle\u015ftirecek. <strong>Shell Madeni Ya\u011flar<\/strong>, \u00fcr\u00fcn gam\u0131na sentetik ve do\u011fal ester bazl\u0131<strong> trafo s\u0131v\u0131lar\u0131<\/strong> ve hizmetleri ekleyerek m\u00fc\u015fterilerine <strong>biyo\u00e7\u00f6z\u00fcn\u00fcrl\u00fck ve yang\u0131na kar\u015f\u0131 koruma<\/strong> anlam\u0131nda daha g\u00fc\u00e7l\u00fc bir portf\u00f6y sunacak.<\/p>\n<p>MIVOLT&#8217;un geli\u015ftirdi\u011fi <strong>ester bazl\u0131 dald\u0131rma so\u011futma s\u0131v\u0131lar\u0131<\/strong> ile ise Shell, termal olarak verimli <strong>elektrikli ara\u00e7 bataryalar\u0131n\u0131n, batarya enerji depolama sistemlerinin<\/strong> ve <strong>veri merkezlerinin<\/strong> geli\u015ftirilmesini destekleyecek.<\/p>\n<h3><strong>Ayval\u0131o\u011flu: \u201cS\u00fcrd\u00fcr\u00fclebilirlik Odakl\u0131 Vizyonumuz Do\u011frultusunda Portf\u00f6y\u00fcm\u00fcz\u00fc S\u00fcrekli Olarak Geli\u015ftiriyoruz\u201d<\/strong><\/h3>\n<p>Yap\u0131lan sat\u0131n alma anla\u015fmas\u0131n\u0131n m\u00fc\u015fteri beklenti ve ihtiya\u00e7lar\u0131na ve 2050 net s\u0131f\u0131r hedeflerine paralel olarak ger\u00e7ekle\u015ftirilen stratejik bir ad\u0131m oldu\u011funu belirten<strong>\u00a0Shell &amp; Turcas Madeni Ya\u011flar T\u00fcrkiye Kurumsal Sat\u0131\u015flar Direkt\u00f6r\u00fc M\u00fcd\u00fcr\u00fc Can Ayval\u0131o\u011flu<\/strong>;\u00a0<em>\u201cKline &amp; Company taraf\u0131ndan 16 kez \u00fcst \u00fcste pazar lideri se\u00e7ilen Shell Madeni Ya\u011flar, k\u00fcresel \u00e7apl\u0131 ba\u015far\u0131s\u0131n\u0131 s\u00fcrekli olarak \u00fcr\u00fcn ve hizmetlerini geli\u015ftirmesine bor\u00e7lu. Bu de\u011fi\u015fim ve yenilikleri tasarlarken de oda\u011f\u0131m\u0131za s\u00fcrd\u00fcr\u00fclebilirli\u011fi ve m\u00fc\u015fteri memnuniyetini al\u0131yoruz.\u00a0MIDEL ve MIVOLT premium \u00fcr\u00fcn serilerini portf\u00f6y\u00fcm\u00fcze katmak \u00fczere ba\u015flatt\u0131\u011f\u0131m\u0131z \u00e7al\u0131\u015fmalar da bu do\u011frultuda m\u00fc\u015fterilerimize sundu\u011fumuz \u00fcr\u00fcnleri zenginle\u015ftirirken, Shell&#8217;in net s\u0131f\u0131r emisyona ge\u00e7i\u015fi h\u0131zland\u0131rmak \u00fczere y\u00fcr\u00fctt\u00fc\u011f\u00fc Gelece\u011fe Enerji Katma stratejisine de hizmet ediyor. \u00d6zellikle b\u00fcy\u00fcmekte olan ester s\u0131v\u0131 pazar\u0131n\u0131n \u015fekillenmesine liderlik etmemizi ve birinci s\u0131n\u0131f s\u0131v\u0131lar ve hizmetlerin yan\u0131 s\u0131ra performans\u0131 korumak ve geli\u015ftirmek \u00fczere geli\u015ftirilen <strong>e-s\u0131v\u0131lar<\/strong> ve <strong>e-gresler<\/strong> alan\u0131nda b\u00fcy\u00fcmemizi sa\u011flayacak olan bu ad\u0131m\u0131n \u015firketimiz i\u00e7in oldu\u011fu kadar sekt\u00f6r\u00fcm\u00fcz i\u00e7in de \u00f6nem ta\u015f\u0131d\u0131\u011f\u0131na inan\u0131yoruz. MIDEL ve MIVOLT\u2019un \u00fcr\u00fcn portf\u00f6y\u00fc ile birlikte <strong>yetkin ekiplerinin uzmanl\u0131\u011f\u0131<\/strong> ve<strong> deneyimini de<\/strong> b\u00fcnyemize dahil ederek <strong>yenilenebilir enerji<\/strong> ve <strong>enerji d\u00fcnyas\u0131na<\/strong> Shell\u2019in fark yaratan \u00e7\u00f6z\u00fcmlerini sunmaya devam edece\u011fiz. Shell T\u00fcrkiye olarak 100 y\u0131ld\u0131r oldu\u011fu \u00fczere markam\u0131z\u0131n k\u00fcresel deneyimi ve uzmanl\u0131\u011f\u0131n\u0131 \u00fclkemize ta\u015f\u0131yarak sekt\u00f6r\u00fcm\u00fcz\u00fcn, m\u00fc\u015fterilerimizin ve i\u015f ortaklar\u0131m\u0131z\u0131n geli\u015fiminde \u00f6nc\u00fc bir rol \u00fcstlenece\u011fiz\u201d<\/em> dedi.<\/p>\n<p><strong>MIDEL<\/strong>, \u00e7evresel faydalar ve yang\u0131na kar\u015f\u0131 koruma sa\u011flayan, d\u00fcnya genelinde lider<strong> ester trafo s\u0131v\u0131lar\u0131<\/strong> serisinden olu\u015fuyor. 1970\u2019li y\u0131llarda geli\u015ftirilen MIDEL, d\u00fcnya genelindeki altyap\u0131 projelerinde kullan\u0131l\u0131yor ve <strong>s\u00fcrd\u00fcr\u00fclebilirli\u011fe pozitif etkisi<\/strong> nedeniyle tercih ediliyor.<strong> MIVOLT<\/strong> ise<strong> elektrikli ula\u015f\u0131m, bataryalar ve veri merkezleri<\/strong> gibi <strong>elektrik uygulamalar\u0131n\u0131<\/strong> termal olarak y\u00f6netmek i\u00e7in kullan\u0131lmak \u00fczere geli\u015ftirilmi\u015f bir dizi <strong>dielektrik esterden<\/strong> olu\u015fuyor.<\/p>","protected":false},"excerpt":{"rendered":"<p>Sorry, this entry is only available in Turkish. For the sake of viewer convenience, the content is shown below in the alternative language. You may click the link to switch the active language. Shell,\u00a0\u0130ngiltere merkezli M&amp;I Materials\u2019a ait MIDEL ve MIVOLT\u2019u b\u00fcnyesine katmak \u00fczere anla\u015fma ger\u00e7ekle\u015ftirdi. 2023 y\u0131l\u0131n\u0131n son \u00e7eyre\u011finde tamamlanmas\u0131 planlanan sat\u0131n alma s\u00fcreciyle [&hellip;]<\/p>\n","protected":false},"author":1,"featured_media":182435,"comment_status":"open","ping_status":"open","sticky":false,"template":"","format":"standard","meta":[],"categories":[53,44],"tags":[111736,111733,37513,111734,111735,1787,33568,109922],"views":53,"_links":{"self":[{"href":"https:\/\/www.enerjigazetesi.ist\/en\/wp-json\/wp\/v2\/posts\/182433"}],"collection":[{"href":"https:\/\/www.enerjigazetesi.ist\/en\/wp-json\/wp\/v2\/posts"}],"about":[{"href":"https:\/\/www.enerjigazetesi.ist\/en\/wp-json\/wp\/v2\/types\/post"}],"author":[{"embeddable":true,"href":"https:\/\/www.enerjigazetesi.ist\/en\/wp-json\/wp\/v2\/users\/1"}],"replies":[{"embeddable":true,"href":"https:\/\/www.enerjigazetesi.ist\/en\/wp-json\/wp\/v2\/comments?post=182433"}],"version-history":[{"count":0,"href":"https:\/\/www.enerjigazetesi.ist\/en\/wp-json\/wp\/v2\/posts\/182433\/revisions"}],"wp:featuredmedia":[{"embeddable":true,"href":"https:\/\/www.enerjigazetesi.ist\/en\/wp-json\/wp\/v2\/media\/182435"}],"wp:attachment":[{"href":"https:\/\/www.enerjigazetesi.ist\/en\/wp-json\/wp\/v2\/media?parent=182433"}],"wp:term":[{"taxonomy":"category","embeddable":true,"href":"https:\/\/www.enerjigazetesi.ist\/en\/wp-json\/wp\/v2\/categories?post=182433"},{"taxonomy":"post_tag","embeddable":true,"href":"https:\/\/www.enerjigazetesi.ist\/en\/wp-json\/wp\/v2\/tags?post=182433"}],"curies":[{"name":"wp","href":"https:\/\/api.w.org\/{rel}","templated":true}]}}