{"id":182422,"date":"2023-12-20T14:22:39","date_gmt":"2023-12-20T11:22:39","guid":{"rendered":"https:\/\/www.enerjigazetesi.ist\/?p=182422"},"modified":"2023-12-20T14:30:08","modified_gmt":"2023-12-20T11:30:08","slug":"turkiye-yuzyilinda-gunes-in-gucu-solarex-istanbul-la-buyuyor","status":"publish","type":"post","link":"https:\/\/www.enerjigazetesi.ist\/en\/turkiye-yuzyilinda-gunes-in-gucu-solarex-istanbul-la-buyuyor\/","title":{"rendered":"(Turkish) T\u00fcrkiye Y\u00fczy\u0131l\u0131nda G\u00fcne\u015fin G\u00fcc\u00fc &#8216;Solarex \u0130stanbul&#8217;la B\u00fcy\u00fcyor!"},"content":{"rendered":"<p class=\"qtranxs-available-languages-message qtranxs-available-languages-message-en\">Sorry, this entry is only available in <a href=\"https:\/\/www.enerjigazetesi.ist\/tr\/wp-json\/wp\/v2\/posts\/182422\" class=\"qtranxs-available-language-link qtranxs-available-language-link-tr\" title=\"Turkish\">Turkish<\/a>. For the sake of viewer convenience, the content is shown below in the alternative language. You may click the link to switch the active language.<\/p><p><\/p>\n<h2><strong>G\u00fcne\u015f enerjisi ve teknolojileri sekt\u00f6r\u00fcn\u00fcn ihracat merkezi, T\u00fcrkiye\u2019nin konusundaki tek, Avrasya\u2019n\u0131n en b\u00fcy\u00fck uluslararas\u0131 fuar\u0131 16. SolarEX \u0130stanbul, 4-5-6 Nisan 2024 tarihleri aras\u0131nda yerli \u00fcretici ve markalar\u0131, d\u00fcnyan\u0131n d\u00f6rt bir yan\u0131ndan gelecek sekt\u00f6r devleri ile 16. kez ayn\u0131 sahnede bulu\u015fturmaya haz\u0131rlan\u0131yor. <\/strong><\/h2>\n<p>G\u00fcne\u015f enerjisi sekt\u00f6r\u00fcndeki son teknolojileri ve trendleri ke\u015ffetmek i\u00e7in m\u00fckemmel bir platform sunan SolarEX \u0130stanbul, be\u015f k\u0131tadan ve 125\u2019ten fazla \u00fclkeden yat\u0131r\u0131mc\u0131 ve nitelikli ziyaret\u00e7iye 16. kez ev sahipli\u011fi yapmaya haz\u0131rlan\u0131yor. Do\u011fru i\u015fbirlikleri kurarak uzun vadede g\u00fcvene dayanan \u00e7al\u0131\u015fmalar y\u00fcr\u00fcten ve enerji d\u00f6n\u00fc\u015f\u00fcm\u00fcne katk\u0131 sa\u011flayan Avrasya\u2019n\u0131n en b\u00fcy\u00fck uluslararas\u0131 ihtisas fuar\u0131 SolarEX \u0130stanbul, g\u00fcne\u015f enerjisi sekt\u00f6r\u00fcndeki <strong>son teknoloji \u00fcr\u00fcnlerin<\/strong> uluslararas\u0131 arenada g\u00f6r\u00fcc\u00fcye \u00e7\u0131kt\u0131\u011f\u0131 ve <strong>milyarlarca dolarl\u0131k anla\u015fmalar\u0131n sa\u011fland\u0131\u011f\u0131<\/strong> g\u00fc\u00e7l\u00fc bir platform olarak \u00fclke ekonomisine katk\u0131 sa\u011flamaya devam ediyor.<\/p>\n<h2><strong>Cumhuriyetimizin 100. y\u0131l\u0131nda SolarEX \u0130stanbul\u2019dan Gelecek Nesillere Arma\u011fan: SOLAREX \u0130STANBUL HATIRA ORMANI<\/strong><\/h2>\n<p>SolarEX \u0130stanbul kendi enerjisini \u00fcreten ve enerjisini d\u00fcnyaya satan T\u00fcrkiye olman\u0131n yan\u0131 s\u0131ra ekonominin daha s\u00fcrd\u00fcr\u00fclebilir olmas\u0131na katk\u0131 sa\u011flamak ad\u0131na \u00e7\u0131kt\u0131\u011f\u0131 yolculu\u011funda gelecek nesillere daha ya\u015fan\u0131r bir d\u00fcnya b\u0131rakmak i\u00e7in <strong>10 bin fidan<\/strong> ile ba\u015flatt\u0131\u011f\u0131 <strong>SolarEX \u0130stanbul Hat\u0131ra Orman\u0131 <\/strong>projesini <strong>Voli Fuar Hizmetleri \u00e7al\u0131\u015fanlar\u0131<\/strong> ve <strong>ilk\u00f6\u011fretim okulu \u00f6\u011frencilerinin<\/strong> kat\u0131l\u0131m\u0131 ile hayata ge\u00e7irdi.<\/p>\n<p><strong>SolarEX \u0130stanbul Proje Y\u00f6neticisi Yasemin TERLE<\/strong>, proje ile ilgili \u015fu a\u00e7\u0131klamalarda bulundu:<\/p>\n<p><em>&#8220;SolarEX \u0130stanbul ailesi olarak s\u00fcrd\u00fcr\u00fclebilirli\u011fi var g\u00fcc\u00fcm\u00fczle destekliyor ve att\u0131\u011f\u0131m\u0131z her ad\u0131m\u0131n <img loading=\"lazy\" class=\"alignright wp-image-182426\" src=\"https:\/\/www.enerjigazetesi.ist\/wp-content\/uploads\/2023\/12\/turkiye-yuzyilinda-gunes-in-gucu-solarex-istanbul-la-buyuyor-1.jpg\" alt=\"\" width=\"320\" height=\"421\" srcset=\"https:\/\/www.enerjigazetesi.ist\/wp-content\/uploads\/2023\/12\/turkiye-yuzyilinda-gunes-in-gucu-solarex-istanbul-la-buyuyor-1.jpg 365w, https:\/\/www.enerjigazetesi.ist\/wp-content\/uploads\/2023\/12\/turkiye-yuzyilinda-gunes-in-gucu-solarex-istanbul-la-buyuyor-1-228x300.jpg 228w, https:\/\/www.enerjigazetesi.ist\/wp-content\/uploads\/2023\/12\/turkiye-yuzyilinda-gunes-in-gucu-solarex-istanbul-la-buyuyor-1-304x400.jpg 304w, https:\/\/www.enerjigazetesi.ist\/wp-content\/uploads\/2023\/12\/turkiye-yuzyilinda-gunes-in-gucu-solarex-istanbul-la-buyuyor-1-38x50.jpg 38w\" sizes=\"(max-width: 320px) 100vw, 320px\" \/>s\u00fcrd\u00fcr\u00fclebilirlik vizyonumuzla paralel olmas\u0131na \u00f6zen g\u00f6steriyoruz. Fuara kat\u0131lan t\u00fcm firmalar\u0131m\u0131z\u0131n kat\u0131l\u0131mlar\u0131n\u0131 anlaml\u0131 k\u0131lmak ad\u0131na SolarEX \u0130stanbul Hat\u0131ra Orman\u0131\u2019na fidan ekimi ger\u00e7ekle\u015ftirerek fidan ba\u011f\u0131\u015f\u0131 sertifikas\u0131 verilmesi i\u00e7in yeni bir d\u00fczenlemeye ge\u00e7erek \u00e7evreye olan sorumluluk bilincimizi de peki\u015ftiriyoruz. SolarEX \u0130stanbul Hat\u0131ra Orman\u0131 ile gelecek nesillere 10 bin fidanla ye\u015fillendirdi\u011fimiz projemizi, gelece\u011fimiz olan \u00e7ocuklar\u0131m\u0131z ile birlikte hayata ge\u00e7iriyor olmaktan dolay\u0131 \u00e7ok mutluyuz. Daha ye\u015fil yar\u0131nlar i\u00e7in hayata ge\u00e7irdi\u011fimiz SolarEX \u0130stanbul Hat\u0131ra Orman\u0131\u2019n\u0131 Cumhuriyetimizin 100. y\u0131l\u0131nda gelecek nesillere arma\u011fan ediyoruz. T\u00fcrkiye y\u00fczy\u0131l\u0131nda \u00fclkemizin s\u00fcrd\u00fcr\u00fclebilirli\u011finin daim olmas\u0131 ve kendine yetme vizyonuyla hareket eden; canl\u0131 ve cans\u0131z t\u00fcm ya\u015famlar\u0131 kucaklayan ekosistemi destekleyen projeler ile \u00e7al\u0131\u015fmalar\u0131m\u0131z\u0131 g\u00fc\u00e7lendirerek ticari bir platform olman\u0131n yan\u0131 s\u0131ra bireysel ve kitlesel fark\u0131ndal\u0131k bilincinde olarak faaliyetlerimizi ger\u00e7ekle\u015ftirmekteyiz. Bakanl\u0131\u011f\u0131m\u0131z\u0131n y\u00fcr\u00fctt\u00fc\u011f\u00fc hedef planlar \u00e7er\u00e7evesinde s\u00fcrd\u00fcr\u00fclebilirli\u011fin ana eksenini olu\u015fturan \u00e7evre koruma, ekonomik kalk\u0131nma ve sosyal tek\u00e2m\u00fclde faaliyetlerimizi s\u00fcrd\u00fcrerek sekt\u00f6r\u00fcn t\u00fcm bile\u015fenlerini SolarEX \u0130stanbul \u00e7at\u0131s\u0131 alt\u0131nda bulu\u015fturuyoruz. S\u00fcrd\u00fcr\u00fclebilirli\u011fi do\u011fru ad\u0131mlarla kesintisiz k\u0131larak, kendi kendine yetebilen, \u00e7evresel fakt\u00f6rlere ve yar\u0131nlara duyarl\u0131, gelecek nesillere daha ya\u015fan\u0131r bir d\u00fcnya b\u0131rakmak \u015firketimizin \u00f6ncelikli hedef ve misyonudur.\u2019\u2019 <\/em>dedi.<\/p>\n<h3><strong>Fuarla E\u015f Zamanl\u0131 D\u00fczenlenen Konferanslar ile D\u00fcnyaya Canl\u0131 Yay\u0131n Yap\u0131l\u0131yor<\/strong><\/h3>\n<p>Sekt\u00f6re y\u00f6nelik yeniliklerin g\u00f6r\u00fcc\u00fcye \u00e7\u0131kt\u0131\u011f\u0131, son teknolojilerin sekt\u00f6r profesyonelleri ile payla\u015f\u0131ld\u0131\u011f\u0131 bir platform olma \u00f6zelli\u011fi de ta\u015f\u0131yan SolarEX \u0130stanbul, bireysel ve kitlesel \u00e7evre dostu \u00e7\u00f6z\u00fcmlerle, sekt\u00f6r liderlerini 16.kez bir araya getirmeye haz\u0131rlan\u0131yor. B\u00fcy\u00fcyen alanlar\u0131na ekledi\u011fi <strong>G\u00fcne\u015f Enerjisinde Depolama \u00c7\u00f6z\u00fcmleri<\/strong> salonu ile kat\u0131l\u0131mc\u0131 ve ziyaret\u00e7ilerine gelece\u011fin enerji \u00e7\u00f6z\u00fcmlerini sunuyor. D\u00fcnya genelinde uluslararas\u0131 bir\u00e7ok STK ve kurulu\u015fla i\u015fbirli\u011fi yapan etkinlik, fuarla e\u015f zamanl\u0131 ger\u00e7ekle\u015ftirece\u011fi konferans oturumlar\u0131n\u0131 simultane terc\u00fcme e\u015fli\u011finde ve canl\u0131 yay\u0131n altyap\u0131s\u0131yla yay\u0131nlayarak solar sekt\u00f6r\u00fcndeki son geli\u015fmelere dair t\u00fcm sorulara yan\u0131t bulunmas\u0131na olanak sa\u011fl\u0131yor.<\/p>\n<h3><strong>S\u00fcrd\u00fcr\u00fclebilir Enerjinin En B\u00fcy\u00fck Bulu\u015fmas\u0131 4-6 Nisan 2024\u2019de SolarEX \u0130stanbul\u2019da!<\/strong><\/h3>\n<p>Temiz enerjiye yat\u0131r\u0131m yapmak isteyenlerin ilk tercihi olan g\u00fcne\u015f enerjisi \u00e7\u00f6z\u00fcmlerinin en iyi \u015fekilde sunuldu\u011fu T\u00fcrkiye\u2019nin tek, Avrasya\u2019n\u0131n en b\u00fcy\u00fck uluslararas\u0131 etkinli\u011fi SolarEX \u0130stanbul 4-6 Nisan 2024 tarihlerinde 16. Kez kap\u0131lar\u0131n\u0131 a\u00e7maya haz\u0131rlan\u0131yor. B\u00fcy\u00fck bulu\u015fmada kat\u0131l\u0131mc\u0131 ve ziyaret\u00e7i olmak, konferans oturumlar\u0131nda d\u00fcnyaca \u00fcnl\u00fc solar sekt\u00f6r\u00fc duayenleriyle bulu\u015fmak ve detayl\u0131 bilgi i\u00e7in; <a href=\"https:\/\/solarexistanbul.com\/\" target=\"_blank\" rel=\"noopener\">www.solarexistanbul.com<\/a> adresini ziyaret edebilirsiniz.<\/p>","protected":false},"excerpt":{"rendered":"<p>Sorry, this entry is only available in Turkish. For the sake of viewer convenience, the content is shown below in the alternative language. You may click the link to switch the active language. G\u00fcne\u015f enerjisi ve teknolojileri sekt\u00f6r\u00fcn\u00fcn ihracat merkezi, T\u00fcrkiye\u2019nin konusundaki tek, Avrasya\u2019n\u0131n en b\u00fcy\u00fck uluslararas\u0131 fuar\u0131 16. SolarEX \u0130stanbul, 4-5-6 Nisan 2024 tarihleri [&hellip;]<\/p>\n","protected":false},"author":1,"featured_media":182425,"comment_status":"open","ping_status":"open","sticky":false,"template":"","format":"standard","meta":[],"categories":[53,49],"tags":[111727,9921,2206,111728],"views":12,"_links":{"self":[{"href":"https:\/\/www.enerjigazetesi.ist\/en\/wp-json\/wp\/v2\/posts\/182422"}],"collection":[{"href":"https:\/\/www.enerjigazetesi.ist\/en\/wp-json\/wp\/v2\/posts"}],"about":[{"href":"https:\/\/www.enerjigazetesi.ist\/en\/wp-json\/wp\/v2\/types\/post"}],"author":[{"embeddable":true,"href":"https:\/\/www.enerjigazetesi.ist\/en\/wp-json\/wp\/v2\/users\/1"}],"replies":[{"embeddable":true,"href":"https:\/\/www.enerjigazetesi.ist\/en\/wp-json\/wp\/v2\/comments?post=182422"}],"version-history":[{"count":0,"href":"https:\/\/www.enerjigazetesi.ist\/en\/wp-json\/wp\/v2\/posts\/182422\/revisions"}],"wp:featuredmedia":[{"embeddable":true,"href":"https:\/\/www.enerjigazetesi.ist\/en\/wp-json\/wp\/v2\/media\/182425"}],"wp:attachment":[{"href":"https:\/\/www.enerjigazetesi.ist\/en\/wp-json\/wp\/v2\/media?parent=182422"}],"wp:term":[{"taxonomy":"category","embeddable":true,"href":"https:\/\/www.enerjigazetesi.ist\/en\/wp-json\/wp\/v2\/categories?post=182422"},{"taxonomy":"post_tag","embeddable":true,"href":"https:\/\/www.enerjigazetesi.ist\/en\/wp-json\/wp\/v2\/tags?post=182422"}],"curies":[{"name":"wp","href":"https:\/\/api.w.org\/{rel}","templated":true}]}}