{"id":182373,"date":"2023-12-19T15:56:09","date_gmt":"2023-12-19T12:56:09","guid":{"rendered":"https:\/\/www.enerjigazetesi.ist\/?p=182373"},"modified":"2023-12-19T15:56:09","modified_gmt":"2023-12-19T12:56:09","slug":"dogalgaz-faturalarini-yuzde-30-a-yakin-dusurmek-mumkun","status":"publish","type":"post","link":"https:\/\/www.enerjigazetesi.ist\/en\/dogalgaz-faturalarini-yuzde-30-a-yakin-dusurmek-mumkun\/","title":{"rendered":"(Turkish) Do\u011falgaz Faturalar\u0131n\u0131 % 30&#8217;a Yak\u0131n D\u00fc\u015f\u00fcrmek M\u00fcmk\u00fcn"},"content":{"rendered":"<p class=\"qtranxs-available-languages-message qtranxs-available-languages-message-en\">Sorry, this entry is only available in <a href=\"https:\/\/www.enerjigazetesi.ist\/tr\/wp-json\/wp\/v2\/posts\/182373\" class=\"qtranxs-available-language-link qtranxs-available-language-link-tr\" title=\"Turkish\">Turkish<\/a>. For the sake of viewer convenience, the content is shown below in the alternative language. You may click the link to switch the active language.<\/p><p><\/p>\n<h2>K\u0131\u015f aylar\u0131nda do\u011falgaz faturalar\u0131 art\u0131yor. Ancak do\u011fru tasarruf \u00f6nlemleri alarak hem evinizin konfor \u015fartlar\u0131n\u0131 koruyabilir hem de kabaran do\u011falgaz faturalar\u0131n\u0131z\u0131 d\u00fc\u015f\u00fcrebilirsiniz.<\/h2>\n<p style=\"text-align: center;\"><img loading=\"lazy\" class=\"aligncenter wp-image-182378\" src=\"https:\/\/www.enerjigazetesi.ist\/wp-content\/uploads\/2023\/12\/dogalgaz-faturalarini-yuzde-30-a-yakin-dusurmek-mumkun-1.jpg\" alt=\"\" width=\"500\" height=\"313\" srcset=\"https:\/\/www.enerjigazetesi.ist\/wp-content\/uploads\/2023\/12\/dogalgaz-faturalarini-yuzde-30-a-yakin-dusurmek-mumkun-1.jpg 550w, https:\/\/www.enerjigazetesi.ist\/wp-content\/uploads\/2023\/12\/dogalgaz-faturalarini-yuzde-30-a-yakin-dusurmek-mumkun-1-300x188.jpg 300w, https:\/\/www.enerjigazetesi.ist\/wp-content\/uploads\/2023\/12\/dogalgaz-faturalarini-yuzde-30-a-yakin-dusurmek-mumkun-1-500x313.jpg 500w, https:\/\/www.enerjigazetesi.ist\/wp-content\/uploads\/2023\/12\/dogalgaz-faturalarini-yuzde-30-a-yakin-dusurmek-mumkun-1-80x50.jpg 80w\" sizes=\"(max-width: 500px) 100vw, 500px\" \/><\/p>\n<p><strong>\u00dc\u00e7ay M\u00fchendislik \u0130klimlendirme ve \u015eubeler Grup Direkt\u00f6r\u00fc \u00d6zg\u00fcr \u015eahin<\/strong>,\u00a0k\u0131\u015f\u0131n cep yakan do\u011fal gaz faturalar\u0131n\u0131 d\u00fc\u015f\u00fcrmek i\u00e7in al\u0131nacak \u00f6nlemleri payla\u015ft\u0131:<\/p>\n<h3><strong>Gece kombiyi kapatmay\u0131n, k\u0131s\u0131n<\/strong><\/h3>\n<p><em>\u201cK\u0131\u015f\u0131n vatanda\u015flar \u00e7ok \u00e7al\u0131\u015ft\u0131\u011f\u0131 d\u00fc\u015f\u00fcncesiyle geceleri kombiyi kapat\u0131yorlar; ancak kombiyi kapatmak\u00a0hi\u00e7bir \u015fekilde tasarruf sa\u011flam\u0131yor. Gece kombi kapat\u0131ld\u0131\u011f\u0131nda evin; taban, tavan ve duvarlar\u0131 sabaha kadar so\u011fuyor. Sabah evin \u0131s\u0131t\u0131lmas\u0131 i\u00e7in kombinin derecesi art\u0131r\u0131l\u0131yor ve <\/em><strong><em>kombi 2 kat daha fazla \u00e7al\u0131\u015f\u0131yor<\/em><\/strong><em>. Bu durum\u00a0do\u011fal gaz sarfiyat\u0131n\u0131 art\u0131r\u0131yor.\u00a0Vatanda\u015flar birka\u00e7 saatli\u011fine evden ayr\u0131ld\u0131klar\u0131 zamanlarda da kombiyi kapatarak ayn\u0131 yanl\u0131\u015fa d\u00fc\u015f\u00fcyorlar. Tasarruf i\u00e7in do\u011fru olan gece ve evde olmad\u0131\u011f\u0131n\u0131z zamanlarda\u00a0kombi ayar\u0131n\u0131 k\u0131smakt\u0131r. B\u00f6ylece evin \u0131s\u0131s\u0131 sabit kal\u0131r ve tasarruf sa\u011flan\u0131r.\u00a0<\/em><\/p>\n<h3><strong>Kombinizin bak\u0131m\u0131n\u0131z\u0131 d\u00fczenli olarak yapt\u0131r\u0131n<\/strong><\/h3>\n<p><em>Kombilerin tasarruflu \u00e7al\u0131\u015fmas\u0131 i\u00e7in ar\u0131zalanmas\u0131n\u0131 beklenmeden t\u00fcm bak\u0131mlar\u0131n\u0131n yetkili servisler taraf\u0131ndan periyodik olarak yap\u0131lmas\u0131 gerekiyor. Periyodik bak\u0131m, t\u00fcketicilerin y\u0131ll\u0131k \u0131s\u0131tma maliyetlerini <\/em><strong><em>y\u00fczde 10\u2019lara<\/em><\/strong><em> varan oranlarda d\u00fc\u015f\u00fcr\u00fcyor.<\/em><\/p>\n<h3><strong>Pencere ve kap\u0131lar\u0131n a\u00e7\u0131k k\u0131s\u0131mlar\u0131n\u0131 kapat\u0131n<\/strong><\/h3>\n<p><em>Pencere ve kap\u0131larda ki a\u00e7\u0131k k\u0131s\u0131mlarda evdeki \u0131s\u0131n\u0131n <\/em><strong><em>d\u00f6rtte birinin<\/em><\/strong><em> kayb\u0131na neden olup, do\u011fal gaz faturalar\u0131n\u0131 y\u00fckseltiyor. Is\u0131 kayb\u0131n\u0131 \u00f6nlemek i\u00e7in pencere ve kap\u0131lar\u0131n kenarlar\u0131nda contalar kullanmak ve \u0131s\u0131 yal\u0131t\u0131m \u015feritleri ile pencere ve kap\u0131lar\u0131n \u00e7er\u00e7eveleri ile duvar aras\u0131ndaki bo\u015fluklar\u0131 doldurmak gerekiyor Pencerelerin hava alan k\u0131s\u0131mlar\u0131n\u0131 silikon gibi maddeler ile kapatmak da etkili bir \u00e7\u00f6z\u00fcm oluyor.\u00a0<\/em><\/p>\n<h3><strong>Peteklerin arkas\u0131na \u0131s\u0131 yal\u0131t\u0131m\u0131 levhas\u0131 yerle\u015ftirin<\/strong><\/h3>\n<p><em>Peteklerin arkas\u0131na \u0131s\u0131 yal\u0131t\u0131m\u0131 levhas\u0131 yerle\u015ftirmek de peteklerin \u0131s\u0131y\u0131 daha iyi da\u011f\u0131tmas\u0131na ve tasarruf yap\u0131lmas\u0131na katk\u0131 sa\u011fl\u0131yor.<\/em><\/p>\n<h3><strong>Peteklerin \u00fcst\u00fcn\u00fc ve \u00e7evresini perde ile kapatmay\u0131n<\/strong><\/h3>\n<p><em>Is\u0131n\u0131n homojen bir \u015fekilde da\u011f\u0131lmas\u0131 i\u00e7in peteklerin \u00fcst\u00fcn\u00fc ve \u00e7evresini perde veya mobilya ile kapatmamak gerekiyor.<\/em><\/p>\n<h3><strong>D\u00fczenli olarak petek temizli\u011fi yapt\u0131r\u0131n<\/strong><\/h3>\n<p><em>3 y\u0131lda bir uzman ki\u015filere, petek temizli\u011fi yapt\u0131rmak da peteklerin verimli bir \u015fekilde \u0131s\u0131nmas\u0131n\u0131 sa\u011flayarak enerji sarfiyat\u0131n\u0131 d\u00fc\u015f\u00fcr\u00fcyor.<\/em><\/p>\n<h3><strong>Peteklere reglaj ayar\u0131 yapt\u0131r\u0131n<\/strong><\/h3>\n<p><em>Peteklere, reglaj ayar\u0131 uygulanarak en uzakta kalan peteklerin dahi en iyi \u015fekilde \u0131s\u0131nmas\u0131n\u0131 sa\u011flamak gerekiyor. B\u00f6ylece konfor \u015fartlar\u0131n\u0131 sa\u011flamak i\u00e7in kombiyi en y\u00fcksek ayarda \u00e7al\u0131\u015ft\u0131rmaya ihtiya\u00e7 duyulmuyor.<\/em><\/p>\n<h3><strong>Kullanmad\u0131\u011f\u0131n\u0131z odalar\u0131n petek vanalar\u0131n\u0131 kapat\u0131n<\/strong><\/h3>\n<p><em>Kombi k\u0131\u015f modunda \u00e7al\u0131\u015f\u0131rken evdeki peteklerin en az 3\u2019\u00fcn\u00fcn aktif olmas\u0131 yani \u00e7al\u0131\u015fmas\u0131 gerekiyor. Bu ko\u015ful sa\u011fland\u0131\u011f\u0131 takdirde kullan\u0131lmayan di\u011fer petekler kapat\u0131larak tasarruf sa\u011flanabiliyor.\u00a0Yaln\u0131z, petek vanas\u0131n\u0131 kapatt\u0131\u011f\u0131n\u0131z odan\u0131n kap\u0131s\u0131n\u0131 kapal\u0131 tutmak gerekiyor.\u00a0Aksi halde buradan y\u00fckselen so\u011fuk hava ile di\u011fer odalardan gelen s\u0131cak hava birle\u015fti\u011finde ortam so\u011fuyor, kombi yak\u0131t t\u00fcketimini art\u0131r\u0131yor. Kullanmad\u0131\u011f\u0131n\u0131z odalar\u0131n\u0131z var ise petek vanalar\u0131n\u0131 ve bu odalar\u0131n kap\u0131lar\u0131n\u0131 kapatabilirsiniz.<\/em><\/p>\n<h3><strong>S\u0131cak su ayar\u0131n\u0131 musluktan de\u011fil, kombiden yap\u0131n<\/strong><\/h3>\n<p><em>Su \u0131l\u0131\u015ft\u0131rma i\u015flemini musluktan de\u011fil, ihtiyac\u0131n\u0131za g\u00f6re kombiden yaparak sudan ve enerjiden tasarruf sa\u011flayabilirsiniz.<\/em><\/p>\n<h3><strong>Oda termostat\u0131 kullan\u0131n<\/strong><\/h3>\n<p><em>Kombinizi verimli kullanmak i\u00e7in oda termostat\u0131 kullanabilirsiniz. Unutmayal\u0131m ki oda s\u0131cakl\u0131\u011f\u0131n\u0131 1 derece d\u00fc\u015f\u00fcrmek <\/em><strong><em>y\u00fczde 6 tasarruf<\/em><\/strong><em> sa\u011fl\u0131yor. Oda termostat\u0131 ile oda s\u0131cakl\u0131\u011f\u0131n\u0131n ideal s\u0131cakl\u0131\u011f\u0131n \u00fczerine \u00e7\u0131kmas\u0131n\u0131 \u00f6nleyebilirsiniz.\u00a0<\/em><\/p>\n<h3><strong>Is\u0131 yal\u0131t\u0131m\u0131 yapt\u0131r\u0131n<\/strong><\/h3>\n<p><em>Do\u011fal gaz faturan\u0131z\u0131 d\u00fc\u015f\u00fcrmek i\u00e7in\u00a0\u0131s\u0131 yal\u0131t\u0131m\u0131 yapt\u0131rmay\u0131 da unutmay\u0131n. Is\u0131 yal\u0131t\u0131m\u0131 bulunmayan ya da izolasyonu do\u011fru yap\u0131lmayan bina ve dairelerde b\u00fcy\u00fck \u00f6l\u00e7\u00fcde \u0131s\u0131 kayb\u0131 ya\u015fan\u0131yor. Daireyi \u0131s\u0131tmak i\u00e7in kombi y\u00fcksek ayarda \u00e7al\u0131\u015ft\u0131r\u0131l\u0131yor. Bu durum ise faturalar\u0131n y\u00fckselmesine neden oluyor. Yal\u0131t\u0131m\u0131 do\u011fru yap\u0131lan yap\u0131larda ise \u0131s\u0131 kayb\u0131n\u0131n \u00f6n\u00fcne ge\u00e7ilerek, enerjiden <\/em><strong><em>y\u00fczde 50\u2019ye varan<\/em><\/strong><em> oranlarda tasarruf sa\u011flan\u0131yor<\/em>\u201d dedi.<\/p>","protected":false},"excerpt":{"rendered":"<p>Sorry, this entry is only available in Turkish. For the sake of viewer convenience, the content is shown below in the alternative language. You may click the link to switch the active language. K\u0131\u015f aylar\u0131nda do\u011falgaz faturalar\u0131 art\u0131yor. Ancak do\u011fru tasarruf \u00f6nlemleri alarak hem evinizin konfor \u015fartlar\u0131n\u0131 koruyabilir hem de kabaran do\u011falgaz faturalar\u0131n\u0131z\u0131 d\u00fc\u015f\u00fcrebilirsiniz. \u00dc\u00e7ay [&hellip;]<\/p>\n","protected":false},"author":1,"featured_media":182377,"comment_status":"open","ping_status":"open","sticky":false,"template":"","format":"standard","meta":[],"categories":[46,53],"tags":[43848,27179,380,111702,18436,59667,41409,111701,111700,9925,82809],"views":75,"_links":{"self":[{"href":"https:\/\/www.enerjigazetesi.ist\/en\/wp-json\/wp\/v2\/posts\/182373"}],"collection":[{"href":"https:\/\/www.enerjigazetesi.ist\/en\/wp-json\/wp\/v2\/posts"}],"about":[{"href":"https:\/\/www.enerjigazetesi.ist\/en\/wp-json\/wp\/v2\/types\/post"}],"author":[{"embeddable":true,"href":"https:\/\/www.enerjigazetesi.ist\/en\/wp-json\/wp\/v2\/users\/1"}],"replies":[{"embeddable":true,"href":"https:\/\/www.enerjigazetesi.ist\/en\/wp-json\/wp\/v2\/comments?post=182373"}],"version-history":[{"count":0,"href":"https:\/\/www.enerjigazetesi.ist\/en\/wp-json\/wp\/v2\/posts\/182373\/revisions"}],"wp:featuredmedia":[{"embeddable":true,"href":"https:\/\/www.enerjigazetesi.ist\/en\/wp-json\/wp\/v2\/media\/182377"}],"wp:attachment":[{"href":"https:\/\/www.enerjigazetesi.ist\/en\/wp-json\/wp\/v2\/media?parent=182373"}],"wp:term":[{"taxonomy":"category","embeddable":true,"href":"https:\/\/www.enerjigazetesi.ist\/en\/wp-json\/wp\/v2\/categories?post=182373"},{"taxonomy":"post_tag","embeddable":true,"href":"https:\/\/www.enerjigazetesi.ist\/en\/wp-json\/wp\/v2\/tags?post=182373"}],"curies":[{"name":"wp","href":"https:\/\/api.w.org\/{rel}","templated":true}]}}