{"id":182343,"date":"2023-12-18T15:37:42","date_gmt":"2023-12-18T12:37:42","guid":{"rendered":"https:\/\/www.enerjigazetesi.ist\/?p=182343"},"modified":"2023-12-18T15:38:15","modified_gmt":"2023-12-18T12:38:15","slug":"oedas-3uncu-surdurulebilirlik-raporunu-yayimladi","status":"publish","type":"post","link":"https:\/\/www.enerjigazetesi.ist\/en\/oedas-3uncu-surdurulebilirlik-raporunu-yayimladi\/","title":{"rendered":"(Turkish) &#8217;OEDA\u015e&#8217; 3&#8217;\u00fcnc\u00fc S\u00fcrd\u00fcr\u00fclebilirlik Raporu&#8217;nu Yay\u0131mlad\u0131"},"content":{"rendered":"<p class=\"qtranxs-available-languages-message qtranxs-available-languages-message-en\">Sorry, this entry is only available in <a href=\"https:\/\/www.enerjigazetesi.ist\/tr\/wp-json\/wp\/v2\/posts\/182343\" class=\"qtranxs-available-language-link qtranxs-available-language-link-tr\" title=\"Turkish\">Turkish<\/a>. For the sake of viewer convenience, the content is shown below in the alternative language. You may click the link to switch the active language.<\/p><p><\/p>\n<h2><strong>Elektrik da\u011f\u0131t\u0131m \u015firketi OEDA\u015e<\/strong><strong>, 3. S\u00fcrd\u00fcr\u00fclebilirlik Raporunu yay\u0131mlad\u0131. Elektrik da\u011f\u0131t\u0131m sekt\u00f6r\u00fc \u00f6zelinde s\u00fcrd\u00fcr\u00fclebilirlik raporu yay\u0131mlayan ilk ve tek \u015firket olma unvan\u0131n\u0131 koruduklar\u0131n\u0131 s\u00f6yleyen OEDA\u015e Genel M\u00fcd\u00fcr\u00fc Fuat Celepci, \u201cEnerji arz\u0131nda s\u00fcreklili\u011fi sa\u011flama, toplumsal ve \u00e7evresel de\u011ferleri koruma ve yenilik\u00e7i \u00e7\u00f6z\u00fcmlerle s\u00fcrd\u00fcr\u00fclebilir ekonomik b\u00fcy\u00fcmeyi ger\u00e7ekle\u015ftirme hedeflerine y\u00f6neliyoruz.\u201d dedi. 2022 y\u0131l\u0131ndaki \u00e7al\u0131\u015fmalar\u0131 kapsayan rapora g\u00f6re 159 adet \u015febeke yat\u0131r\u0131m\u0131 projesini hayata ge\u00e7iren OEDA\u015e, sera gaz\u0131 sal\u0131m\u0131n\u0131 y\u00fczde 9,85 azaltt\u0131.<\/strong><\/h2>\n<p>Afyonkarahisar, Bilecik, Eski\u015fehir, K\u00fctahya ve U\u015fak\u2019a elektrik da\u011f\u0131t\u0131m hizmetini sa\u011flayan <strong>Osmangazi Elektrik Da\u011f\u0131t\u0131m A\u015e (OEDA\u015e)<\/strong>, 3. S\u00fcrd\u00fcr\u00fclebilirlik Raporunu yay\u0131mlad\u0131. 2022 y\u0131l\u0131ndaki ekonomik, \u00e7evresel ve sosyal performans\u0131n\u0131 payda\u015flar\u0131na ve kamuoyuna sunan OEDA\u015e bu rapor ile T\u00fcrkiye genelinde faaliyet g\u00f6steren 21 elektrik da\u011f\u0131t\u0131m \u015firketi aras\u0131nda s\u00fcrd\u00fcr\u00fclebilirlik raporu yay\u0131mlayan ilk ve tek \u015firket olma unvan\u0131n\u0131 korumaya devam etti.<\/p>\n<h3><strong>Fuat Celepci: \u201cS\u00fcrd\u00fcr\u00fclebilir ekonomik b\u00fcy\u00fcmeyi ger\u00e7ekle\u015ftirme hedeflerine y\u00f6neliyoruz\u201d<\/strong><\/h3>\n<p><img loading=\"lazy\" class=\"alignright wp-image-182346\" src=\"https:\/\/www.enerjigazetesi.ist\/wp-content\/uploads\/2023\/12\/oedas-3uncu-surdurulebilirlik-raporunu-yayimladi-1.jpg\" alt=\"\" width=\"320\" height=\"291\" srcset=\"https:\/\/www.enerjigazetesi.ist\/wp-content\/uploads\/2023\/12\/oedas-3uncu-surdurulebilirlik-raporunu-yayimladi-1.jpg 527w, https:\/\/www.enerjigazetesi.ist\/wp-content\/uploads\/2023\/12\/oedas-3uncu-surdurulebilirlik-raporunu-yayimladi-1-300x273.jpg 300w, https:\/\/www.enerjigazetesi.ist\/wp-content\/uploads\/2023\/12\/oedas-3uncu-surdurulebilirlik-raporunu-yayimladi-1-439x400.jpg 439w, https:\/\/www.enerjigazetesi.ist\/wp-content\/uploads\/2023\/12\/oedas-3uncu-surdurulebilirlik-raporunu-yayimladi-1-55x50.jpg 55w, https:\/\/www.enerjigazetesi.ist\/wp-content\/uploads\/2023\/12\/oedas-3uncu-surdurulebilirlik-raporunu-yayimladi-1-500x455.jpg 500w\" sizes=\"(max-width: 320px) 100vw, 320px\" \/>S\u00fcrd\u00fcr\u00fclebilirlik odakl\u0131 yakla\u015f\u0131mlar\u0131 hakk\u0131nda bilgi veren <strong>OEDA\u015e Genel M\u00fcd\u00fcr\u00fc Fuat Celepci, <\/strong><em>\u201cGerek ana faaliyet alan\u0131m\u0131z olan elektrik da\u011f\u0131t\u0131m hizmetlerine y\u00f6nelik \u00e7al\u0131\u015fmalar\u0131m\u0131zda gerekse \u00e7evresel, sosyal ve kurumsal faaliyetlerimizde gezegenimize kar\u015f\u0131 sorumluluklar\u0131m\u0131z\u0131 yerine getiriyor, i\u015f modellerimizi ve i\u015f s\u00fcre\u00e7lerimizi k\u00fcresel platformlarla da koordinasyon i\u00e7inde s\u00fcrd\u00fcr\u00fclebilirlik odakl\u0131 olarak geli\u015ftiriyoruz. Enerji arz\u0131nda s\u00fcreklili\u011fi sa\u011flama, toplumsal-\u00e7evresel de\u011ferleri koruma ve yenilik\u00e7i \u00e7\u00f6z\u00fcmlerle s\u00fcrd\u00fcr\u00fclebilir ekonomik b\u00fcy\u00fcmeyi ger\u00e7ekle\u015ftirme hedeflerine y\u00f6neliyoruz.\u201d<\/em> dedi.<\/p>\n<p><strong>K\u00fcreselle\u015fme<\/strong> ve <strong>dijitalle\u015fmenin<\/strong> enerji sekt\u00f6r\u00fcn\u00fcn h\u0131zla de\u011fi\u015ftirdi\u011fini ifade eden <strong>Celepci<\/strong> \u015f\u00f6yle devam etti, <em>\u201cBiz de elektrik da\u011f\u0131t\u0131m gibi \u00f6nemli bir alanda faaliyet g\u00f6steren bir \u015firket olarak de\u011fi\u015fime ayak uydurmak i\u00e7in teknolojik geli\u015fmeleri yak\u0131ndan izliyoruz. Bu kapsamda; inovatif \u00e7\u00f6z\u00fcmler geli\u015ftirmeye, uluslararas\u0131 projelere dahil olmaya, dijitalle\u015fme yat\u0131r\u0131mlar\u0131na \u00f6ncelik vermeye ve Ar-Ge \u00e7al\u0131\u015fmalar\u0131m\u0131z\u0131 yo\u011funla\u015ft\u0131rmaya devam ediyoruz.\u201d<\/em> Raporda, 2022 y\u0131l\u0131 Ar-Ge b\u00fct\u00e7esinin 14,3 milyon oldu\u011fu belirtildi.<\/p>\n<h3><strong>\u201cSera gaz\u0131 sal\u0131m\u0131m\u0131z\u0131 azaltt\u0131k, at\u0131klar\u0131 ekonomiye kazand\u0131rd\u0131k\u201d<\/strong><\/h3>\n<p>\u0130klim de\u011fi\u015fikli\u011fi ile m\u00fccadelede aktif bir rol \u00fcstlendiklerine dikkat \u00e7eken <strong>Celepci<\/strong>, <em>\u201cEnerji t\u00fcketimimizi ve <strong>karbon ayak izimizi azalt\u0131p enerji verimlili\u011fimizi art\u0131rmak<\/strong> i\u00e7in binalar\u0131m\u0131zdaki enerji t\u00fcketimini optimize ediyor, yenilenebilir enerji kaynaklar\u0131na yat\u0131r\u0131m yaparak \u00f6nemli ad\u0131mlar at\u0131yoruz. Emisyon azalt\u0131m\u0131 projelerimiz sayesinde 2022 y\u0131l\u0131nda sera gaz\u0131 sal\u0131m\u0131m\u0131z\u0131 <strong>y\u00fczde 9,85<\/strong> azaltt\u0131k. \u00c7evre, insan sa\u011fl\u0131\u011f\u0131 ve t\u00fcm kaynaklar\u0131n korunmas\u0131 hedefiyle y\u00fcr\u00fctt\u00fc\u011f\u00fcm\u00fcz<strong> s\u0131f\u0131r at\u0131k uygulamalar\u0131<\/strong>m\u0131z kapsam\u0131nda 2.952 kg k\u00e2\u011f\u0131t, 1.629 kg plastik, 706 kg cam 238 kg metal, 621 kg kar\u0131\u015f\u0131k at\u0131k ve 1.371 kg evsel at\u0131k olmak \u00fczere olmak \u00fczere toplam 7.517 kg de\u011ferlendirilebilir at\u0131\u011f\u0131 ekonomiye geri kazand\u0131rd\u0131k.\u201d<\/em> diye konu\u015ftu.<\/p>\n<h3><strong>159 adet \u015febeke yat\u0131r\u0131m\u0131 projesi yap\u0131ld\u0131<\/strong><\/h3>\n<p>3. S\u00fcrd\u00fcr\u00fclebilirlik Raporuna g\u00f6re; OEDA\u015e 2022 y\u0131l sonu itibar\u0131yla 1,9 milyon aboneye hizmet verirken, 43 bin 687 km faal da\u011f\u0131t\u0131m hatt\u0131 ile da\u011f\u0131t\u0131ma sunulan enerji miktar\u0131 7.268 GWh oldu. Tedarik arz\u0131nda iyile\u015ftirme amac\u0131yla 159 adet \u015febeke yat\u0131r\u0131m\u0131 projesi ger\u00e7ekle\u015ftirilirken 900 km yer alt\u0131, 460 km de enerji nakil hatt\u0131 tesis edildi.<\/p>\n<p>\u015eirket ayr\u0131ca 14 bin 990 modem kurulumu ve 6 bin 455 haberle\u015fmeli saya\u00e7 montaj\u0131 ger\u00e7ekle\u015ftirerek <strong>otomatik saya\u00e7 okuma sistemini<\/strong> geni\u015fletti. Da\u011f\u0131t\u0131m merkezlerinin y\u00fczde 44&#8217;\u00fcnde ve trafolar\u0131n y\u00fczde 99&#8217;unda <strong>SCADA sistemi<\/strong> kurulumu tamamland\u0131.<\/p>\n<h3><strong>Kad\u0131n istihdam\u0131nda fark\u0131ndal\u0131k yarat\u0131ld\u0131<\/strong><\/h3>\n<p>Enerji sekt\u00f6r\u00fcnde kad\u0131n istihdam\u0131n\u0131n art\u0131r\u0131lmas\u0131, farkl\u0131 i\u015f kollar\u0131na kad\u0131n \u00e7al\u0131\u015fan kat\u0131l\u0131m\u0131n\u0131n sa\u011flanmas\u0131 amac\u0131yla 2019 y\u0131l\u0131nda <strong>Toplumsal Cinsiyet E\u015fitli\u011fi Projesi<\/strong>\u2019ni ba\u015flatan OEDA\u015e, raporun kapsad\u0131\u011f\u0131 2022 y\u0131l\u0131nda da bu alandaki \u00e7al\u0131\u015fmalar\u0131na aral\u0131ks\u0131z devam etti. OEDA\u015e bunun neticesinde beyaz yaka kadrosunda kad\u0131n \u00e7al\u0131\u015fan oran\u0131n\u0131 <strong>y\u00fczde 33\u2019e<\/strong> y\u00fckseltti.<\/p>\n<p>Raporda ayr\u0131ca OEDA\u015e\u2019\u0131n sokak hayvanlar\u0131n\u0131n beslenme, bar\u0131nma ve tedavi ihtiya\u00e7lar\u0131n\u0131n kar\u015f\u0131lanmas\u0131 i\u00e7in y\u00fcr\u00fct\u00fclen <strong>\u201cCan Dostlar\u201d<\/strong>, T\u00fcrkiye Omurilik Fel\u00e7lileri Derne\u011fi i\u015f birli\u011fi s\u00fcrd\u00fcr\u00fclen<strong> \u201cPlastik Kapaklar Sandalyelere D\u00f6n\u00fc\u015f\u00fcyor\u201d<\/strong> sosyal sorumluluk projeleri hakk\u0131nda da bilgi verildi.<\/p>\n<p><strong>OEDA\u015e\u2019\u0131n 3. S\u00fcrd\u00fcr\u00fclebilirlik Raporunun tamam\u0131na <\/strong><a href=\"https:\/\/www.osmangaziedas.com.tr\/CMSFiles\/file\/surdurulebilirlik2022.pdf\" target=\"_blank\" rel=\"noopener\">https:\/\/www.osmangaziedas.com.tr\/CMSFiles\/file\/surdurulebilirlik2022.pdf<\/a>\u00a0linkinden ula\u015fabilirsiniz.<\/p>","protected":false},"excerpt":{"rendered":"<p>Sorry, this entry is only available in Turkish. For the sake of viewer convenience, the content is shown below in the alternative language. You may click the link to switch the active language. Elektrik da\u011f\u0131t\u0131m \u015firketi OEDA\u015e, 3. S\u00fcrd\u00fcr\u00fclebilirlik Raporunu yay\u0131mlad\u0131. Elektrik da\u011f\u0131t\u0131m sekt\u00f6r\u00fc \u00f6zelinde s\u00fcrd\u00fcr\u00fclebilirlik raporu yay\u0131mlayan ilk ve tek \u015firket olma unvan\u0131n\u0131 koruduklar\u0131n\u0131 [&hellip;]<\/p>\n","protected":false},"author":1,"featured_media":182345,"comment_status":"open","ping_status":"open","sticky":false,"template":"","format":"standard","meta":[],"categories":[51,53,52],"tags":[111687,15016,104453,9749,7471,111686,62655,87715,872],"views":30,"_links":{"self":[{"href":"https:\/\/www.enerjigazetesi.ist\/en\/wp-json\/wp\/v2\/posts\/182343"}],"collection":[{"href":"https:\/\/www.enerjigazetesi.ist\/en\/wp-json\/wp\/v2\/posts"}],"about":[{"href":"https:\/\/www.enerjigazetesi.ist\/en\/wp-json\/wp\/v2\/types\/post"}],"author":[{"embeddable":true,"href":"https:\/\/www.enerjigazetesi.ist\/en\/wp-json\/wp\/v2\/users\/1"}],"replies":[{"embeddable":true,"href":"https:\/\/www.enerjigazetesi.ist\/en\/wp-json\/wp\/v2\/comments?post=182343"}],"version-history":[{"count":0,"href":"https:\/\/www.enerjigazetesi.ist\/en\/wp-json\/wp\/v2\/posts\/182343\/revisions"}],"wp:featuredmedia":[{"embeddable":true,"href":"https:\/\/www.enerjigazetesi.ist\/en\/wp-json\/wp\/v2\/media\/182345"}],"wp:attachment":[{"href":"https:\/\/www.enerjigazetesi.ist\/en\/wp-json\/wp\/v2\/media?parent=182343"}],"wp:term":[{"taxonomy":"category","embeddable":true,"href":"https:\/\/www.enerjigazetesi.ist\/en\/wp-json\/wp\/v2\/categories?post=182343"},{"taxonomy":"post_tag","embeddable":true,"href":"https:\/\/www.enerjigazetesi.ist\/en\/wp-json\/wp\/v2\/tags?post=182343"}],"curies":[{"name":"wp","href":"https:\/\/api.w.org\/{rel}","templated":true}]}}