{"id":18227,"date":"2013-11-26T18:50:03","date_gmt":"2013-11-26T15:50:03","guid":{"rendered":"https:\/\/www.enerjigazetesi.ist\/?p=18227"},"modified":"2013-11-26T18:50:13","modified_gmt":"2013-11-26T15:50:13","slug":"turkiyeden-3-ve-4-nukleer-santrallerin-ihalelerini-ortak-uretim-sarti","status":"publish","type":"post","link":"https:\/\/www.enerjigazetesi.ist\/en\/turkiyeden-3-ve-4-nukleer-santrallerin-ihalelerini-ortak-uretim-sarti\/","title":{"rendered":"(Turkish) T\u00fcrkiye&#8217;den 3.ve 4.N\u00fckleer Santrallerin \u0130halelerini Ortak \u00dcretim \u015eart\u0131&#8230;"},"content":{"rendered":"<p class=\"qtranxs-available-languages-message qtranxs-available-languages-message-en\">Sorry, this entry is only available in <a href=\"https:\/\/www.enerjigazetesi.ist\/tr\/wp-json\/wp\/v2\/posts\/18227\" class=\"qtranxs-available-language-link qtranxs-available-language-link-tr\" title=\"Turkish\">Turkish<\/a>. For the sake of viewer convenience, the content is shown below in the alternative language. You may click the link to switch the active language.<\/p><p><strong>Akkuyu ve Sinop\u2019ta kurulacak T\u00fcrkiye\u2019nin ilk n\u00fckleer santrallar\u0131n\u0131n in\u015fa s\u00fcreci i\u00e7in geri say\u0131m s\u00fcrerken Ba\u015fbakan Erdo\u011fan\u2019\u0131n Rusya d\u00f6n\u00fc\u015f\u00fc i\u015faretini verdi\u011fi \u00fc\u00e7\u00fcnc\u00fc ve d\u00f6rd\u00fcnc\u00fc n\u00fckleer santrallar\u0131n i\u00e7in de \u00f6n et\u00fct \u00e7al\u0131\u015fmalar\u0131 ba\u015flat\u0131ld\u0131.<\/strong><\/p>\n<p>\u0130hale s\u00fcreci tamamlanarak 2023 y\u0131l\u0131na kadar in\u015fa s\u00fcrecine ge\u00e7ilmesi hedeflenen \u00fc\u00e7\u00fcnc\u00fc n\u00fckleer santral projesi ile 2030\u2032a kadar in\u015faa s\u00fcrecinin ba\u015flat\u0131lmas\u0131 planlanan d\u00f6rd\u00fcnc\u00fc n\u00fckleer santral projesinde, \u00c7in\u2019le \u00f6n mutabakata var\u0131lan \u201cUzun Menzilli Hava Savunma Sistemi\u201d ihalesinde oldu\u011fu gibi ortak \u00fcretim \u015fart\u0131 aranacak. Yeni n\u00fckleer santrallar\u0131n, planlama, in\u015fa ve enerji \u00fcretimi gibi t\u00fcm a\u015famalar\u0131nda, T\u00fcrk m\u00fchendisleri \u00e7al\u0131\u015facaklar. Projelerin, planlamadan \u00fcretime kadar her a\u015famas\u0131, ihaleyi \u00fcstlenecek y\u00fcklenici firman\u0131n yan\u0131 s\u0131ra, T\u00fcrkiye Atom Enerjisi Kurumu (TAEK) ve T\u00dcB\u0130TAK\u2019la birlikte y\u00fcr\u00fctecek.<a href=\"https:\/\/www.enerjigazetesi.ist\/wp-content\/uploads\/2013\/11\/turkiye-3-ve-4-nukleer-santrallerin-ihalelerini-ortak-uretim-sarti-koyarak-yapacak.jpg\"><img loading=\"lazy\" class=\"alignright size-medium wp-image-18228\" title=\"turkiye-3-ve-4-nukleer-santrallerin-ihalelerini-ortak-uretim-sarti-koyarak-yapacak\" src=\"https:\/\/www.enerjigazetesi.ist\/wp-content\/uploads\/2013\/11\/turkiye-3-ve-4-nukleer-santrallerin-ihalelerini-ortak-uretim-sarti-koyarak-yapacak-300x224.jpg\" alt=\"\" width=\"300\" height=\"224\" srcset=\"https:\/\/www.enerjigazetesi.ist\/wp-content\/uploads\/2013\/11\/turkiye-3-ve-4-nukleer-santrallerin-ihalelerini-ortak-uretim-sarti-koyarak-yapacak-300x224.jpg 300w, https:\/\/www.enerjigazetesi.ist\/wp-content\/uploads\/2013\/11\/turkiye-3-ve-4-nukleer-santrallerin-ihalelerini-ortak-uretim-sarti-koyarak-yapacak-500x374.jpg 500w, https:\/\/www.enerjigazetesi.ist\/wp-content\/uploads\/2013\/11\/turkiye-3-ve-4-nukleer-santrallerin-ihalelerini-ortak-uretim-sarti-koyarak-yapacak-66x50.jpg 66w, https:\/\/www.enerjigazetesi.ist\/wp-content\/uploads\/2013\/11\/turkiye-3-ve-4-nukleer-santrallerin-ihalelerini-ortak-uretim-sarti-koyarak-yapacak.jpg 505w\" sizes=\"(max-width: 300px) 100vw, 300px\" \/><\/a><\/p>\n<h2>\u00dcniversite de kurulacak<\/h2>\n<p>Sinop\u2019ta sismik ara\u015ft\u0131rma \u00e7al\u0131\u015fmalar\u0131 devam eden n\u00fckleer santral ihalesini Fransa ile ortakla\u015fa \u00fcstlenen Japonya, ihale \u015fartnamesinde yer alan \u201cT\u00fcrkiye \u2013 Japonya i\u015fbirli\u011fiyle N\u00fckleer Teknoloji \u00dcniversitesi kurulmas\u0131\u201d kriterini iki y\u0131l i\u00e7inde yerine getirecek. Akkuyu n\u00fckleer santral ihalesini \u00fcstlenen Rus \u015firketi NGS\u2019nin, Moskova Ulusal N\u00fckleer Ara\u015ft\u0131rmalar \u00dcniversitesi\u2019nde burslu e\u011fitim imkan\u0131 tan\u0131d\u0131\u011f\u0131 600\u2032\u00fcn \u00fczerinde T\u00fcrk \u00f6\u011frenci de yakla\u015f\u0131k 9 y\u0131ll\u0131k e\u011fitimin ard\u0131ndan \u201cn\u00fckleer m\u00fchendis\u201d diplomas\u0131 alarak T\u00fcrkiye\u2019ye d\u00f6necekler. \u00d6\u011frenciler, 2020 y\u0131l\u0131nda enerji \u00fcretimine ge\u00e7mesi planlanan Akkuyu santral\u0131 ile 2023 y\u0131l\u0131na kadar in\u015faa s\u00fcrecine ge\u00e7ilmesi hedeflenen \u00fc\u00e7\u00fcnc\u00fc n\u00fckleer santral projesinde T\u00fcrkiye ad\u0131na g\u00f6rev alacaklar.<\/p>\n<h2>Ya \u0130\u011fneada ya Ak\u00e7akoca<\/h2>\n<p>\u00dc\u00e7\u00fcnc\u00fc n\u00fckleer santral projesinin \u00f6n haz\u0131rl\u0131klar\u0131n\u0131 y\u00fcr\u00fcten Enerji Bakanl\u0131\u011f\u0131, projeye ili\u015fkin \u201cet\u00fct\u201d \u00e7al\u0131\u015fmas\u0131n\u0131 da ba\u015flatt\u0131. Sinop\u2019taki n\u00fckleer santral ihalesini \u00fcstlenen Japonya\u2019n\u0131n, Enerji Bakanl\u0131\u011f\u0131\u2019n\u0131n talimat\u0131 \u00fczerine \u00fc\u00e7\u00fcnc\u00fc santral i\u00e7in \u201cyer tespiti\u201d \u00e7al\u0131\u015fmas\u0131n\u0131 s\u00fcrd\u00fcrd\u00fc\u011f\u00fc belirtildi. Yer et\u00fcd\u00fc \u00e7al\u0131\u015fmalar\u0131n\u0131n a\u011f\u0131rl\u0131kl\u0131 olarak Bat\u0131 b\u00f6lgelerinde yo\u011funla\u015ft\u0131\u011f\u0131 ifade ediliyor. Daha \u00f6nce de ad\u0131 g\u00fcndeme gelen K\u0131rklareli-\u0130\u011fneada b\u00f6lgesi ile D\u00fczce-Ak\u00e7akoca b\u00f6lgelerinin \u00f6ne \u00e7\u0131kan alternatifler aras\u0131nda dile getiriliyor. Ankara-Nall\u0131han, Bey\u015fehir-Seydi\u015fehir b\u00f6lgelerinin de se\u00e7enekler aras\u0131nda oldu\u011fu vurgulan\u0131yor.<\/p>\n<p>Kaynak: <a href=\"http:\/\/enerjienstitusu.com\/2013\/11\/26\/turkiye-3-ve-4-nukleer-santrallerin-ihalelerini-ortak-uretim-sarti-koyarak-yapacak\/\" target=\"_blank\">Enerji Enstit\u00fcs\u00fc<\/a><\/p>","protected":false},"excerpt":{"rendered":"<p>Sorry, this entry is only available in Turkish. For the sake of viewer convenience, the content is shown below in the alternative language. You may click the link to switch the active language.Akkuyu ve Sinop\u2019ta kurulacak T\u00fcrkiye\u2019nin ilk n\u00fckleer santrallar\u0131n\u0131n in\u015fa s\u00fcreci i\u00e7in geri say\u0131m s\u00fcrerken Ba\u015fbakan Erdo\u011fan\u2019\u0131n Rusya d\u00f6n\u00fc\u015f\u00fc i\u015faretini verdi\u011fi \u00fc\u00e7\u00fcnc\u00fc ve d\u00f6rd\u00fcnc\u00fc [&hellip;]<\/p>\n","protected":false},"author":1,"featured_media":18228,"comment_status":"open","ping_status":"open","sticky":false,"template":"","format":"standard","meta":[],"categories":[53,43],"tags":[10680,63,67,1009,165,10679,71,21,8006,10678,2644,1971,846,4948,10677,10681],"views":634,"_links":{"self":[{"href":"https:\/\/www.enerjigazetesi.ist\/en\/wp-json\/wp\/v2\/posts\/18227"}],"collection":[{"href":"https:\/\/www.enerjigazetesi.ist\/en\/wp-json\/wp\/v2\/posts"}],"about":[{"href":"https:\/\/www.enerjigazetesi.ist\/en\/wp-json\/wp\/v2\/types\/post"}],"author":[{"embeddable":true,"href":"https:\/\/www.enerjigazetesi.ist\/en\/wp-json\/wp\/v2\/users\/1"}],"replies":[{"embeddable":true,"href":"https:\/\/www.enerjigazetesi.ist\/en\/wp-json\/wp\/v2\/comments?post=18227"}],"version-history":[{"count":2,"href":"https:\/\/www.enerjigazetesi.ist\/en\/wp-json\/wp\/v2\/posts\/18227\/revisions"}],"predecessor-version":[{"id":18230,"href":"https:\/\/www.enerjigazetesi.ist\/en\/wp-json\/wp\/v2\/posts\/18227\/revisions\/18230"}],"wp:featuredmedia":[{"embeddable":true,"href":"https:\/\/www.enerjigazetesi.ist\/en\/wp-json\/wp\/v2\/media\/18228"}],"wp:attachment":[{"href":"https:\/\/www.enerjigazetesi.ist\/en\/wp-json\/wp\/v2\/media?parent=18227"}],"wp:term":[{"taxonomy":"category","embeddable":true,"href":"https:\/\/www.enerjigazetesi.ist\/en\/wp-json\/wp\/v2\/categories?post=18227"},{"taxonomy":"post_tag","embeddable":true,"href":"https:\/\/www.enerjigazetesi.ist\/en\/wp-json\/wp\/v2\/tags?post=18227"}],"curies":[{"name":"wp","href":"https:\/\/api.w.org\/{rel}","templated":true}]}}